{"id":25878,"date":"2025-05-05T04:15:08","date_gmt":"2025-05-05T08:15:08","guid":{"rendered":"https:\/\/noticiasveraces.com\/?p=25878"},"modified":"2025-05-05T04:15:08","modified_gmt":"2025-05-05T08:15:08","slug":"israel-esta-bien-plan-de-intensificar-la-operacion-militar-en-gaza","status":"publish","type":"post","link":"https:\/\/noticiasveraces.com\/?p=25878","title":{"rendered":"Israel est\u00e1 bien, plan de intensificar la operaci\u00f3n militar en Gaza"},"content":{"rendered":"<p> \n<\/p>\n<div>\n<p class=\"body-graf\">El gabinete de seguridad de Israel aprob\u00f3 el lunes los planes para expandir su ofensiva militar en la Franja de Gaza, seg\u00fan la emisora \u200b\u200bp\u00fablica Kan, y ha comenzado a llamar a decenas de miles de sus soldados de reserva.<\/p>\n<p class=\"body-graf\">El domingo, mientras tanto, los rebeldes hut\u00edes de Yemen lanzaron un ataque de misiles en el principal aeropuerto internacional de Israel, Ben Gurion, horas antes de que el primer ministro israel\u00ed Benjamin Netanyahu convocara una reuni\u00f3n del gabinete de seguridad para discutir \u00abla siguiente etapa\u00bb de la guerra en Gaza, seg\u00fan un mensaje de video que public\u00f3 el domingo X.<\/p>\n<p class=\"body-graf\">El ej\u00e9rcito israel\u00ed dijo que movilizar\u00e1 a sus reservistas para \u00abintensificar y expandir\u00bb su lucha contra Hamas en un intento de aumentar la presi\u00f3n sobre el grupo militante para que devuelvan los rehenes restantes celebrados desde los ataques terroristas liderados por Hamas del 7 de octubre de 2023. <\/p>\n<p class=\"body-graf\">\u00abEstamos aumentando la presi\u00f3n con el objetivo de devolver a nuestros hombres y derrotar a Hamas\u00bb, dijo el teniente general del ej\u00e9rcito israel\u00ed, General, Eyal Zamir, en un comunicado el domingo, y agreg\u00f3 que las tropas \u00aboperar\u00edan en \u00e1reas adicionales y destruir\u00edan toda infraestructura por encima y por debajo del suelo\u00bb.<\/p>\n<figure class=\"styles_inlineImage__FvnTh styles_medium__MEKii\"><picture class=\"styles_image__i32F7\" data-testid=\"picture\"><source media=\"(min-width: 1000px)\" srcset=\"https:\/\/media-cldnry.s-nbcnews.com\/image\/upload\/t_fit-560w,f_avif,q_auto:eco,dpr_2\/rockcms\/2025-05\/250505-gaza-mb-0829-ee88b7.jpg 2x, https:\/\/media-cldnry.s-nbcnews.com\/image\/upload\/t_fit-560w,f_auto,q_auto:best\/rockcms\/2025-05\/250505-gaza-mb-0829-ee88b7.jpg 1x\"\/><source media=\"(min-width: 320px)\" srcset=\"https:\/\/media-cldnry.s-nbcnews.com\/image\/upload\/t_fit-760w,f_avif,q_auto:eco,dpr_2\/rockcms\/2025-05\/250505-gaza-mb-0829-ee88b7.jpg 2x, https:\/\/media-cldnry.s-nbcnews.com\/image\/upload\/t_fit-760w,f_auto,q_auto:best\/rockcms\/2025-05\/250505-gaza-mb-0829-ee88b7.jpg 1x\"\/><img loading=\"lazy\" decoding=\"async\" src=\"https:\/\/media-cldnry.s-nbcnews.com\/image\/upload\/t_fit-760w,f_auto,q_auto:best\/rockcms\/2025-05\/250505-gaza-mb-0829-ee88b7.jpg\" alt=\"Luchas de desplazados: vida en los refugios improvisados \u200b\u200bde Gaza\" height=\"1667\" width=\"2500\"\/><\/picture><figcaption class=\"caption styles_caption__TCewG\" data-testid=\"caption\"><span class=\"caption__container\" data-testid=\"caption__container\">Los residentes desplazados se refugiaron en una escuela en la ciudad de Gaza el domingo. <\/span><span class=\"caption__source\" data-testid=\"caption__source\">Mahmoud Abu Hamd \/ Anadolu a trav\u00e9s de Getty Images<\/span><\/figcaption><\/figure>\n<p class=\"body-graf\">El enclave asediado est\u00e1 bajo su m\u00e1s largo bloqueo de ayuda humanitaria desde que comenz\u00f3 la guerra, ya que la prohibici\u00f3n total de Israel de la entrada de todos los bienes, incluidos alimentos, combustible y suministros m\u00e9dicos, ingresa a su tercer mes. <\/p>\n<p class=\"body-graf\">M\u00e1s<strong> <\/strong>De 51,000 personas han sido asesinadas en Gaza desde que Israel lanz\u00f3 su ofensiva, incluidas miles de mujeres y ni\u00f1os, seg\u00fan el Ministerio de Salud Palestino.<\/p>\n<p class=\"endmark body-graf\">Unas 1.200 personas fueron asesinadas durante los ataques del grupo militante en el sur de Israel, con alrededor de 250 rehenes, seg\u00fan los recuentos israel\u00edes, que marcan una escalada importante en un conflicto de d\u00e9cadas.<\/p>\n<\/div>\n\n","protected":false},"excerpt":{"rendered":"<p>El gabinete de seguridad de Israel aprob\u00f3 el lunes los planes para expandir su ofensiva militar en la Franja de Gaza, seg\u00fan la emisora \u200b\u200bp\u00fablica Kan, y ha comenzado a llamar a decenas de miles de sus soldados de reserva. El domingo, mientras tanto, los rebeldes hut\u00edes de Yemen lanzaron un ataque de misiles en &hellip;<\/p>\n","protected":false},"author":1,"featured_media":25880,"comment_status":"open","ping_status":"open","sticky":false,"template":"","format":"standard","meta":{"fifu_image_url":"https:\/\/media-cldnry.s-nbcnews.com\/image\/upload\/t_nbcnews-fp-1200-630,f_auto,q_auto:best\/rockcms\/2025-05\/250505-gaza-mb-0829-ee88b7.jpg","fifu_image_alt":"","footnotes":""},"categories":[4],"tags":[],"class_list":["post-25878","post","type-post","status-publish","format-standard","has-post-thumbnail","","category-historias-destacadas"],"_links":{"self":[{"href":"https:\/\/noticiasveraces.com\/index.php?rest_route=\/wp\/v2\/posts\/25878","targetHints":{"allow":["GET"]}}],"collection":[{"href":"https:\/\/noticiasveraces.com\/index.php?rest_route=\/wp\/v2\/posts"}],"about":[{"href":"https:\/\/noticiasveraces.com\/index.php?rest_route=\/wp\/v2\/types\/post"}],"author":[{"embeddable":true,"href":"https:\/\/noticiasveraces.com\/index.php?rest_route=\/wp\/v2\/users\/1"}],"replies":[{"embeddable":true,"href":"https:\/\/noticiasveraces.com\/index.php?rest_route=%2Fwp%2Fv2%2Fcomments&post=25878"}],"version-history":[{"count":0,"href":"https:\/\/noticiasveraces.com\/index.php?rest_route=\/wp\/v2\/posts\/25878\/revisions"}],"wp:featuredmedia":[{"embeddable":true,"href":"https:\/\/noticiasveraces.com\/index.php?rest_route=\/wp\/v2\/media\/25880"}],"wp:attachment":[{"href":"https:\/\/noticiasveraces.com\/index.php?rest_route=%2Fwp%2Fv2%2Fmedia&parent=25878"}],"wp:term":[{"taxonomy":"category","embeddable":true,"href":"https:\/\/noticiasveraces.com\/index.php?rest_route=%2Fwp%2Fv2%2Fcategories&post=25878"},{"taxonomy":"post_tag","embeddable":true,"href":"https:\/\/noticiasveraces.com\/index.php?rest_route=%2Fwp%2Fv2%2Ftags&post=25878"}],"curies":[{"name":"wp","href":"https:\/\/api.w.org\/{rel}","templated":true}]}}