{"id":25871,"date":"2025-05-05T02:30:04","date_gmt":"2025-05-05T06:30:04","guid":{"rendered":"https:\/\/noticiasveraces.com\/?p=25871"},"modified":"2025-05-05T02:30:04","modified_gmt":"2025-05-05T06:30:04","slug":"radiografia-de-la-inversion-anual-de-las-autonomias-en-sus-universitarios-de-los-5-467-euros-en-madrid-a-los-10-930-en-navarra-educacion","status":"publish","type":"post","link":"https:\/\/noticiasveraces.com\/?p=25871","title":{"rendered":"Radiograf\u00eda de la inversi\u00f3n anual de las autonom\u00edas en sus universitarios: de los 5.467 euros en Madrid a los 10.930 en Navarra | Educaci\u00f3n"},"content":{"rendered":"<p> \n<\/p>\n<div data-dtm-region=\"articulo_cuerpo\">\n<p class=\"\">Madrid, la regi\u00f3n m\u00e1s rica de Espa\u00f1a, se esfuerza en repetir que financia como nadie de bien a sus universidades y, sin embargo, un an\u00e1lisis de este diario de las transferencias corrientes para los campus p\u00fablicos espa\u00f1oles en 2025 demuestra lo contrario: vuelve a estar a la cola, con una inversi\u00f3n por alumno de 5.467 euros. Esta cifra es el resultado de la divisi\u00f3n de esta partida \u2015que se emplea en pagar las n\u00f3minas y los gastos de cada d\u00eda\u2015 entre el n\u00famero de estudiantes de grado y m\u00e1ster el curso pasado (\u00faltimos datos). Y eso que el Gobierno de Isabel D\u00edaz Ayuso (PP) pretendi\u00f3 subir la cuant\u00eda en 2025 un 0,9% y, al final, ha sido del 4,2% (43,7 millones), por las enormes presiones de los rectores.<\/p>\n<p class=\"\">A la cabeza en inversi\u00f3n por alumno se posiciona Navarra con un gasto de 10.930 euros. Pero la comunidad foral arrastra tambi\u00e9n las tasas acad\u00e9micas m\u00e1s altas de Espa\u00f1a (1.062 euros de media cada curso en primera matr\u00edcula), seguida de Madrid (978). En ambas regiones muy pocos alumnos reciben beca del Estado \u2015el 17,7% de los navarros y el 16,3% de los madrile\u00f1os\u2015, cuando la media espa\u00f1ola es del 24% y en Andaluc\u00eda y Castilla-La Mancha alcanza el 40%. <\/p>\n<div class=\"raw_html\">\n<div><link rel=\"stylesheet\" href=\"https:\/\/ep00.epimg.net\/infografias\/css\/infografia\/2.1\/graficos.css\"\/>\n<div class=\"width\">\n<div style=\"min-height:574px\" id=\"datawrapper-vis-jJqxv\"><img decoding=\"async\" src=\"https:\/\/datawrapper.dwcdn.net\/jJqxv\/full.png\" alt=\"\"\/><\/div>\n<\/div>\n<\/div>\n<\/div>\n<p class=\"\">Un alumno de La Rioja (7.142 euros), Asturias (10.274) o Cantabria (7.770), siempre va a resultar m\u00e1s costoso \u2015si se quiere dar una buena docencia\u2015 que uno de una gran ciudad como Madrid o Barcelona, porque en las carreras sin experimentalidad (sin laboratorios, pr\u00e1cticas o salidas al campo), casi cuesta lo mismo un grupo de 25 alumnos que de 40, que se llena en zonas muy pobladas. Eso explica que el Pa\u00eds Vasco, generoso en sueldos e inversiones, pero con muchos estudiantes, no encabece la lista (7.161 euros). <\/p>\n<p class=\"\">Catalu\u00f1a (7.137 euros en 2024), r\u00e1cana durante una larga temporada, ha ido aumentando el presupuesto, pero este 2025 est\u00e1 prorrogado y no se sabe cu\u00e1l ser\u00e1 la cuant\u00eda total. Aunque el compromiso del <i>presidente <\/i>socialista Salvador Illa es llegar en 2030 al 1% del PIB, lo que supondr\u00eda casi duplicar la inversi\u00f3n. Gobernar en minor\u00eda no facilita las cosas.<\/p>\n<p class=\"\">Las comunidades del sur tienen una renta per c\u00e1pita menor a la media espa\u00f1ola y una herencia de generaciones que no pudieron estudiar que no se repite en el norte de Espa\u00f1a. Sin embargo, s\u00ed que ponen empe\u00f1o en invertir en educaci\u00f3n superior. Andaluc\u00eda (8.263 euros) ha abierto las puertas de par en par a las universidades privadas \u2015el Parlamento con mayor\u00eda absoluta del PP ha aprobado cuatro en 10 meses\u2015, pero no se ha descuidado a las p\u00fablicas. Aunque se suceden los tira y afloja con la asociaci\u00f3n de las p\u00fablicas, que se quejan de demoras en pagos. Desde 2017, los universitarios de la comunidad que no tienen beca, si aprueban, no pagan las asignaturas del a\u00f1o siguiente.<\/p>\n<p class=\"\">Castilla-La Mancha tambi\u00e9n da un gran impulso a su universidad (9.353 euros). El curso que viene los alumnos de primero sin beca no pagar\u00e1n matr\u00edcula. Mientras que en Extremadura, su rector, Pedro Fern\u00e1ndez Salguero, reclama al Gobierno de Mar\u00eda Guardiola (PP) un esfuerzo econ\u00f3mico mayor. Reconoci\u00f3 en este diario que la partida es mayor (7.505) que con los socialistas, pero la sigue considerando \u201cinsuficiente\u201d. Y, sobre todo, echa en falta que se cumplan los planes plurianuales, pues todos los septiembres \u2015con el comienzo del curso\u2015 se viven momentos de incertidumbre, aunque el dinero termina llegando. All\u00ed tambi\u00e9n hay desde 2019 bonificaci\u00f3n de matr\u00edcula para quien vaya aprobando. En Extremadura, se quieren asentar cuatro universidades privadas.<\/p>\n<p class=\"\">Baleares invierte 8.324 euros, aunque el peso del gasto en universidades en el total del Producto Interior Bruto (PIB) es muy bajo. Las islas tienen un sistema universitario peque\u00f1o en proporci\u00f3n a su poblaci\u00f3n. Hay tradici\u00f3n de estudiar fuera y abunda el trabajo bien remunerado que no exige formaci\u00f3n en un archipi\u00e9lago que vive del turismo, lo que reduce el atractivo de la Academia. En un reciente reportaje en este diario, el rector de la Universidad de las Islas Baleares, Jaume Carot, se felicitaba de que el nuevo Gobierno de PP y Vox hab\u00eda respetado el sustancioso acuerdo al que el centro acad\u00e9mico hab\u00eda llegado con el ejecutivo anterior, en manos de la izquierda.<\/p>\n<p class=\"\">Canarias, con la renta per c\u00e1pita m\u00e1s baja de Espa\u00f1a, hace un gran esfuerzo (6.518 euros) que para la Universidad de la Laguna resulta insuficiente. Calculan que necesitan 13 millones m\u00e1s para cubrir gastos este a\u00f1o.<\/p>\n<p class=\"\">En la Universidad de Oviedo, al contrario, no se quejan de la transferencia de fondos. Adem\u00e1s, el curso que viene la matr\u00edcula de primero de carrera ser\u00e1 gratis y la idea es extender la bonificaci\u00f3n al resto de la carrera. La preocupaci\u00f3n del rector, Ignacio Villaverde, estriba ahora en la intenci\u00f3n de tres universidades privadas de instalarse en Asturias.<\/p>\n<p class=\"\">Otra regi\u00f3n que se despuebla es Galicia y tambi\u00e9n mima sus tres universidades p\u00fablicas, que van a recibir este curso 9.655 euros, una inversi\u00f3n r\u00e9cord. <\/p>\n<p class=\"\">Otro h\u00e1ndicap de Madrid \u2015que se quiere solventar en la ley de ense\u00f1anza superior\u2015 es que no existen acuerdos plurianuales, de forma que los rectores no saben de cu\u00e1nto dinero van a poder disponer los siguientes cursos. En Murcia, lo arreglaron el a\u00f1o pasado con un acuerdo a cinco a\u00f1os. Sus universidades reciben 5.843 euros por alumno.<\/p>\n<p class=\"\">Arag\u00f3n, que entregar\u00e1 7.987 euros por universitario, tambi\u00e9n cuenta con un plan a cinco a\u00f1os (2022-2026). Como Castilla y Le\u00f3n (5.670), destina muchos recursos a dotar sus campus en la Espa\u00f1a vac\u00eda, aunque el retorno econ\u00f3mico y social les compensa. Su esfuerzo es mayor que en la Comunidad Valenciana (7.062 euros), que cuenta con una partida aparte de 30 millones de euros para becar a alumnos desfavorecidos, cinco veces m\u00e1s que Madrid, que hasta el curso pasado invert\u00eda tres millones. <\/p>\n<p class=\"\">Pese a que algunas regiones financian mejor, la inversi\u00f3n media en universidad supone el 0,7% del PIB, y el objetivo de la LOSU (Ley Org\u00e1nica del Sistema Universitario) es llegar al 1% en 2030. Aun as\u00ed, faltar\u00eda un trecho para llegar al 1,2% de la media europea. Con estos mimbres es imposible optar a encabezar las clasificaciones internacionales, por mucho que sea motivo de esc\u00e1ndalo p\u00fablico cada agosto, cuando sale el m\u00e1s prestigioso, el de Shangh\u00e1i y la Universidad de Barcelona, la primera espa\u00f1ola, se posiciona las 200 mejores, no antes.<\/p>\n<\/div>\n\n","protected":false},"excerpt":{"rendered":"<p>Madrid, la regi\u00f3n m\u00e1s rica de Espa\u00f1a, se esfuerza en repetir que financia como nadie de bien a sus universidades y, sin embargo, un an\u00e1lisis de este diario de las transferencias corrientes para los campus p\u00fablicos espa\u00f1oles en 2025 demuestra lo contrario: vuelve a estar a la cola, con una inversi\u00f3n por alumno de 5.467 &hellip;<\/p>\n","protected":false},"author":1,"featured_media":25873,"comment_status":"open","ping_status":"open","sticky":false,"template":"","format":"standard","meta":{"fifu_image_url":"https:\/\/imagenes.elpais.com\/resizer\/v2\/H43MJJKIDVFHLP7X2U2WL4HKCY.jpg?auth=9e0e6ee0ffcbdeebdad0f2960e136f633af4241037c4a8a480bde01a13cba052&width=1200","fifu_image_alt":"","footnotes":""},"categories":[11],"tags":[],"class_list":["post-25871","post","type-post","status-publish","format-standard","has-post-thumbnail","","category-viaje"],"_links":{"self":[{"href":"https:\/\/noticiasveraces.com\/index.php?rest_route=\/wp\/v2\/posts\/25871","targetHints":{"allow":["GET"]}}],"collection":[{"href":"https:\/\/noticiasveraces.com\/index.php?rest_route=\/wp\/v2\/posts"}],"about":[{"href":"https:\/\/noticiasveraces.com\/index.php?rest_route=\/wp\/v2\/types\/post"}],"author":[{"embeddable":true,"href":"https:\/\/noticiasveraces.com\/index.php?rest_route=\/wp\/v2\/users\/1"}],"replies":[{"embeddable":true,"href":"https:\/\/noticiasveraces.com\/index.php?rest_route=%2Fwp%2Fv2%2Fcomments&post=25871"}],"version-history":[{"count":0,"href":"https:\/\/noticiasveraces.com\/index.php?rest_route=\/wp\/v2\/posts\/25871\/revisions"}],"wp:featuredmedia":[{"embeddable":true,"href":"https:\/\/noticiasveraces.com\/index.php?rest_route=\/wp\/v2\/media\/25873"}],"wp:attachment":[{"href":"https:\/\/noticiasveraces.com\/index.php?rest_route=%2Fwp%2Fv2%2Fmedia&parent=25871"}],"wp:term":[{"taxonomy":"category","embeddable":true,"href":"https:\/\/noticiasveraces.com\/index.php?rest_route=%2Fwp%2Fv2%2Fcategories&post=25871"},{"taxonomy":"post_tag","embeddable":true,"href":"https:\/\/noticiasveraces.com\/index.php?rest_route=%2Fwp%2Fv2%2Ftags&post=25871"}],"curies":[{"name":"wp","href":"https:\/\/api.w.org\/{rel}","templated":true}]}}