{"id":25864,"date":"2025-05-05T00:26:21","date_gmt":"2025-05-05T04:26:21","guid":{"rendered":"https:\/\/noticiasveraces.com\/?p=25864"},"modified":"2025-05-05T00:26:21","modified_gmt":"2025-05-05T04:26:21","slug":"el-vaticano-cierra-9-dias-de-duelo-y-se-alista-para-conclave-dw-05-05-2025","status":"publish","type":"post","link":"https:\/\/noticiasveraces.com\/?p=25864","title":{"rendered":"El Vaticano cierra 9 d\u00edas de duelo y se alista para c\u00f3nclave \u2013 DW \u2013 05\/05\/2025"},"content":{"rendered":"<p> \n<\/p>\n<div>\n<p>El Vaticano cerr\u00f3 este domingo (04.05.2025) los nueve d\u00edas de duelo decretados por la muerte del papa Francisco con una misa en honor a la \u00abintensa vida pastoral\u00bb del pont\u00edfice argentino.<\/p>\n<p>Los Novendiales -como son llamados- forman parte del protocolo tras la muerte del papa.<\/p>\n<p>Francisco falleci\u00f3 a los 88 a\u00f1os el 21 de abril y el duelo comenz\u00f3 formalmente el 26, d\u00eda de su funeral ante unas 400.000 personas y altos dignatarios.<\/p>\n<p>Su sucesor ser\u00e1 elegido en un c\u00f3nclave que inicia el mi\u00e9rcoles en la Capilla Sixtina.<\/p>\n<p>Cada d\u00eda de los Novendiales se celebr\u00f3 una misa en la bas\u00edlica de San Pedro con presencia de los cardenales de la Iglesia.<\/p>\n<p>La del domingo la ofici\u00f3 el cardenal franc\u00e9s Dominique Mamberti, que tiene el t\u00edtulo de protodi\u00e1cono y ser\u00e1 quien pronuncie la famosa y esperada frase en latin \u00abHabemus papam\u00bb despu\u00e9s de que sea elegido el sucesor del pont\u00edfice.<\/p>\n<p>En la homil\u00eda, Mamberti celebr\u00f3 la \u00abcapacidad de adoraci\u00f3n\u00bb del difunto jesuita argentino. \u00abSu intensa vida pastoral, sus innumerables encuentros, estaban fundados en los largos momentos de oraci\u00f3n que la disciplina ignaciana hab\u00eda inculcado en \u00e9l\u00bb, se\u00f1al\u00f3 prefecto del Tribunal Supremo de la Signatura Apost\u00f3lica.<\/p>\n<p>\u00abNos quedar\u00e1n en la memoria y en el coraz\u00f3n sus 126 paradas frente a la &#8216;Salus Populi Romani&#8217;, un icono atribuido a San Lucas que representa a la Virgen con el ni\u00f1o Jes\u00fas en sus brazos.<\/p>\n<p>\u00abY ahora que descansa cerca de la querida Imagen, lo confiamos con gratitud y confianza a la intercesi\u00f3n de la madre del Se\u00f1or y nuestra madre\u00bb, se\u00f1al\u00f3 el cardenal.<\/p>\n<p>Mamberti votar\u00e1 en el c\u00f3nclave para elegir al nuevo papa al tener 73 a\u00f1os.<\/p>\n<p>Mg (AFP, Efe)<\/p>\n<\/p>\n<\/div>\n\n","protected":false},"excerpt":{"rendered":"<p>El Vaticano cerr\u00f3 este domingo (04.05.2025) los nueve d\u00edas de duelo decretados por la muerte del papa Francisco con una misa en honor a la \u00abintensa vida pastoral\u00bb del pont\u00edfice argentino. Los Novendiales -como son llamados- forman parte del protocolo tras la muerte del papa. Francisco falleci\u00f3 a los 88 a\u00f1os el 21 de abril &hellip;<\/p>\n","protected":false},"author":1,"featured_media":25865,"comment_status":"open","ping_status":"open","sticky":false,"template":"","format":"standard","meta":{"fifu_image_url":"https:\/\/static.dw.com\/image\/69655564_6.jpg","fifu_image_alt":"","footnotes":""},"categories":[13],"tags":[],"class_list":["post-25864","post","type-post","status-publish","format-standard","has-post-thumbnail","","category-mundo"],"_links":{"self":[{"href":"https:\/\/noticiasveraces.com\/index.php?rest_route=\/wp\/v2\/posts\/25864","targetHints":{"allow":["GET"]}}],"collection":[{"href":"https:\/\/noticiasveraces.com\/index.php?rest_route=\/wp\/v2\/posts"}],"about":[{"href":"https:\/\/noticiasveraces.com\/index.php?rest_route=\/wp\/v2\/types\/post"}],"author":[{"embeddable":true,"href":"https:\/\/noticiasveraces.com\/index.php?rest_route=\/wp\/v2\/users\/1"}],"replies":[{"embeddable":true,"href":"https:\/\/noticiasveraces.com\/index.php?rest_route=%2Fwp%2Fv2%2Fcomments&post=25864"}],"version-history":[{"count":0,"href":"https:\/\/noticiasveraces.com\/index.php?rest_route=\/wp\/v2\/posts\/25864\/revisions"}],"wp:featuredmedia":[{"embeddable":true,"href":"https:\/\/noticiasveraces.com\/index.php?rest_route=\/wp\/v2\/media\/25865"}],"wp:attachment":[{"href":"https:\/\/noticiasveraces.com\/index.php?rest_route=%2Fwp%2Fv2%2Fmedia&parent=25864"}],"wp:term":[{"taxonomy":"category","embeddable":true,"href":"https:\/\/noticiasveraces.com\/index.php?rest_route=%2Fwp%2Fv2%2Fcategories&post=25864"},{"taxonomy":"post_tag","embeddable":true,"href":"https:\/\/noticiasveraces.com\/index.php?rest_route=%2Fwp%2Fv2%2Ftags&post=25864"}],"curies":[{"name":"wp","href":"https:\/\/api.w.org\/{rel}","templated":true}]}}