{"id":25833,"date":"2025-05-04T20:20:17","date_gmt":"2025-05-05T00:20:17","guid":{"rendered":"https:\/\/noticiasveraces.com\/?p=25833"},"modified":"2025-05-04T20:20:17","modified_gmt":"2025-05-05T00:20:17","slug":"huties-de-yemen-prometen-mas-ataques-contra-israel-dw-05-05-2025","status":"publish","type":"post","link":"https:\/\/noticiasveraces.com\/?p=25833","title":{"rendered":"Hut\u00edes de Yemen prometen m\u00e1s ataques contra Israel \u2013 DW \u2013 05\/05\/2025"},"content":{"rendered":"<p> \n<\/p>\n<div>\n<p>Los rebeldes hut\u00edes de Yemen anunciaron este domingo (04.05.2025) que \u00abapuntar\u00e1n contra los aeropuertos israel\u00edes\u00bb e instaron a las aerol\u00edneas a \u00abcancelar sus vuelos\u00bb hacia Israel, horas despu\u00e9s de que un misil disparado desde su territorio interrumpiera brevemente el tr\u00e1fico a\u00e9reo del principal aeropuerto del Estado hebreo.<\/p>\n<p>\u00abLas Fuerzas Armadas yemenitas apuntar\u00e1n contra los aeropuertos [israel\u00edes]en particular el de Lod, llamado Ben Guri\u00f3n\u00bb, cerca de Tel Aviv, declar\u00f3 en un comunicado el portavoz militar de los hut\u00edes, Yahya Saree, quien adem\u00e1s pidi\u00f3 \u00abal conjunto de las compa\u00f1\u00edas a\u00e9reas internacionales que tengan en consideraci\u00f3n este comunicado desde el momento de su anuncio y de su publicaci\u00f3n, cancelando sus vuelos hacia el aeropuerto del enemigo\u00bb israel\u00ed. <\/p>\n<p>Los insurgentes, que aseguran actuar en solidaridad con los palestinos, tambi\u00e9n suelen atacar nav\u00edos que consideran vinculados a Israel en el mar Rojo, una zona clave para el tr\u00e1fico mar\u00edtimo mundial.<\/p>\n<p>En la terminal 3 del aeropuerto se escuch\u00f3 una fuerte explosi\u00f3n, seg\u00fan un periodista de la AFP.<\/p>\n<p>El tr\u00e1fico a\u00e9reo se reanud\u00f3 tras una breve interrupci\u00f3n. A\u00fan as\u00ed, las aerol\u00edneas Lufthansa y Air India suspendieron sus vuelos hacia Tel Aviv hasta el 6 de mayo y British Airways, hasta el 7 de mayo. Air France cancel\u00f3 sus vuelos de este domingo y del lunes entre Par\u00eds y Tel Aviv.<\/p>\n<p>El ataque se produjo unas horas antes de que el ej\u00e9rcito de Israel anunciara que convoc\u00f3 a \u00abdecenas de miles de reservistas\u00bb para intensificar su ofensiva en Gaza, con el objetivo de destruir todas las infraestructuras del movimiento islamista palestino Ham\u00e1s. <\/p>\n<p>Esa guerra se desencaden\u00f3 por el ataque que llev\u00f3 a cabo Ham\u00e1s en el sur de Israel el 7 de octubre de 2023.<\/p>\n<p><span data-slot-id=\"Article_InContent-1\" class=\"rich-text-ad\"\/><\/p>\n<h2>Amenazas de Netanyahu<\/h2>\n<p>Desde que estall\u00f3 ese conflicto, los insurgentes yemenitas, aliados de Ham\u00e1s, lanzan con frecuencia ataques con misiles y drones contra posiciones israel\u00edes.<\/p>\n<p>Seg\u00fan un comunicado de los hut\u00edes difundido por la cadena de televisi\u00f3n af\u00edn Al Masirah, se trat\u00f3 de \u00abun misil bal\u00edstico hipers\u00f3nico que alcanz\u00f3 su objetivo con \u00e9xito\u00bb.<\/p>\n<p>Ese grupo controla amplias zonas de un Yemen devastado por la guerra civil, incluida la capital, San\u00e1, a m\u00e1s de 1.800 km de la frontera sur de Israel.<\/p>\n<p>Al respecto, el primer ministro israel\u00ed, Benjamin Netanyahu, amenaz\u00f3 el domingo a los rebeldes de Yemen y a Ir\u00e1n, tras el ataque al principal aeropuerto de Israel, lo que provoc\u00f3 seis heridos y llev\u00f3 a varias aerol\u00edneas a suspender sus vuelos.<\/p>\n<p>Los militares israel\u00edes confirmaron que el ataque, que dej\u00f3 un enorme cr\u00e1ter en una zona cercana a una de las pistas, fue lanzado desde Yemen, donde los rebeldes hut\u00edes, respaldados por Ir\u00e1n, controlan amplias franjas de territorio.<\/p>\n<p>Netanyahu declar\u00f3 en un video publicado en Telegram que Israel ya ha actuado contra este grupo en el pasado y que \u00ablo har\u00e1 en el futuro\u00bb. <\/p>\n<p>\u00abNo ser\u00e1 de un solo golpe, sino que habr\u00e1 muchos golpes\u00bb, advirti\u00f3, sin dar m\u00e1s detalles.\u00a0 Despu\u00e9s, Netanyahu afirm\u00f3 en X que \u00ablos ataques de los hut\u00edes provienen de Ir\u00e1n\u00bb y que Israel responder\u00e1 \u00aben el momento oportuno\u00bb. <\/p>\n<p>Mg (AFP, Reuters)<\/p>\n<\/p>\n<\/div>\n\n","protected":false},"excerpt":{"rendered":"<p>Los rebeldes hut\u00edes de Yemen anunciaron este domingo (04.05.2025) que \u00abapuntar\u00e1n contra los aeropuertos israel\u00edes\u00bb e instaron a las aerol\u00edneas a \u00abcancelar sus vuelos\u00bb hacia Israel, horas despu\u00e9s de que un misil disparado desde su territorio interrumpiera brevemente el tr\u00e1fico a\u00e9reo del principal aeropuerto del Estado hebreo. \u00abLas Fuerzas Armadas yemenitas apuntar\u00e1n contra los aeropuertos &hellip;<\/p>\n","protected":false},"author":1,"featured_media":25834,"comment_status":"open","ping_status":"open","sticky":false,"template":"","format":"standard","meta":{"fifu_image_url":"https:\/\/static.dw.com\/image\/72430164_6.jpg","fifu_image_alt":"","footnotes":""},"categories":[13],"tags":[],"class_list":["post-25833","post","type-post","status-publish","format-standard","has-post-thumbnail","","category-mundo"],"_links":{"self":[{"href":"https:\/\/noticiasveraces.com\/index.php?rest_route=\/wp\/v2\/posts\/25833","targetHints":{"allow":["GET"]}}],"collection":[{"href":"https:\/\/noticiasveraces.com\/index.php?rest_route=\/wp\/v2\/posts"}],"about":[{"href":"https:\/\/noticiasveraces.com\/index.php?rest_route=\/wp\/v2\/types\/post"}],"author":[{"embeddable":true,"href":"https:\/\/noticiasveraces.com\/index.php?rest_route=\/wp\/v2\/users\/1"}],"replies":[{"embeddable":true,"href":"https:\/\/noticiasveraces.com\/index.php?rest_route=%2Fwp%2Fv2%2Fcomments&post=25833"}],"version-history":[{"count":0,"href":"https:\/\/noticiasveraces.com\/index.php?rest_route=\/wp\/v2\/posts\/25833\/revisions"}],"wp:featuredmedia":[{"embeddable":true,"href":"https:\/\/noticiasveraces.com\/index.php?rest_route=\/wp\/v2\/media\/25834"}],"wp:attachment":[{"href":"https:\/\/noticiasveraces.com\/index.php?rest_route=%2Fwp%2Fv2%2Fmedia&parent=25833"}],"wp:term":[{"taxonomy":"category","embeddable":true,"href":"https:\/\/noticiasveraces.com\/index.php?rest_route=%2Fwp%2Fv2%2Fcategories&post=25833"},{"taxonomy":"post_tag","embeddable":true,"href":"https:\/\/noticiasveraces.com\/index.php?rest_route=%2Fwp%2Fv2%2Ftags&post=25833"}],"curies":[{"name":"wp","href":"https:\/\/api.w.org\/{rel}","templated":true}]}}