{"id":25806,"date":"2025-05-04T15:12:39","date_gmt":"2025-05-04T19:12:39","guid":{"rendered":"https:\/\/noticiasveraces.com\/?p=25806"},"modified":"2025-05-04T15:12:39","modified_gmt":"2025-05-04T19:12:39","slug":"francis-pope-mobile-convertido-en-gaza-mobile-childrens-clinic","status":"publish","type":"post","link":"https:\/\/noticiasveraces.com\/?p=25806","title":{"rendered":"Francis \u00bb Pope-Mobile &#8216;convertido en Gaza Mobile Children&#8217;s Clinic"},"content":{"rendered":"<p> \n<\/p>\n<div>\n<p class=\"speakable\">El Vaticano confirm\u00f3 que el \u00abPope-Mobile\u00bb del Papa Francisco, un veh\u00edculo equipado para proteger al pont\u00edfice durante su viaje de 2014 al lugar de nacimiento de Jesucristo, se est\u00e1 convirtiendo en una cl\u00ednica m\u00f3vil de ni\u00f1os en Gaza de acuerdo con el deseo de morir del Santo Padre. <\/p>\n<p class=\"speakable\">La organizaci\u00f3n cat\u00f3lica sin fines de lucro Caritas Jerusal\u00e9n hizo el anuncio el domingo. <\/p>\n<p>En un comunicado de prensa, la organizaci\u00f3n sin fines de lucro dijo que Francis dirigi\u00f3 a la organizaci\u00f3n humanitaria en sus \u00faltimos meses a \u00abconvertir a su Pope-Mobile en una estaci\u00f3n de salud m\u00f3vil para los ni\u00f1os en Gaza\u00bb. <\/p>\n<p>\u00abEl prop\u00f3sito de la iniciativa es salvaguardar y defender los derechos y la dignidad fundamentales de los ni\u00f1os\u00bb, escribi\u00f3 Caritas Jerusal\u00e9n, lanzando las primeras fotos del Pope-Mobile convertido. <\/p>\n<p><strong>Trump publica la imagen de s\u00ed mismo como Papa en medio de la b\u00fasqueda del Vaticano de un nuevo pont\u00edfice<\/strong><\/p>\n<div class=\"image-ct inline\">\n<div class=\"m\"><picture><source media=\"(max-width: 767px)\" srcset=\"https:\/\/a57.foxnews.com\/static.foxnews.com\/foxnews.com\/content\/uploads\/2025\/05\/343\/192\/francis-popemobile-bethlehem-gettyimages-493715873.jpg?ve=1&amp;tl=1, https:\/\/a57.foxnews.com\/static.foxnews.com\/foxnews.com\/content\/uploads\/2025\/05\/686\/384\/francis-popemobile-bethlehem-gettyimages-493715873.jpg?ve=1&amp;tl=1 2x\" height=\"192\" width=\"343\"><source media=\"(min-width: 768px) and (max-width: 1023px)\" srcset=\"https:\/\/a57.foxnews.com\/static.foxnews.com\/foxnews.com\/content\/uploads\/2025\/05\/672\/378\/francis-popemobile-bethlehem-gettyimages-493715873.jpg?ve=1&amp;tl=1, https:\/\/a57.foxnews.com\/static.foxnews.com\/foxnews.com\/content\/uploads\/2025\/05\/1344\/756\/francis-popemobile-bethlehem-gettyimages-493715873.jpg?ve=1&amp;tl=1 2x\" height=\"378\" width=\"672\"><source media=\"(min-width: 1024px) and (max-width: 1279px)\" srcset=\"https:\/\/a57.foxnews.com\/static.foxnews.com\/foxnews.com\/content\/uploads\/2025\/05\/931\/523\/francis-popemobile-bethlehem-gettyimages-493715873.jpg?ve=1&amp;tl=1, https:\/\/a57.foxnews.com\/static.foxnews.com\/foxnews.com\/content\/uploads\/2025\/05\/1862\/1046\/francis-popemobile-bethlehem-gettyimages-493715873.jpg?ve=1&amp;tl=1 2x\" height=\"523\" width=\"931\"><source media=\"(min-width: 1280px)\" srcset=\"https:\/\/a57.foxnews.com\/static.foxnews.com\/foxnews.com\/content\/uploads\/2025\/05\/720\/405\/francis-popemobile-bethlehem-gettyimages-493715873.jpg?ve=1&amp;tl=1, https:\/\/a57.foxnews.com\/static.foxnews.com\/foxnews.com\/content\/uploads\/2025\/05\/1440\/810\/francis-popemobile-bethlehem-gettyimages-493715873.jpg?ve=1&amp;tl=1 2x\" height=\"405\" width=\"720\"><img loading=\"lazy\" decoding=\"async\" src=\"https:\/\/a57.foxnews.com\/static.foxnews.com\/foxnews.com\/content\/uploads\/2025\/05\/1200\/675\/francis-popemobile-bethlehem-gettyimages-493715873.jpg?ve=1&amp;tl=1\" alt=\"Multitud onda banderas palestinas saludando al papa francisco en popemobile\" width=\"1200\" height=\"675\"\/><\/source><\/source><\/source><\/source><\/picture><\/div>\n<div class=\"info\">\n<div class=\"caption\">\n<p><span>El Papa Francisco saluda a la multitud desde el interior de su Pope-Mobile cuando llega a Manger Square para celebrar una misa al aire libre el 25 de mayo de 2014 en la ciudad b\u00edblica de Bel\u00e9n b\u00edblica de Cisjordania. <\/span> <span>(Vincenzo Pinto\/AFP a trav\u00e9s de Getty Images)<\/span><\/p>\n<\/div>\n<\/div>\n<\/div>\n<p>Peter Brune, Secretario General de Caritas Suecia, que apoya la iniciativa, dijo que el veh\u00edculo \u00abpodr\u00e1 llegar a los ni\u00f1os que hoy no tienen acceso a la atenci\u00f3n m\u00e9dica, ni\u00f1os que est\u00e1n heridos y desnutridos\u00bb. <\/p>\n<p>\u00abEsta es una intervenci\u00f3n concreta y salvaje de la vida en un momento en que el sistema de salud en Gaza se ha derrumbado casi por completo\u00bb, dijo Brune en un comunicado. \u00abNo es solo un veh\u00edculo, es un mensaje que el mundo no se ha olvidado de los ni\u00f1os en Gaza\u00bb. <\/p>\n<p>\u00abEl veh\u00edculo representa el amor, el cuidado y la cercan\u00eda mostrados por su santidad para los m\u00e1s vulnerables, que expres\u00f3 a lo largo de la crisis\u00bb, dijo el Secretario General de Caritas Jerusal\u00e9n Anton Asfar en un comunicado. <\/p>\n<p>El cardenal sueco Anders Arborelius, un contendiente para convertirse en el pr\u00f3ximo Papa despu\u00e9s del fallecimiento de Francis el 21 de abril, tambi\u00e9n confirm\u00f3 la reutilizaci\u00f3n del Pope-Mobile al New York Times. <\/p>\n<p>\u00abEl Papamobile es una se\u00f1al muy concreta de que el Papa Francisco est\u00e1 preocupado por todo el sufrimiento de los ni\u00f1os en Gaza, incluso despu\u00e9s de su muerte!\u00bb Arborelius escribi\u00f3 a los tiempos. <\/p>\n<p>La misma red de caridad cat\u00f3lica que maneja el proyecto \u00abPope-Mobile\u00bb critic\u00f3 notablemente los recortes de la administraci\u00f3n Trump a la Agencia de los Estados Unidos para el Desarrollo Internacional (USAID) en febrero. <\/p>\n<p>\u00abDetener a USAID bruscamente matar\u00e1 a millones de personas y condenar\u00e1 a cientos de millones m\u00e1s a la vida de la pobreza deshumanizante\u00bb, dijo el secretario de Internationalis de Caritas, Alistair Dutton, en ese momento. \u00abEsta es una afrenta inhumana a la dignidad humana dada por Dios de las personas, que causar\u00e1 un sufrimiento inmenso. Matar a USAID tambi\u00e9n presenta desaf\u00edos masivos para todos nosotros en la comunidad humanitaria global, que tendr\u00e1 que reevaluar completamente a qui\u00e9n podemos seguir sirviendo y c\u00f3mo\u00bb.<\/p>\n<p>El Departamento de Estado ha integrado las funciones restantes de USAID, ya que el departamento se somete a una reestructuraci\u00f3n masiva. <\/p>\n<div class=\"image-ct inline\">\n<div class=\"m\"><picture><source media=\"(max-width: 767px)\" srcset=\"https:\/\/a57.foxnews.com\/static.foxnews.com\/foxnews.com\/content\/uploads\/2025\/05\/343\/192\/pope-francis-in-popemobile-gettyimages-493743793.jpg?ve=1&amp;tl=1, https:\/\/a57.foxnews.com\/static.foxnews.com\/foxnews.com\/content\/uploads\/2025\/05\/686\/384\/pope-francis-in-popemobile-gettyimages-493743793.jpg?ve=1&amp;tl=1 2x\" height=\"192\" width=\"343\"><source media=\"(min-width: 768px) and (max-width: 1023px)\" srcset=\"https:\/\/a57.foxnews.com\/static.foxnews.com\/foxnews.com\/content\/uploads\/2025\/05\/672\/378\/pope-francis-in-popemobile-gettyimages-493743793.jpg?ve=1&amp;tl=1, https:\/\/a57.foxnews.com\/static.foxnews.com\/foxnews.com\/content\/uploads\/2025\/05\/1344\/756\/pope-francis-in-popemobile-gettyimages-493743793.jpg?ve=1&amp;tl=1 2x\" height=\"378\" width=\"672\"><source media=\"(min-width: 1024px) and (max-width: 1279px)\" srcset=\"https:\/\/a57.foxnews.com\/static.foxnews.com\/foxnews.com\/content\/uploads\/2025\/05\/931\/523\/pope-francis-in-popemobile-gettyimages-493743793.jpg?ve=1&amp;tl=1, https:\/\/a57.foxnews.com\/static.foxnews.com\/foxnews.com\/content\/uploads\/2025\/05\/1862\/1046\/pope-francis-in-popemobile-gettyimages-493743793.jpg?ve=1&amp;tl=1 2x\" height=\"523\" width=\"931\"><source media=\"(min-width: 1280px)\" srcset=\"https:\/\/a57.foxnews.com\/static.foxnews.com\/foxnews.com\/content\/uploads\/2025\/05\/720\/405\/pope-francis-in-popemobile-gettyimages-493743793.jpg?ve=1&amp;tl=1, https:\/\/a57.foxnews.com\/static.foxnews.com\/foxnews.com\/content\/uploads\/2025\/05\/1440\/810\/pope-francis-in-popemobile-gettyimages-493743793.jpg?ve=1&amp;tl=1 2x\" height=\"405\" width=\"720\"><img loading=\"lazy\" decoding=\"async\" src=\"https:\/\/a57.foxnews.com\/static.foxnews.com\/foxnews.com\/content\/uploads\/2025\/05\/1200\/675\/pope-francis-in-popemobile-gettyimages-493743793.jpg?ve=1&amp;tl=1\" alt=\"Papa Francisco en Popemobile en Bel\u00e9n\" width=\"1200\" height=\"675\"\/><\/source><\/source><\/source><\/source><\/picture><\/div>\n<div class=\"info\">\n<div class=\"caption\">\n<p><span>El Papa Francisco saluda a la multitud, desde su Pope-Mobile, el 25 de mayo de 2014, fuera de la Iglesia de la Natividad en la ciudad b\u00edblica de Bel\u00e9n.<\/span> <span>(Abbas Momani\/AFP a trav\u00e9s de Getty Images)<\/span><\/p>\n<\/div>\n<\/div>\n<\/div>\n<p><strong><u>Trump bromea que le gustar\u00eda ser Pope, &#8216;elecci\u00f3n n\u00famero 1&#8217;, luego nombra a un verdadero contendiente<\/u><\/strong><\/p>\n<p>Francis aprob\u00f3 el proyecto \u00abPope-Mobile\u00bb en noviembre de 2024, inform\u00f3 The Times. La Iglesia Cat\u00f3lica recibi\u00f3 un nuevo \u00abPope-Mobile\u00bb totalmente el\u00e9ctrico, basado en el Mercedes-Benz G-Class, un SUV, en diciembre, seg\u00fan USA Today. <\/p>\n<p>Vatican News, la fuente oficial de noticias del Vaticano, tambi\u00e9n recogi\u00f3 el anuncio. El veh\u00edculo contar\u00e1 con personal \u00abpor un conductor y m\u00e9dicos\u00bb y actualmente est\u00e1 siendo equipado con equipos para el diagn\u00f3stico, el examen y el tratamiento, incluidas las pruebas r\u00e1pidas para infecciones, kits de sutura, jeringas y agujas, suministro de ox\u00edgeno, vacunas y un refrigerador para medicamentos, seg\u00fan la organizaci\u00f3n sin fines de lucro. <\/p>\n<p>\u00abLa situaci\u00f3n humanitaria en Gaza es cada vez m\u00e1s cr\u00edtica, especialmente para los casi un mill\u00f3n de ni\u00f1os desplazados\u00bb, escribi\u00f3 Caritas Jerusal\u00e9n. \u00abCuando se corta el acceso a los alimentos, el agua y la atenci\u00f3n m\u00e9dica, los ni\u00f1os son a menudo el primer y m\u00e1s afectado. El hambre, la infecci\u00f3n y otras condiciones prevenibles ponen en riesgo sus vidas\u00bb. <\/p>\n<p>Antes de su fallecimiento, Francis \u00abpuso su Pope-Mobile a disposici\u00f3n de Caritas Jerusal\u00e9n, que ahora lo est\u00e1 convirtiendo en una unidad de salud m\u00f3vil para ni\u00f1os\u00bb, seg\u00fan la organizaci\u00f3n sin fines de lucro. \u00abCuando el corredor humanitario a Gaza vuelva a abrir, estar\u00e1 listo para brindar la salud primaria a los ni\u00f1os en Gaza\u00bb. <\/p>\n<p>Francis hab\u00eda pedido repetidamente un alto el fuego en Gaza durante la Guerra de Israel-Hamas, que comenz\u00f3 el 7 de octubre de 2023, cuando los terroristas de Hamas mataron a m\u00e1s de 1,200 personas en Israel y llevaron cientos m\u00e1s a Gaza como rehenes. <\/p>\n<div class=\"image-ct inline\">\n<div class=\"m\"><picture><source media=\"(max-width: 767px)\" srcset=\"https:\/\/a57.foxnews.com\/static.foxnews.com\/foxnews.com\/content\/uploads\/2025\/05\/343\/192\/popemobile-driving-bethlehem-gettyimages-493716513.jpg?ve=1&amp;tl=1, https:\/\/a57.foxnews.com\/static.foxnews.com\/foxnews.com\/content\/uploads\/2025\/05\/686\/384\/popemobile-driving-bethlehem-gettyimages-493716513.jpg?ve=1&amp;tl=1 2x\" height=\"192\" width=\"343\"><source media=\"(min-width: 768px) and (max-width: 1023px)\" srcset=\"https:\/\/a57.foxnews.com\/static.foxnews.com\/foxnews.com\/content\/uploads\/2025\/05\/672\/378\/popemobile-driving-bethlehem-gettyimages-493716513.jpg?ve=1&amp;tl=1, https:\/\/a57.foxnews.com\/static.foxnews.com\/foxnews.com\/content\/uploads\/2025\/05\/1344\/756\/popemobile-driving-bethlehem-gettyimages-493716513.jpg?ve=1&amp;tl=1 2x\" height=\"378\" width=\"672\"><source media=\"(min-width: 1024px) and (max-width: 1279px)\" srcset=\"https:\/\/a57.foxnews.com\/static.foxnews.com\/foxnews.com\/content\/uploads\/2025\/05\/931\/523\/popemobile-driving-bethlehem-gettyimages-493716513.jpg?ve=1&amp;tl=1, https:\/\/a57.foxnews.com\/static.foxnews.com\/foxnews.com\/content\/uploads\/2025\/05\/1862\/1046\/popemobile-driving-bethlehem-gettyimages-493716513.jpg?ve=1&amp;tl=1 2x\" height=\"523\" width=\"931\"><source media=\"(min-width: 1280px)\" srcset=\"https:\/\/a57.foxnews.com\/static.foxnews.com\/foxnews.com\/content\/uploads\/2025\/05\/720\/405\/popemobile-driving-bethlehem-gettyimages-493716513.jpg?ve=1&amp;tl=1, https:\/\/a57.foxnews.com\/static.foxnews.com\/foxnews.com\/content\/uploads\/2025\/05\/1440\/810\/popemobile-driving-bethlehem-gettyimages-493716513.jpg?ve=1&amp;tl=1 2x\" height=\"405\" width=\"720\"><img loading=\"lazy\" decoding=\"async\" src=\"https:\/\/a57.foxnews.com\/static.foxnews.com\/foxnews.com\/content\/uploads\/2025\/05\/1200\/675\/popemobile-driving-bethlehem-gettyimages-493716513.jpg?ve=1&amp;tl=1\" alt=\"Papa Francisco en Popemobile conduciendo en Bel\u00e9n\" width=\"1200\" height=\"675\"\/><\/source><\/source><\/source><\/source><\/picture><\/div>\n<div class=\"info\">\n<div class=\"caption\">\n<p><span>El Papa Francisco saluda a la multitud desde el interior de su Pope-Mobile en su camino a Manger Square para celebrar una misa al aire libre el 25 de mayo de 2014 en Cisjordania.<\/span> <span>(Profth Ashtiyh\/AFP<\/span><\/p>\n<\/div>\n<\/div>\n<\/div>\n<p>El difunto pont\u00edfice ha condenado cada vez m\u00e1s la respuesta del ej\u00e9rcito israel\u00ed y la muerte de los ni\u00f1os palestinos. <\/p>\n<p>En su \u00faltimo discurso de Pascua antes de su fallecimiento, Francis dijo que la situaci\u00f3n humanitaria era \u00abdram\u00e1tica y deplorable\u00bb. <\/p>\n<p><strong><u>Haga clic aqu\u00ed para obtener la aplicaci\u00f3n Fox News<\/u><\/strong><\/p>\n<p>\u00abExpreso mi cercan\u00eda a los sufrimientos &#8230; de todo el pueblo israel\u00ed y del pueblo palestino\u00bb, dijo en un mensaje le\u00eddo en voz alta por un asistente, seg\u00fan Reuters. \u00abApelo a las partes en guerra: llame a un alto el fuego, libere a los rehenes y acelere a una gente hambrienta que aspira a un futuro de la paz\u00bb. <\/p>\n<p> <!----> <\/p>\n<div class=\"article-meta\">\n<div class=\"author-bio\">\n<p>Danielle Wallace es reportera de noticias y pol\u00edticas en Fox News Digital. Los consejos de la historia se pueden enviar a danielle.wallace@fox.com y en X: @danimwallace. <\/p>\n<\/div>\n<\/div>\n<\/div>\n\n","protected":false},"excerpt":{"rendered":"<p>El Vaticano confirm\u00f3 que el \u00abPope-Mobile\u00bb del Papa Francisco, un veh\u00edculo equipado para proteger al pont\u00edfice durante su viaje de 2014 al lugar de nacimiento de Jesucristo, se est\u00e1 convirtiendo en una cl\u00ednica m\u00f3vil de ni\u00f1os en Gaza de acuerdo con el deseo de morir del Santo Padre. La organizaci\u00f3n cat\u00f3lica sin fines de lucro &hellip;<\/p>\n","protected":false},"author":1,"featured_media":25808,"comment_status":"open","ping_status":"open","sticky":false,"template":"","format":"standard","meta":{"fifu_image_url":"https:\/\/static.foxnews.com\/foxnews.com\/content\/uploads\/2025\/05\/francis-popemobile-bethlehem-gettyimages-493715873.jpg","fifu_image_alt":"","footnotes":""},"categories":[13],"tags":[],"class_list":["post-25806","post","type-post","status-publish","format-standard","has-post-thumbnail","","category-mundo"],"_links":{"self":[{"href":"https:\/\/noticiasveraces.com\/index.php?rest_route=\/wp\/v2\/posts\/25806","targetHints":{"allow":["GET"]}}],"collection":[{"href":"https:\/\/noticiasveraces.com\/index.php?rest_route=\/wp\/v2\/posts"}],"about":[{"href":"https:\/\/noticiasveraces.com\/index.php?rest_route=\/wp\/v2\/types\/post"}],"author":[{"embeddable":true,"href":"https:\/\/noticiasveraces.com\/index.php?rest_route=\/wp\/v2\/users\/1"}],"replies":[{"embeddable":true,"href":"https:\/\/noticiasveraces.com\/index.php?rest_route=%2Fwp%2Fv2%2Fcomments&post=25806"}],"version-history":[{"count":0,"href":"https:\/\/noticiasveraces.com\/index.php?rest_route=\/wp\/v2\/posts\/25806\/revisions"}],"wp:featuredmedia":[{"embeddable":true,"href":"https:\/\/noticiasveraces.com\/index.php?rest_route=\/wp\/v2\/media\/25808"}],"wp:attachment":[{"href":"https:\/\/noticiasveraces.com\/index.php?rest_route=%2Fwp%2Fv2%2Fmedia&parent=25806"}],"wp:term":[{"taxonomy":"category","embeddable":true,"href":"https:\/\/noticiasveraces.com\/index.php?rest_route=%2Fwp%2Fv2%2Fcategories&post=25806"},{"taxonomy":"post_tag","embeddable":true,"href":"https:\/\/noticiasveraces.com\/index.php?rest_route=%2Fwp%2Fv2%2Ftags&post=25806"}],"curies":[{"name":"wp","href":"https:\/\/api.w.org\/{rel}","templated":true}]}}