{"id":25789,"date":"2025-05-04T13:07:59","date_gmt":"2025-05-04T17:07:59","guid":{"rendered":"https:\/\/noticiasveraces.com\/?p=25789"},"modified":"2025-05-04T13:07:59","modified_gmt":"2025-05-04T17:07:59","slug":"historia-biblica-en-tierra-santa-bajo-amenaza-mientras-los-arqueologos-enfrentan-la-lista-negra","status":"publish","type":"post","link":"https:\/\/noticiasveraces.com\/?p=25789","title":{"rendered":"Historia b\u00edblica en Tierra Santa bajo amenaza mientras los arque\u00f3logos enfrentan la lista negra"},"content":{"rendered":"<p> \n<\/p>\n<div>\n<p class=\"speakable\">Tel Aviv: una arqueolog\u00eda principal<strong> <\/strong>La revista ha prohibido efectivamente las presentaciones de los israel\u00edes sobre Judea y Samaria a menos que \u00abhayan cooperado con las autoridades palestinas relevantes\u00bb, en lo que los analistas dicen que es un microcosmos del da\u00f1o causado por una campa\u00f1a global para blanquear la historia del pueblo jud\u00edo en la tierra de Israel.<\/p>\n<p class=\"speakable\">Seg\u00fan un informe publicado recientemente por The Press Service of Israel (TPS-IL), el Palestine Exploration Quarterly (PEQ), una revista revisada por pares del Fondo de Exploraci\u00f3n Palestina con sede en Londres (PEF), se niega a aceptar presentaciones de investigadores afiliados a instituciones que operan en lo que se refiere a \u00abterritorio ocupado\u00bb, citando las preocupaciones sobre las presuntas de las violaciones de las leyes internacionales de la ley de las instituciones de las instituciones de lo que se refiere a lo que se refiere a \u00abterritorio ocupado\u00bb, citando las preocupaciones sobre las presuntas de las violaciones de las leyes internacionales. <\/p>\n<p>\u00abPublicaci\u00f3n en <i>Peq<\/i> se gu\u00eda por la pol\u00edtica \u00e9tica del PEF. El aspecto principal de esto es el derecho internacional, por el cual muchas instituciones y publicaciones acad\u00e9micas, incluidas <i>Peq<\/i>est\u00e1n atados, \u00abCharlotte Whiting, la editora en jefe de la revista, dijo a TPS-IL.<\/p>\n<p>El sitio web de la revista establece que \u00abno colabora con las instituciones fundadas por un poder de ocupaci\u00f3n basado en ning\u00fan territorio ocupado, y no apoyar\u00e1, alentar\u00e1, financiar\u00e1 ni publicar\u00e1 investigaciones por parte de cualquier acad\u00e9mico asociado con dichas instituciones\u00bb.<\/p>\n<p><strong>Los principales evang\u00e9licos en impulso para que el presidente Trump reconozca la soberan\u00eda israel\u00ed sobre el \u00abcoraz\u00f3n b\u00edblico\u00bb<\/strong><\/p>\n<div class=\"image-ct inline\">\n<div class=\"m\"><picture><source media=\"(max-width: 767px)\" srcset=\"https:\/\/a57.foxnews.com\/static.foxnews.com\/foxnews.com\/content\/uploads\/2025\/05\/343\/192\/tel-shiloh.jpg?ve=1&amp;tl=1, https:\/\/a57.foxnews.com\/static.foxnews.com\/foxnews.com\/content\/uploads\/2025\/05\/686\/384\/tel-shiloh.jpg?ve=1&amp;tl=1 2x\" height=\"192\" width=\"343\"><source media=\"(min-width: 768px) and (max-width: 1023px)\" srcset=\"https:\/\/a57.foxnews.com\/static.foxnews.com\/foxnews.com\/content\/uploads\/2025\/05\/672\/378\/tel-shiloh.jpg?ve=1&amp;tl=1, https:\/\/a57.foxnews.com\/static.foxnews.com\/foxnews.com\/content\/uploads\/2025\/05\/1344\/756\/tel-shiloh.jpg?ve=1&amp;tl=1 2x\" height=\"378\" width=\"672\"><source media=\"(min-width: 1024px) and (max-width: 1279px)\" srcset=\"https:\/\/a57.foxnews.com\/static.foxnews.com\/foxnews.com\/content\/uploads\/2025\/05\/931\/523\/tel-shiloh.jpg?ve=1&amp;tl=1, https:\/\/a57.foxnews.com\/static.foxnews.com\/foxnews.com\/content\/uploads\/2025\/05\/1862\/1046\/tel-shiloh.jpg?ve=1&amp;tl=1 2x\" height=\"523\" width=\"931\"><source media=\"(min-width: 1280px)\" srcset=\"https:\/\/a57.foxnews.com\/static.foxnews.com\/foxnews.com\/content\/uploads\/2025\/05\/720\/405\/tel-shiloh.jpg?ve=1&amp;tl=1, https:\/\/a57.foxnews.com\/static.foxnews.com\/foxnews.com\/content\/uploads\/2025\/05\/1440\/810\/tel-shiloh.jpg?ve=1&amp;tl=1 2x\" height=\"405\" width=\"720\"><img loading=\"lazy\" decoding=\"async\" src=\"https:\/\/a57.foxnews.com\/static.foxnews.com\/foxnews.com\/content\/uploads\/2025\/05\/1200\/675\/tel-shiloh.jpg?ve=1&amp;tl=1\" alt=\"Excavaciones en Tel Shiloh, mejor conocida como la ubicaci\u00f3n donde el Tabern\u00e1culo se encontraba antes de que el Rey Salom\u00f3n construyera el primer templo. \" width=\"1200\" height=\"675\"\/><\/source><\/source><\/source><\/source><\/picture><\/div>\n<div class=\"info\">\n<div class=\"caption\">\n<p><span>Excavaciones en Tel Shiloh, mejor conocida como la ubicaci\u00f3n donde el Tabern\u00e1culo se encontraba antes de que el Rey Salom\u00f3n construyera el primer templo. <\/span> <span>(Shlomo matityahu\/tps-il)<\/span><\/p>\n<\/div>\n<\/div>\n<\/div>\n<p>Los arque\u00f3logos israel\u00edes le dijeron a TPS-IL que cualquier cooperaci\u00f3n con las autoridades o colegas palestinos era pr\u00e1cticamente imposible, porque \u00abser\u00edan tratados como traidores para esto\u00bb. Tambi\u00e9n dijeron que su trabajo est\u00e1 en muchos casos rechazado por el mundo acad\u00e9mico m\u00e1s amplio y, como tal, los investigadores est\u00e1n renunciando a las \u00e1reas b\u00edblicamente significativas de Judea y Samaria (Cisjordania) para proteger sus carreras.<\/p>\n<p>\u00abLo que estamos viendo es un intento deliberado de socavar los lazos hist\u00f3ricos jud\u00edos con la tierra\u00bb, dijo a Fox News Digital Yishai Fleisher, portavoz internacional de Hebr\u00f3n, la cuna de la civilizaci\u00f3n jud\u00eda ubicada en Judea. \u00abHay tres estrategias en juego: los palestinos reconocen que los jud\u00edos alguna vez estuvieron aqu\u00ed, pero argumentan que ya no pertenecen, niegan ninguna conexi\u00f3n jud\u00eda o destruyen la evidencia directamente\u00bb.<\/p>\n<p>Fleisher se\u00f1al\u00f3 los esfuerzos continuos de las autoridades palestinas y otros para cambiar el nombre de sitios jud\u00edos hist\u00f3ricos. \u00abLlaman a Hebr\u00f3n &#8216;al-Khalil&#8217;, y la cueva de los patriarcas se convierte en la &#8216;mezquita de Ibrahimi&#8217;. El Monte del Templo es ahora el &#8216;Complejo Al-Aqsa&#8217;, y la tumba de Rachel ha sido renombrada como la &#8216;Mezquita Bilal bin Rabah&#8217; \u00ab, dijo.<\/p>\n<p>Para contrarrestar esto, dice que los defensores israel\u00edes est\u00e1n trabajando para marcar y preservar antiguos hitos jud\u00edos. \u00abAgregamos una bandera israel\u00ed y una menorah a un edificio construido originalmente por el rey Herodes hace 2.000 a\u00f1os, que en s\u00ed mismo se encuentra en la cima de una tumba que data de 3.500 a\u00f1os, para dejarlo inequ\u00edvocamente claro que es un sitio jud\u00edo, a pesar de la posterior incorporaci\u00f3n de tres minaretes de los conquerores musulmanes\u00bb.<\/p>\n<p>La Autoridad Palestina, que gan\u00f3 el estado del Estado del Observador no miembro en las Naciones Unidas en 2012, ha encabezado la campa\u00f1a para reescribir la historia en los foros globales que contienen mayor\u00edas autom\u00e1ticas anti-Israel.<\/p>\n<div class=\"image-ct inline\">\n<div class=\"m\"><picture><source media=\"(max-width: 767px)\" srcset=\"https:\/\/a57.foxnews.com\/static.foxnews.com\/foxnews.com\/content\/uploads\/2025\/05\/343\/192\/tps-sebastia-national-park.jpg?ve=1&amp;tl=1, https:\/\/a57.foxnews.com\/static.foxnews.com\/foxnews.com\/content\/uploads\/2025\/05\/686\/384\/tps-sebastia-national-park.jpg?ve=1&amp;tl=1 2x\" height=\"192\" width=\"343\"><source media=\"(min-width: 768px) and (max-width: 1023px)\" srcset=\"https:\/\/a57.foxnews.com\/static.foxnews.com\/foxnews.com\/content\/uploads\/2025\/05\/672\/378\/tps-sebastia-national-park.jpg?ve=1&amp;tl=1, https:\/\/a57.foxnews.com\/static.foxnews.com\/foxnews.com\/content\/uploads\/2025\/05\/1344\/756\/tps-sebastia-national-park.jpg?ve=1&amp;tl=1 2x\" height=\"378\" width=\"672\"><source media=\"(min-width: 1024px) and (max-width: 1279px)\" srcset=\"https:\/\/a57.foxnews.com\/static.foxnews.com\/foxnews.com\/content\/uploads\/2025\/05\/931\/523\/tps-sebastia-national-park.jpg?ve=1&amp;tl=1, https:\/\/a57.foxnews.com\/static.foxnews.com\/foxnews.com\/content\/uploads\/2025\/05\/1862\/1046\/tps-sebastia-national-park.jpg?ve=1&amp;tl=1 2x\" height=\"523\" width=\"931\"><source media=\"(min-width: 1280px)\" srcset=\"https:\/\/a57.foxnews.com\/static.foxnews.com\/foxnews.com\/content\/uploads\/2025\/05\/720\/405\/tps-sebastia-national-park.jpg?ve=1&amp;tl=1, https:\/\/a57.foxnews.com\/static.foxnews.com\/foxnews.com\/content\/uploads\/2025\/05\/1440\/810\/tps-sebastia-national-park.jpg?ve=1&amp;tl=1 2x\" height=\"405\" width=\"720\"><img loading=\"lazy\" decoding=\"async\" src=\"https:\/\/a57.foxnews.com\/static.foxnews.com\/foxnews.com\/content\/uploads\/2025\/05\/1200\/675\/tps-sebastia-national-park.jpg?ve=1&amp;tl=1\" alt=\"Los visitantes llegan al Parque Nacional Sebastia en Samaria. Sebastia fue el reino israelita durante los reinados de Omri y Ahab. \" width=\"1200\" height=\"675\"\/><\/source><\/source><\/source><\/source><\/picture><\/div>\n<div class=\"info\">\n<div class=\"caption\">\n<p><span>Los visitantes llegan al Parque Nacional Sebastia en Samaria. Sebastia fue el reino israelita durante los reinados de Omri y Ahab. <\/span> <span>(Hillel Maeir\/TPS-IL)<\/span><\/p>\n<\/div>\n<\/div>\n<\/div>\n<p>Entre ellos se encuentra la Organizaci\u00f3n Educativa, Cient\u00edfica y Cultural de las Naciones Unidas (UNESCO), que en 2016 registr\u00f3 la cueva de los patriarcas, el lugar de descanso de Abraham, Isaac, Jacob y sus esposas Sarah, Rebecca y Leah ubicada en Hebr\u00f3n, en el nombre del \u00abEstado de Palestina\u00bb en su \u00abLista de Patrimonio Mundial en Danger\u00bb. M\u00e1s recientemente, la UNESCO, en septiembre de 2023, llamada el sitio Tell Es-Sultan cerca de Jericho, que contiene ruinas que se remontan al noveno milenio a. C., incluida la evidencia de una de las primeras aldeas conocidas de la humanidad, como un \u00absitio del patrimonio mundial en Palestina\u00bb. <\/p>\n<p>En diciembre de 2021, la Asamblea General de las Naciones Unidas aprob\u00f3 una resoluci\u00f3n no vinculante que se refiere al Monte del Templo, el sitio m\u00e1s sagrado del juda\u00edsmo, ubicado en Jerusal\u00e9n pero m\u00e1s all\u00e1 de las fronteras de 1967, solo por su nombre musulm\u00e1n, \u00abHaram al-Sharif\u00bb. En septiembre de 2024, el l\u00edder de la Autoridad Autil, Mahmoud Abbas, calific\u00f3 el Templo Mount la \u00abpropiedad exclusiva de los musulmanes\u00bb. La semana pasada, Abbas dijo en un raro discurso televisado que el Cor\u00e1n describe que el templo jud\u00edo est\u00e1 en Yemen.<\/p>\n<p><strong>Los legisladores del Partido Republicano empujan a Trump a reconocer a Cisjordania como territorio israel\u00ed<\/strong><\/p>\n<p>Naomi Kahn, director de la Divisi\u00f3n Internacional de Regravim, un grupo de expertos centrado en la soberan\u00eda israel\u00ed, dijo que el PA se est\u00e1 construyendo activamente sobre sitios arqueol\u00f3gicos clave como parte de esta iniciativa.<\/p>\n<p>\u00abEn las piscinas de Salom\u00f3n, que se encuentra bajo la jurisdicci\u00f3n de PA de acuerdo con los acuerdos de Oslo, est\u00e1n construyendo condominios directamente sobre la antigua infraestructura jud\u00eda\u00bb, dijo Kahn a Fox News Digital. \u00abEstos son sitios patrimoniales reconocidos internacionalmente, pero los acuerdos est\u00e1n siendo violados.<\/p>\n<p>Ella cit\u00f3 las fortalezas Hasmonean cerca de Jericho como un gran ejemplo. \u00abLos cementerios de los reyes hamoneanos, la necr\u00f3polis m\u00e1s grande en el Medio Oriente del per\u00edodo del Segundo Templo, han sido arados y utilizados para la agricultura y la construcci\u00f3n. En un caso, encontramos huesos humanos dispersos en los campos. La administraci\u00f3n civil israel\u00ed tuvo que recolectarlos y reburilarlos\u00bb.<\/p>\n<p>Khan tambi\u00e9n hizo referencia a Sebastia, el nombre grecorromano de la antigua ciudad de Samaria. Originalmente fundada por el rey Omri en el siglo IX a. C., Samaria se convirti\u00f3 en la capital del reino del norte de Israel, como se se\u00f1al\u00f3 en la Biblia hebrea (1 reyes 16:24). Sirvi\u00f3 como capital del reino hasta que cay\u00f3 a los asirios en el 722 a. C. Siglos despu\u00e9s, Herodes el Gran Rebovi\u00f3 la ciudad y la renombr\u00f3 Sebaste, sebastia en uso posterior, en honor al emperador romano Augusto, cuyo nombre en griego, \u00abSebastos\u00bb, llevaba el mismo significado imperial.<\/p>\n<p>En marzo del a\u00f1o pasado, los trabajadores de la construcci\u00f3n palestinos construyeron un camino ilegal a trav\u00e9s de Sebastia, que se encuentra cerca de la ciudad de Nablus, tambi\u00e9n conocida por su nombre b\u00edblico, Shechem.<\/p>\n<div class=\"image-ct inline\">\n<div class=\"m\"><picture><source media=\"(max-width: 767px)\" srcset=\"https:\/\/a57.foxnews.com\/static.foxnews.com\/foxnews.com\/content\/uploads\/2025\/05\/343\/192\/hebron-mosque.jpg?ve=1&amp;tl=1, https:\/\/a57.foxnews.com\/static.foxnews.com\/foxnews.com\/content\/uploads\/2025\/05\/686\/384\/hebron-mosque.jpg?ve=1&amp;tl=1 2x\" height=\"192\" width=\"343\"><source media=\"(min-width: 768px) and (max-width: 1023px)\" srcset=\"https:\/\/a57.foxnews.com\/static.foxnews.com\/foxnews.com\/content\/uploads\/2025\/05\/672\/378\/hebron-mosque.jpg?ve=1&amp;tl=1, https:\/\/a57.foxnews.com\/static.foxnews.com\/foxnews.com\/content\/uploads\/2025\/05\/1344\/756\/hebron-mosque.jpg?ve=1&amp;tl=1 2x\" height=\"378\" width=\"672\"><source media=\"(min-width: 1024px) and (max-width: 1279px)\" srcset=\"https:\/\/a57.foxnews.com\/static.foxnews.com\/foxnews.com\/content\/uploads\/2025\/05\/931\/523\/hebron-mosque.jpg?ve=1&amp;tl=1, https:\/\/a57.foxnews.com\/static.foxnews.com\/foxnews.com\/content\/uploads\/2025\/05\/1862\/1046\/hebron-mosque.jpg?ve=1&amp;tl=1 2x\" height=\"523\" width=\"931\"><source media=\"(min-width: 1280px)\" srcset=\"https:\/\/a57.foxnews.com\/static.foxnews.com\/foxnews.com\/content\/uploads\/2025\/05\/720\/405\/hebron-mosque.jpg?ve=1&amp;tl=1, https:\/\/a57.foxnews.com\/static.foxnews.com\/foxnews.com\/content\/uploads\/2025\/05\/1440\/810\/hebron-mosque.jpg?ve=1&amp;tl=1 2x\" height=\"405\" width=\"720\"><img loading=\"lazy\" decoding=\"async\" src=\"https:\/\/a57.foxnews.com\/static.foxnews.com\/foxnews.com\/content\/uploads\/2025\/05\/1200\/675\/hebron-mosque.jpg?ve=1&amp;tl=1\" alt=\"Antig\u00fcedades de la comunidad jud\u00eda en Hebr\u00f3n. \" width=\"1200\" height=\"675\"\/><\/source><\/source><\/source><\/source><\/picture><\/div>\n<div class=\"info\">\n<div class=\"caption\">\n<p><span>Antig\u00fcedades de la comunidad jud\u00eda en Hebr\u00f3n. <\/span> <span>(Hillel Maeir\/TPS-IL)<\/span><\/p>\n<\/div>\n<\/div>\n<\/div>\n<p>Khan dijo que otros sitios que enfrentan la invasi\u00f3n incluyen el altar de Joshua, donde se est\u00e1 desarrollando un nuevo vecindario palestino cerca, y la tumba de Joseph, que es en gran medida inaccesible para los israel\u00edes jud\u00edos<\/p>\n<p>\u00abEstoy disgustada, pero no preocupada\u00bb, dijo a Fox News Digital en un comunicado Sandra Hagee Parker, presidenta del Fondo de Acci\u00f3n de los Cristianos Unidos para Israel, en un comunicado. \u00ab\u00bfD\u00f3nde est\u00e1n los romanos, otomanos y cruzados? Los enemigos de Israel son recordados solo por su \u00faltima derrota por el Dios de Abraham y sus hijos.<\/p>\n<p>\u00abAdem\u00e1s, el esfuerzo grotesco para negar la conexi\u00f3n jud\u00eda con la tierra es un rechazo de Dios mismo\u00bb, continu\u00f3. \u00abEs tanto antisemita como anticristiano, y nunca tendr\u00e1 \u00e9xito. Mi \u00fanica preocupaci\u00f3n es que Estados Unidos contin\u00fae de pie con Israel y su gente\u00bb, agreg\u00f3.<\/p>\n<p>Ze&#8217;ev Orenstein, Director of International Affairs at the Jerusalem-based City of David Foundation, stressed that \u00abfrom its inception in 1964, the Palestine Liberation Organization\u2014the forerunner of today&#8217;s Palestinian Authority\u2014was founded on the denial of thousands of years of Jewish history and heritage rooted in the Land of Israel in general, and in Jerusalem, Judea, and Samaria\u2014the Biblical Heartland: en particular.<\/p>\n<p>\u00abEsta negaci\u00f3n\u00bb, dijo Orenstein a Fox News Digital, \u00abten\u00eda como objetivo deslegitimar y socavar el derecho legal, moral e hist\u00f3rico de la pueblo jud\u00edo a la soberan\u00eda en la Tierra de Israel, retratando a un pueblo con algunos de los temas arqueol\u00f3gicos m\u00e1s profundos con la tierra como ocupantes y colonizadores. <\/p>\n<p>\u00abPor esa raz\u00f3n, el Waqf isl\u00e1mico llev\u00f3 a cabo una campa\u00f1a de destrucci\u00f3n sistem\u00e1tica de las antig\u00fcedades sobre el Monte del Templo a fines de la d\u00e9cada de 1990, y el liderazgo palestino contin\u00faa negando, el da\u00f1o y destruyendo los sitios del patrimonio jud\u00edo en Judea y Samaria\u00bb, dijo.<\/p>\n<div class=\"image-ct inline\">\n<div class=\"m\"><picture><source media=\"(max-width: 767px)\" srcset=\"https:\/\/a57.foxnews.com\/static.foxnews.com\/foxnews.com\/content\/uploads\/2024\/01\/343\/192\/3274783c-5935-4c34-b2ed-913f1114b0c9.jpg?ve=1&amp;tl=1, https:\/\/a57.foxnews.com\/static.foxnews.com\/foxnews.com\/content\/uploads\/2024\/01\/686\/384\/3274783c-5935-4c34-b2ed-913f1114b0c9.jpg?ve=1&amp;tl=1 2x\" height=\"192\" width=\"343\"><source media=\"(min-width: 768px) and (max-width: 1023px)\" srcset=\"https:\/\/a57.foxnews.com\/static.foxnews.com\/foxnews.com\/content\/uploads\/2024\/01\/672\/378\/3274783c-5935-4c34-b2ed-913f1114b0c9.jpg?ve=1&amp;tl=1, https:\/\/a57.foxnews.com\/static.foxnews.com\/foxnews.com\/content\/uploads\/2024\/01\/1344\/756\/3274783c-5935-4c34-b2ed-913f1114b0c9.jpg?ve=1&amp;tl=1 2x\" height=\"378\" width=\"672\"><source media=\"(min-width: 1024px) and (max-width: 1279px)\" srcset=\"https:\/\/a57.foxnews.com\/static.foxnews.com\/foxnews.com\/content\/uploads\/2024\/01\/931\/523\/3274783c-5935-4c34-b2ed-913f1114b0c9.jpg?ve=1&amp;tl=1, https:\/\/a57.foxnews.com\/static.foxnews.com\/foxnews.com\/content\/uploads\/2024\/01\/1862\/1046\/3274783c-5935-4c34-b2ed-913f1114b0c9.jpg?ve=1&amp;tl=1 2x\" height=\"523\" width=\"931\"><source media=\"(min-width: 1280px)\" srcset=\"https:\/\/a57.foxnews.com\/static.foxnews.com\/foxnews.com\/content\/uploads\/2024\/01\/720\/405\/3274783c-5935-4c34-b2ed-913f1114b0c9.jpg?ve=1&amp;tl=1, https:\/\/a57.foxnews.com\/static.foxnews.com\/foxnews.com\/content\/uploads\/2024\/01\/1440\/810\/3274783c-5935-4c34-b2ed-913f1114b0c9.jpg?ve=1&amp;tl=1 2x\" height=\"405\" width=\"720\"><img loading=\"lazy\" decoding=\"async\" src=\"https:\/\/a57.foxnews.com\/static.foxnews.com\/foxnews.com\/content\/uploads\/2024\/01\/1200\/675\/3274783c-5935-4c34-b2ed-913f1114b0c9.jpg?ve=1&amp;tl=1\" alt=\"Despu\u00e9s de la destrucci\u00f3n y el da\u00f1o severo de los alborotadores palestinos en el sitio arqueol\u00f3gico 'Joshua Altar' ubicado en el espol\u00f3n del monte Ebal, docenas de fieles jud\u00edos llegaron para las oraciones matutinas en el sitio.\" width=\"1200\" height=\"675\"\/><\/source><\/source><\/source><\/source><\/picture><\/div>\n<div class=\"info\">\n<div class=\"caption\">\n<p><span>Despu\u00e9s de la destrucci\u00f3n y el da\u00f1o severo de los alborotadores palestinos en el sitio arqueol\u00f3gico &#8216;Joshua Altar&#8217; ubicado en el espol\u00f3n del monte Ebal, docenas de fieles jud\u00edos llegaron para las oraciones matutinas en el sitio.<\/span> <span>(TPS)<\/span><\/p>\n<\/div>\n<\/div>\n<\/div>\n<p>En respuesta, el primer ministro israel\u00ed Benjamin Netanyahu en julio de 2023 anunci\u00f3 un programa de $ 33 millones para salvaguardar y rehabilitar sitios arqueol\u00f3gicos en el coraz\u00f3n b\u00edblico.<\/p>\n<p>\u00abEn todos los rincones de Judea y Samaria, solo uno necesita poner una pala en tierra para descubrir hallazgos arqueol\u00f3gicos que dan fe de nuestras profundas ra\u00edces en la tierra de Israel\u00bb, dijo Netanyahu en ese momento. \u00abEste plan alentar\u00e1 el turismo, la educaci\u00f3n y [present] Informaci\u00f3n para estos sitios importantes que cuentan la historia de nuestra gente en Judea y Samaria \u00ab.<\/p>\n<p>El Rev. Dr. Petra Heldt, profesor del Jerusalem University College y director de la fraternidad de la investigaci\u00f3n teol\u00f3gica ecum\u00e9nica en Israel, cit\u00f3 textos b\u00edblicos y excavaciones en curso como prueba de la presencia jud\u00eda de larga data en la regi\u00f3n.<\/p>\n<p>\u00abHay cientos de nombres de lugares b\u00edblicos que muestran a los jud\u00edos vividos en Judea y Samaria desde la \u00e9poca de Abraham\u00bb, dijo Heldt a Fox News Digital. \u00abLa autoridad palestina ha tratado de borrar esta evidencia, pero es casi imposible eliminar\u00bb.<\/p>\n<p>Holdt se\u00f1al\u00f3 a Shiloh como un ejemplo pr\u00f3spero, con un sitio activo de kibutz y arqueol\u00f3gico donde se desenterran regularmente nuevos descubrimientos. \u00abLas comunidades jud\u00edas no solo viven en su patria ancestral, sino que lo est\u00e1n documentando. Se puede ver el impacto de varias capas de ocupaci\u00f3n en los \u00faltimos cien a\u00f1os\u00bb.<\/p>\n<div class=\"image-ct inline\">\n<div class=\"m\"><picture><source media=\"(max-width: 767px)\" srcset=\"https:\/\/a57.foxnews.com\/static.foxnews.com\/foxnews.com\/content\/uploads\/2025\/01\/343\/192\/city-of-david-7.jpg?ve=1&amp;tl=1, https:\/\/a57.foxnews.com\/static.foxnews.com\/foxnews.com\/content\/uploads\/2025\/01\/686\/384\/city-of-david-7.jpg?ve=1&amp;tl=1 2x\" height=\"192\" width=\"343\"><source media=\"(min-width: 768px) and (max-width: 1023px)\" srcset=\"https:\/\/a57.foxnews.com\/static.foxnews.com\/foxnews.com\/content\/uploads\/2025\/01\/672\/378\/city-of-david-7.jpg?ve=1&amp;tl=1, https:\/\/a57.foxnews.com\/static.foxnews.com\/foxnews.com\/content\/uploads\/2025\/01\/1344\/756\/city-of-david-7.jpg?ve=1&amp;tl=1 2x\" height=\"378\" width=\"672\"><source media=\"(min-width: 1024px) and (max-width: 1279px)\" srcset=\"https:\/\/a57.foxnews.com\/static.foxnews.com\/foxnews.com\/content\/uploads\/2025\/01\/931\/523\/city-of-david-7.jpg?ve=1&amp;tl=1, https:\/\/a57.foxnews.com\/static.foxnews.com\/foxnews.com\/content\/uploads\/2025\/01\/1862\/1046\/city-of-david-7.jpg?ve=1&amp;tl=1 2x\" height=\"523\" width=\"931\"><source media=\"(min-width: 1280px)\" srcset=\"https:\/\/a57.foxnews.com\/static.foxnews.com\/foxnews.com\/content\/uploads\/2025\/01\/720\/405\/city-of-david-7.jpg?ve=1&amp;tl=1, https:\/\/a57.foxnews.com\/static.foxnews.com\/foxnews.com\/content\/uploads\/2025\/01\/1440\/810\/city-of-david-7.jpg?ve=1&amp;tl=1 2x\" height=\"405\" width=\"720\"><img loading=\"lazy\" decoding=\"async\" src=\"https:\/\/a57.foxnews.com\/static.foxnews.com\/foxnews.com\/content\/uploads\/2025\/01\/1200\/675\/city-of-david-7.jpg?ve=1&amp;tl=1\" alt=\"Ciudad de David-7\" width=\"1200\" height=\"675\"\/><\/source><\/source><\/source><\/source><\/picture><\/div>\n<div class=\"info\">\n<div class=\"caption\">\n<p><span>Una instalaci\u00f3n tallada identificada como un altar, con un canal para el drenaje l\u00edquido. <\/span> <span>(Cr\u00e9dito: Kobi Harati, ciudad de David)<\/span><\/p>\n<\/div>\n<\/div>\n<\/div>\n<p><strong>Haga clic aqu\u00ed para obtener la aplicaci\u00f3n Fox News<\/strong><\/p>\n<p>Seg\u00fan Holdt, cuya organizaci\u00f3n alberga conferencias globales y programas educativos sobre hallazgos arqueol\u00f3gicos en Judea y Samaria, se necesita m\u00e1s apoyo internacional para proteger estos sitios. \u00abDebemos involucrar a los medios de comunicaci\u00f3n, universidades, artistas, cineastas y escritores para contar estas historias y hacer que estos lugares importen a nivel mundial\u00bb, dijo.<\/p>\n<p>La lucha por preservar los sitios hist\u00f3ricos jud\u00edos en Judea y Samaria no se trata solo de piedras o ruinas, es una batalla por la narrativa, la legitimidad y la identidad, seg\u00fan los expertos.<\/p>\n<p>\u00abLa forma de combatir esto es construir, educar y afirmar nuestra soberan\u00eda\u00bb, dijo el Fleisher de Hebr\u00f3n. \u00abAs\u00ed es como fortalecemos nuestra conexi\u00f3n con la tierra y protegemos la verdad de nuestra historia\u00bb.<\/p>\n<p> <!----> <\/p>\n<div class=\"article-meta\">\n<div class=\"author-bio\">\n<p>Amelie Botbol es una periodista independiente con sede en Tel Aviv. Sus art\u00edculos han aparecido en el New York Post, el National Post de Canad\u00e1 y el Washington Times. Amelie se puede seguir en x @datrePorter <\/p>\n<\/div>\n<\/div>\n<\/div>\n\n","protected":false},"excerpt":{"rendered":"<p>Tel Aviv: una arqueolog\u00eda principal La revista ha prohibido efectivamente las presentaciones de los israel\u00edes sobre Judea y Samaria a menos que \u00abhayan cooperado con las autoridades palestinas relevantes\u00bb, en lo que los analistas dicen que es un microcosmos del da\u00f1o causado por una campa\u00f1a global para blanquear la historia del pueblo jud\u00edo en la &hellip;<\/p>\n","protected":false},"author":1,"featured_media":25791,"comment_status":"open","ping_status":"open","sticky":false,"template":"","format":"standard","meta":{"fifu_image_url":"https:\/\/static.foxnews.com\/foxnews.com\/content\/uploads\/2025\/05\/tps-sebastia-national-park.jpg","fifu_image_alt":"","footnotes":""},"categories":[13],"tags":[],"class_list":["post-25789","post","type-post","status-publish","format-standard","has-post-thumbnail","","category-mundo"],"_links":{"self":[{"href":"https:\/\/noticiasveraces.com\/index.php?rest_route=\/wp\/v2\/posts\/25789","targetHints":{"allow":["GET"]}}],"collection":[{"href":"https:\/\/noticiasveraces.com\/index.php?rest_route=\/wp\/v2\/posts"}],"about":[{"href":"https:\/\/noticiasveraces.com\/index.php?rest_route=\/wp\/v2\/types\/post"}],"author":[{"embeddable":true,"href":"https:\/\/noticiasveraces.com\/index.php?rest_route=\/wp\/v2\/users\/1"}],"replies":[{"embeddable":true,"href":"https:\/\/noticiasveraces.com\/index.php?rest_route=%2Fwp%2Fv2%2Fcomments&post=25789"}],"version-history":[{"count":0,"href":"https:\/\/noticiasveraces.com\/index.php?rest_route=\/wp\/v2\/posts\/25789\/revisions"}],"wp:featuredmedia":[{"embeddable":true,"href":"https:\/\/noticiasveraces.com\/index.php?rest_route=\/wp\/v2\/media\/25791"}],"wp:attachment":[{"href":"https:\/\/noticiasveraces.com\/index.php?rest_route=%2Fwp%2Fv2%2Fmedia&parent=25789"}],"wp:term":[{"taxonomy":"category","embeddable":true,"href":"https:\/\/noticiasveraces.com\/index.php?rest_route=%2Fwp%2Fv2%2Fcategories&post=25789"},{"taxonomy":"post_tag","embeddable":true,"href":"https:\/\/noticiasveraces.com\/index.php?rest_route=%2Fwp%2Fv2%2Ftags&post=25789"}],"curies":[{"name":"wp","href":"https:\/\/api.w.org\/{rel}","templated":true}]}}