{"id":25773,"date":"2025-05-04T10:05:11","date_gmt":"2025-05-04T14:05:11","guid":{"rendered":"https:\/\/noticiasveraces.com\/?p=25773"},"modified":"2025-05-04T10:05:11","modified_gmt":"2025-05-04T14:05:11","slug":"philippine-francis-puede-hacer-historia-como-preparaciones-de-la-iglesia-para-las-elecciones-papales","status":"publish","type":"post","link":"https:\/\/noticiasveraces.com\/?p=25773","title":{"rendered":"&#8216;Philippine Francis&#8217; puede hacer historia como preparaciones de la iglesia para las elecciones papales"},"content":{"rendered":"<p> \n<\/p>\n<div>\n<p class=\"speakable\">KAOHSIUNG, Taiw\u00e1n &#8211; Puede que solo haya unos d\u00edas antes de que el Colegio de Cardenales se re\u00fana dentro de la Capilla Sixtina para elegir al pr\u00f3ximo l\u00edder de la Iglesia Cat\u00f3lica y, por primera vez en la historia, un Papa Asi\u00e1tico es una posibilidad real.<\/p>\n<p class=\"speakable\">De los 23 Cardenales de Asia elegibles para votar, aparece un nombre una y otra vez, el del cardenal Luis Antonio Tagle de Filipinas, a veces llamado \u00abFilipino Francisco\u00bb.<\/p>\n<p>El hombre de 67 a\u00f1os tuvo una relaci\u00f3n cercana con el Papa Francisco y sirvi\u00f3 como su enviado a Asia durante el a\u00f1o del Jubileo Especial 2015-16, durante la cual hizo una breve parada en Taipei, Taiw\u00e1n. Tagle tambi\u00e9n acompa\u00f1\u00f3 a Francis en su primer viaje internacional a Asia en 2014, cuando el pont\u00edfice visit\u00f3 Corea del Sur.<\/p>\n<p><strong>Taiw\u00e1n en el l\u00edmite despu\u00e9s de la muerte del Papa Francisco, observando de cerca las relaciones con el Vaticano-China<\/strong><\/p>\n<div class=\"image-ct inline\">\n<div class=\"m\"><picture><source media=\"(max-width: 767px)\" srcset=\"https:\/\/a57.foxnews.com\/static.foxnews.com\/foxnews.com\/content\/uploads\/2025\/02\/343\/192\/tagle.jpg?ve=1&amp;tl=1, https:\/\/a57.foxnews.com\/static.foxnews.com\/foxnews.com\/content\/uploads\/2025\/02\/686\/384\/tagle.jpg?ve=1&amp;tl=1 2x\" height=\"192\" width=\"343\"><source media=\"(min-width: 768px) and (max-width: 1023px)\" srcset=\"https:\/\/a57.foxnews.com\/static.foxnews.com\/foxnews.com\/content\/uploads\/2025\/02\/672\/378\/tagle.jpg?ve=1&amp;tl=1, https:\/\/a57.foxnews.com\/static.foxnews.com\/foxnews.com\/content\/uploads\/2025\/02\/1344\/756\/tagle.jpg?ve=1&amp;tl=1 2x\" height=\"378\" width=\"672\"><source media=\"(min-width: 1024px) and (max-width: 1279px)\" srcset=\"https:\/\/a57.foxnews.com\/static.foxnews.com\/foxnews.com\/content\/uploads\/2025\/02\/931\/523\/tagle.jpg?ve=1&amp;tl=1, https:\/\/a57.foxnews.com\/static.foxnews.com\/foxnews.com\/content\/uploads\/2025\/02\/1862\/1046\/tagle.jpg?ve=1&amp;tl=1 2x\" height=\"523\" width=\"931\"><source media=\"(min-width: 1280px)\" srcset=\"https:\/\/a57.foxnews.com\/static.foxnews.com\/foxnews.com\/content\/uploads\/2025\/02\/720\/405\/tagle.jpg?ve=1&amp;tl=1, https:\/\/a57.foxnews.com\/static.foxnews.com\/foxnews.com\/content\/uploads\/2025\/02\/1440\/810\/tagle.jpg?ve=1&amp;tl=1 2x\" height=\"405\" width=\"720\"><img loading=\"lazy\" decoding=\"async\" src=\"https:\/\/a57.foxnews.com\/static.foxnews.com\/foxnews.com\/content\/uploads\/2025\/02\/1200\/675\/tagle.jpg?ve=1&amp;tl=1\" alt=\"El Papa Francisco saluda al cardenal Peter Erdo\" width=\"1200\" height=\"675\"\/><\/source><\/source><\/source><\/source><\/picture><\/div>\n<div class=\"info\">\n<div class=\"caption\">\n<p><span>El Papa Francisco, a la derecha, oleadas al cardenal filipino Luis Antonio Tagle, izquierda, durante una bienvenida ceremonial en el Palacio Presidencial en Yakarta el 4 de septiembre de 2024.<\/span> <span>(Tizing Fabi\/AFP a trav\u00e9s de Getty Images)<\/span><\/p>\n<\/div>\n<\/div>\n<\/div>\n<p>El Papa Francisco logr\u00f3 varios \u00abprimeros\u00bb en Asia, incluso convertirse en el primer pont\u00edfice en visitar a Myanmar en 2017 y Mongolia en 2023. Thomas Tu, un experto en diplomacia del Vaticano en la Universidad Nacional de Chengchi de Taiw\u00e1n, dijo a Fox News Digital que Mongolia es solo el hogar de solo 1,400 cat\u00f3licos, ahora es una cardenal, pero es Italian Born, y solo 50 a\u00f1os, solo hace 50 a\u00f1os, solo hace que Monte sea de un solo 1,400 catolics, ahora es una cardenal, pero He Italian Born, solo 50, y solo hace 50 a\u00f1os. como el Papa es poco probable.<\/p>\n<p>Otro candidato asi\u00e1tico es el cardenal de Birmania Charles Maung Bo, de 76 a\u00f1os, de un pa\u00eds donde los cat\u00f3licos representan solo aproximadamente el 1% de la poblaci\u00f3n. Mientras tanto, en los \u00faltimos d\u00edas, los informes de los peri\u00f3dicos de Corea del Sur sugiren que el cardenal surcoreano Lazarus You Heung-sik, de 74 a\u00f1os, se encuentre entre los principales candidatos a suceder al Papa Francisco.<\/p>\n<div class=\"image-ct inline\">\n<div class=\"m\"><picture><source media=\"(max-width: 767px)\" srcset=\"https:\/\/a57.foxnews.com\/static.foxnews.com\/foxnews.com\/content\/uploads\/2025\/02\/343\/192\/pope-francis-travels-to-mongolia.jpg?ve=1&amp;tl=1, https:\/\/a57.foxnews.com\/static.foxnews.com\/foxnews.com\/content\/uploads\/2025\/02\/686\/384\/pope-francis-travels-to-mongolia.jpg?ve=1&amp;tl=1 2x\" height=\"192\" width=\"343\"><source media=\"(min-width: 768px) and (max-width: 1023px)\" srcset=\"https:\/\/a57.foxnews.com\/static.foxnews.com\/foxnews.com\/content\/uploads\/2025\/02\/672\/378\/pope-francis-travels-to-mongolia.jpg?ve=1&amp;tl=1, https:\/\/a57.foxnews.com\/static.foxnews.com\/foxnews.com\/content\/uploads\/2025\/02\/1344\/756\/pope-francis-travels-to-mongolia.jpg?ve=1&amp;tl=1 2x\" height=\"378\" width=\"672\"><source media=\"(min-width: 1024px) and (max-width: 1279px)\" srcset=\"https:\/\/a57.foxnews.com\/static.foxnews.com\/foxnews.com\/content\/uploads\/2025\/02\/931\/523\/pope-francis-travels-to-mongolia.jpg?ve=1&amp;tl=1, https:\/\/a57.foxnews.com\/static.foxnews.com\/foxnews.com\/content\/uploads\/2025\/02\/1862\/1046\/pope-francis-travels-to-mongolia.jpg?ve=1&amp;tl=1 2x\" height=\"523\" width=\"931\"><source media=\"(min-width: 1280px)\" srcset=\"https:\/\/a57.foxnews.com\/static.foxnews.com\/foxnews.com\/content\/uploads\/2025\/02\/720\/405\/pope-francis-travels-to-mongolia.jpg?ve=1&amp;tl=1, https:\/\/a57.foxnews.com\/static.foxnews.com\/foxnews.com\/content\/uploads\/2025\/02\/1440\/810\/pope-francis-travels-to-mongolia.jpg?ve=1&amp;tl=1 2x\" height=\"405\" width=\"720\"><img loading=\"lazy\" decoding=\"async\" src=\"https:\/\/a57.foxnews.com\/static.foxnews.com\/foxnews.com\/content\/uploads\/2025\/02\/1200\/675\/pope-francis-travels-to-mongolia.jpg?ve=1&amp;tl=1\" alt=\"El Papa Francisco viaja a Mongolia\" width=\"1200\" height=\"675\"\/><\/source><\/source><\/source><\/source><\/picture><\/div>\n<div class=\"info\">\n<div class=\"caption\">\n<p><span>El Papa Francisco saluda a la gente de China cuando concluye la misa en el Teatro Hun el 3 de septiembre de 2023, en Ulaanbaatar, Mongolia<\/span> <span>(Medios del Vaticano a trav\u00e9s de Vatican Pool\/Getty Images)<\/span><\/p>\n<\/div>\n<\/div>\n<\/div>\n<p>El catolicismo est\u00e1 creciendo r\u00e1pidamente en Corea del Sur, seg\u00fan TU, con sede en Taipei, quien le dijo a Fox News Digital que tanto los budos como los protestantes han estado convirtiendo a tasas sorprendentes. <\/p>\n<p>\u00abA diferencia de Brasil, donde los cat\u00f3licos est\u00e1n perdiendo miembros por evang\u00e9licos, la Iglesia Cat\u00f3lica de Corea est\u00e1 atrayendo nuevos seguidores\u00bb, dijo Tu. El entonces obispo Lazarus You Heung-sik se le atribuye ampliamente ayudar a persuadir al Papa Francisco para que Corea del Sur sea la primera parada en sus viajes asi\u00e1ticos en 2014. Heung-sik fue hecho cardenal por el Papa Francisco en 2022.<\/p>\n<div class=\"image-ct inline\">\n<div class=\"m\"><picture><source media=\"(max-width: 767px)\" srcset=\"https:\/\/a57.foxnews.com\/static.foxnews.com\/foxnews.com\/content\/uploads\/2025\/04\/343\/192\/korea-cardinal-scaled.jpg?ve=1&amp;tl=1, https:\/\/a57.foxnews.com\/static.foxnews.com\/foxnews.com\/content\/uploads\/2025\/04\/686\/384\/korea-cardinal-scaled.jpg?ve=1&amp;tl=1 2x\" height=\"192\" width=\"343\"><source media=\"(min-width: 768px) and (max-width: 1023px)\" srcset=\"https:\/\/a57.foxnews.com\/static.foxnews.com\/foxnews.com\/content\/uploads\/2025\/04\/672\/378\/korea-cardinal-scaled.jpg?ve=1&amp;tl=1, https:\/\/a57.foxnews.com\/static.foxnews.com\/foxnews.com\/content\/uploads\/2025\/04\/1344\/756\/korea-cardinal-scaled.jpg?ve=1&amp;tl=1 2x\" height=\"378\" width=\"672\"><source media=\"(min-width: 1024px) and (max-width: 1279px)\" srcset=\"https:\/\/a57.foxnews.com\/static.foxnews.com\/foxnews.com\/content\/uploads\/2025\/04\/931\/523\/korea-cardinal-scaled.jpg?ve=1&amp;tl=1, https:\/\/a57.foxnews.com\/static.foxnews.com\/foxnews.com\/content\/uploads\/2025\/04\/1862\/1046\/korea-cardinal-scaled.jpg?ve=1&amp;tl=1 2x\" height=\"523\" width=\"931\"><source media=\"(min-width: 1280px)\" srcset=\"https:\/\/a57.foxnews.com\/static.foxnews.com\/foxnews.com\/content\/uploads\/2025\/04\/720\/405\/korea-cardinal-scaled.jpg?ve=1&amp;tl=1, https:\/\/a57.foxnews.com\/static.foxnews.com\/foxnews.com\/content\/uploads\/2025\/04\/1440\/810\/korea-cardinal-scaled.jpg?ve=1&amp;tl=1 2x\" height=\"405\" width=\"720\"><img loading=\"lazy\" decoding=\"async\" src=\"https:\/\/a57.foxnews.com\/static.foxnews.com\/foxnews.com\/content\/uploads\/2025\/04\/1200\/675\/korea-cardinal-scaled.jpg?ve=1&amp;tl=1\" alt=\"Papa Francisco, a la derecha, camina con el obispo de Daejon, L\u00e1zaro You Heung-sik\" width=\"1200\" height=\"675\"\/><\/source><\/source><\/source><\/source><\/picture><\/div>\n<div class=\"info\">\n<div class=\"caption\">\n<p><span>El Papa Francisco, a la derecha, camina con el obispo de Daejon, L\u00e1zaro You Heung-sik, cuando llega al santuario de Solmoe, lugar de nacimiento de Saint Andrew Kim Taegon, en Dangjin el 15 de agosto de 2014.<\/span> <span>(Vincenzo Pinto\/AFP a trav\u00e9s de Getty Images)<\/span><\/p>\n<\/div>\n<\/div>\n<\/div>\n<p>Francis puede ser calificado alg\u00fan d\u00eda entre los papas m\u00e1s influyentes de todos los tiempos. El Papa Juan Pablo II hizo historia al convertirse en el primer Papa de Polonia y su pontificado dur\u00f3 26 a\u00f1os (1978-2006). Francis fue jefe de la Iglesia Cat\u00f3lica durante un tiempo mucho m\u00e1s corto, casi exactamente 12 a\u00f1os, pero el difunto Papa nombr\u00f3 al 80% de los Cardenales que votar\u00e1n por su sucesor. <\/p>\n<p>El difunto Santo Padre tambi\u00e9n ampli\u00f3 el n\u00famero de cardenales y, por primera vez en la historia, el pr\u00f3ximo c\u00f3nclave ver\u00e1 a los cardenales europeos en la minor\u00eda. Sin embargo, algunos expertos advierten contra suponer que el pr\u00f3ximo Papa ser\u00e1 \u00abFrancis el segundo\u00bb, ya que muchos de estos nuevos cardenales se consideran m\u00e1s conservadores.  <\/p>\n<p><strong>C\u00f3nclave para elegir al pr\u00f3ximo Papa para comenzar el 7 de mayo, dice el Vaticano<\/strong><\/p>\n<div class=\"image-ct inline\">\n<div class=\"m\"><picture><source media=\"(max-width: 767px)\" srcset=\"https:\/\/a57.foxnews.com\/static.foxnews.com\/foxnews.com\/content\/uploads\/2025\/04\/343\/192\/taiwan-catholics-scaled.jpg?ve=1&amp;tl=1, https:\/\/a57.foxnews.com\/static.foxnews.com\/foxnews.com\/content\/uploads\/2025\/04\/686\/384\/taiwan-catholics-scaled.jpg?ve=1&amp;tl=1 2x\" height=\"192\" width=\"343\"><source media=\"(min-width: 768px) and (max-width: 1023px)\" srcset=\"https:\/\/a57.foxnews.com\/static.foxnews.com\/foxnews.com\/content\/uploads\/2025\/04\/672\/378\/taiwan-catholics-scaled.jpg?ve=1&amp;tl=1, https:\/\/a57.foxnews.com\/static.foxnews.com\/foxnews.com\/content\/uploads\/2025\/04\/1344\/756\/taiwan-catholics-scaled.jpg?ve=1&amp;tl=1 2x\" height=\"378\" width=\"672\"><source media=\"(min-width: 1024px) and (max-width: 1279px)\" srcset=\"https:\/\/a57.foxnews.com\/static.foxnews.com\/foxnews.com\/content\/uploads\/2025\/04\/931\/523\/taiwan-catholics-scaled.jpg?ve=1&amp;tl=1, https:\/\/a57.foxnews.com\/static.foxnews.com\/foxnews.com\/content\/uploads\/2025\/04\/1862\/1046\/taiwan-catholics-scaled.jpg?ve=1&amp;tl=1 2x\" height=\"523\" width=\"931\"><source media=\"(min-width: 1280px)\" srcset=\"https:\/\/a57.foxnews.com\/static.foxnews.com\/foxnews.com\/content\/uploads\/2025\/04\/720\/405\/taiwan-catholics-scaled.jpg?ve=1&amp;tl=1, https:\/\/a57.foxnews.com\/static.foxnews.com\/foxnews.com\/content\/uploads\/2025\/04\/1440\/810\/taiwan-catholics-scaled.jpg?ve=1&amp;tl=1 2x\" height=\"405\" width=\"720\"><img loading=\"lazy\" decoding=\"async\" src=\"https:\/\/a57.foxnews.com\/static.foxnews.com\/foxnews.com\/content\/uploads\/2025\/04\/1200\/675\/taiwan-catholics-scaled.jpg?ve=1&amp;tl=1\" alt=\"Motociclista que pasa por la iglesia del Esp\u00edritu Santo en Yanshui\" width=\"1200\" height=\"675\"\/><\/source><\/source><\/source><\/source><\/picture><\/div>\n<div class=\"info\">\n<div class=\"caption\">\n<p><span>Esta foto tomada el 10 de agosto de 2018 muestra a un motociclista que pasa m\u00e1s all\u00e1 de la Iglesia del Esp\u00edritu Santo en Yanshui, a una hora en coche de la ciudad sure\u00f1a de Tainan.<\/span> <span>(Sam Yeh\/AFP a trav\u00e9s de Getty Images)<\/span><\/p>\n<\/div>\n<\/div>\n<\/div>\n<p>La naci\u00f3n natal de los cardenales asi\u00e1ticos no refleja necesariamente el n\u00famero de cat\u00f3licos all\u00ed. En Jap\u00f3n, los cat\u00f3licos representan menos del 0.5% de la poblaci\u00f3n, pero hay un cardenal japon\u00e9s que es razonablemente activo en las redes sociales. El bloque asi\u00e1tico m\u00e1s grande de cardenales proviene de la mayor\u00eda de la India de hind\u00faes, que tiene seis a los cinco predominantemente cat\u00f3licos de Filipinas. <\/p>\n<p>A\u00fan as\u00ed, muchos observadores del Vaticano creen que el cardenal Tagle sigue siendo el candidato asi\u00e1tico m\u00e1s probable, aunque sus posturas progresivas pueden resultar divisivas. Tagle ha criticado p\u00fablicamente a la Iglesia por usar \u00abpalabras duras\u00bb en cr\u00edticas pasadas de los cat\u00f3licos LGBTQ y volvi\u00f3 a casar los divorciados y defensores de un enfoque m\u00e1s flexible. Esta postura est\u00e1 en l\u00ednea con la declaraci\u00f3n papal de 2015 del Papa Francisco que dice que la iglesia necesita \u00abevitar juicios que no tengan en cuenta la complejidad de varias situaciones\u00bb.<\/p>\n<div class=\"image-ct inline\">\n<div class=\"m\"><picture><source media=\"(max-width: 767px)\" srcset=\"https:\/\/a57.foxnews.com\/static.foxnews.com\/foxnews.com\/content\/uploads\/2025\/04\/343\/192\/burma-cardinal-scaled.jpg?ve=1&amp;tl=1, https:\/\/a57.foxnews.com\/static.foxnews.com\/foxnews.com\/content\/uploads\/2025\/04\/686\/384\/burma-cardinal-scaled.jpg?ve=1&amp;tl=1 2x\" height=\"192\" width=\"343\"><source media=\"(min-width: 768px) and (max-width: 1023px)\" srcset=\"https:\/\/a57.foxnews.com\/static.foxnews.com\/foxnews.com\/content\/uploads\/2025\/04\/672\/378\/burma-cardinal-scaled.jpg?ve=1&amp;tl=1, https:\/\/a57.foxnews.com\/static.foxnews.com\/foxnews.com\/content\/uploads\/2025\/04\/1344\/756\/burma-cardinal-scaled.jpg?ve=1&amp;tl=1 2x\" height=\"378\" width=\"672\"><source media=\"(min-width: 1024px) and (max-width: 1279px)\" srcset=\"https:\/\/a57.foxnews.com\/static.foxnews.com\/foxnews.com\/content\/uploads\/2025\/04\/931\/523\/burma-cardinal-scaled.jpg?ve=1&amp;tl=1, https:\/\/a57.foxnews.com\/static.foxnews.com\/foxnews.com\/content\/uploads\/2025\/04\/1862\/1046\/burma-cardinal-scaled.jpg?ve=1&amp;tl=1 2x\" height=\"523\" width=\"931\"><source media=\"(min-width: 1280px)\" srcset=\"https:\/\/a57.foxnews.com\/static.foxnews.com\/foxnews.com\/content\/uploads\/2025\/04\/720\/405\/burma-cardinal-scaled.jpg?ve=1&amp;tl=1, https:\/\/a57.foxnews.com\/static.foxnews.com\/foxnews.com\/content\/uploads\/2025\/04\/1440\/810\/burma-cardinal-scaled.jpg?ve=1&amp;tl=1 2x\" height=\"405\" width=\"720\"><img loading=\"lazy\" decoding=\"async\" src=\"https:\/\/a57.foxnews.com\/static.foxnews.com\/foxnews.com\/content\/uploads\/2025\/04\/1200\/675\/burma-cardinal-scaled.jpg?ve=1&amp;tl=1\" alt=\"El cardenal Charles Maung Bo posa con gente\" width=\"1200\" height=\"675\"\/><\/source><\/source><\/source><\/source><\/picture><\/div>\n<div class=\"info\">\n<div class=\"caption\">\n<p><span>El cardenal Charles Maung Bo posa con familiares durante una visita de cortes\u00eda el 14 de febrero de 2015 en el Vaticano.<\/span> <span>(Tizing Fabi\/AFP a trav\u00e9s de Getty Images)<\/span><\/p>\n<\/div>\n<\/div>\n<\/div>\n<p><strong><u>Haga clic aqu\u00ed para obtener la aplicaci\u00f3n Fox News<\/u><\/strong><strong> <\/strong><\/p>\n<p>Si Tagle super\u00f3 las probabilidades y se convirti\u00f3 en el pr\u00f3ximo Papa, su elecci\u00f3n energizar\u00eda el ala progresista de la iglesia, ya que probablemente continuar\u00eda la direcci\u00f3n liberal de la tendencia liberal trazada por Francis. Su \u00e9nfasis en servir a los pobres le ha ganado admiraci\u00f3n en Asia y m\u00e1s all\u00e1, al igual que su estilo relatable. Seg\u00fan los informes, Tagle prefiere ser llamado por su apodo \u00abChito\u00bb, en lugar de por su t\u00edtulo formal. <\/p>\n<div class=\"image-ct inline\">\n<div class=\"m\"><picture><source media=\"(max-width: 767px)\" srcset=\"https:\/\/a57.foxnews.com\/static.foxnews.com\/foxnews.com\/content\/uploads\/2025\/05\/343\/192\/tagle-scaled.jpg?ve=1&amp;tl=1, https:\/\/a57.foxnews.com\/static.foxnews.com\/foxnews.com\/content\/uploads\/2025\/05\/686\/384\/tagle-scaled.jpg?ve=1&amp;tl=1 2x\" height=\"192\" width=\"343\"><source media=\"(min-width: 768px) and (max-width: 1023px)\" srcset=\"https:\/\/a57.foxnews.com\/static.foxnews.com\/foxnews.com\/content\/uploads\/2025\/05\/672\/378\/tagle-scaled.jpg?ve=1&amp;tl=1, https:\/\/a57.foxnews.com\/static.foxnews.com\/foxnews.com\/content\/uploads\/2025\/05\/1344\/756\/tagle-scaled.jpg?ve=1&amp;tl=1 2x\" height=\"378\" width=\"672\"><source media=\"(min-width: 1024px) and (max-width: 1279px)\" srcset=\"https:\/\/a57.foxnews.com\/static.foxnews.com\/foxnews.com\/content\/uploads\/2025\/05\/931\/523\/tagle-scaled.jpg?ve=1&amp;tl=1, https:\/\/a57.foxnews.com\/static.foxnews.com\/foxnews.com\/content\/uploads\/2025\/05\/1862\/1046\/tagle-scaled.jpg?ve=1&amp;tl=1 2x\" height=\"523\" width=\"931\"><source media=\"(min-width: 1280px)\" srcset=\"https:\/\/a57.foxnews.com\/static.foxnews.com\/foxnews.com\/content\/uploads\/2025\/05\/720\/405\/tagle-scaled.jpg?ve=1&amp;tl=1, https:\/\/a57.foxnews.com\/static.foxnews.com\/foxnews.com\/content\/uploads\/2025\/05\/1440\/810\/tagle-scaled.jpg?ve=1&amp;tl=1 2x\" height=\"405\" width=\"720\"><img loading=\"lazy\" decoding=\"async\" src=\"https:\/\/a57.foxnews.com\/static.foxnews.com\/foxnews.com\/content\/uploads\/2025\/05\/1200\/675\/tagle-scaled.jpg?ve=1&amp;tl=1\" alt=\"Papa Francis y Luis Antonio Tagle sonriendo\" width=\"1200\" height=\"675\"\/><\/source><\/source><\/source><\/source><\/picture><\/div>\n<div class=\"info\">\n<div class=\"caption\">\n<p><span>El Papa Francisco oficiando a la audiencia general en la Plaza de San Pedro. Papa Francisco junto con el cardenal Luis Antonio Tagle.<\/span> <span>(Foto de Grzegorz Galazka\/Archivio Grzegorz Galazka\/Mondadori Portafolio a trav\u00e9s de Getty Images)<\/span><\/p>\n<\/div>\n<\/div>\n<\/div>\n<p>Thomas Tu comparti\u00f3 una historia personal sobre la compasi\u00f3n de Tagle, recordando un incidente antes de que el cardenal recibiera su sombrero rojo. Despu\u00e9s de que un joven seminarista muri\u00f3 repentinamente, Tagle eligi\u00f3 unirse al grupo de miembros del seminario superior y visitar personalmente a la familia afligida, luego dando un serm\u00f3n conmovedor en el que \u00abcompar\u00f3 la iglesia con una madre, similar a la que hab\u00eda perdido a su hijo\u00bb, dijo Tu. \u00abTagle solo tiene una forma de llegar a personas que son especiales\u00bb.<\/p>\n<p>Pocos disputan que la elecci\u00f3n del pr\u00f3ximo Papa estar\u00e1 entre los momentos m\u00e1s consecuentes para la Iglesia Cat\u00f3lica en d\u00e9cadas. Y, por primera vez, los candidatos de Asia ahora son parte de conversaciones serias sobre la direcci\u00f3n futura de la fe.<\/p>\n<p> <!----> <\/p>\n<div class=\"article-meta\">\n<div class=\"author-bio\">\n<p>Eryk Michael Smith es un corresponsal con sede en Taiw\u00e1n que desde 2007 ha trabajado tanto como periodista de transmisi\u00f3n para la \u00fanica estaci\u00f3n de radio en ingl\u00e9s de la isla, ICRT, as\u00ed como con muchas otras publicaciones y medios de comunicaci\u00f3n locales. El periodismo de Smith se centra en las relaciones de Taiw\u00e1n-China, la pol\u00edtica local, as\u00ed como los desarrollos de ciencia y tecnolog\u00eda en la regi\u00f3n de la Gran China. Tiene su sede en la ciudad sure\u00f1a m\u00e1s grande de Taiw\u00e1n, Kaohsiung. Se le puede seguir @eryksmithtaiwan<\/p>\n<\/div>\n<\/div>\n<\/div>\n\n","protected":false},"excerpt":{"rendered":"<p>KAOHSIUNG, Taiw\u00e1n &#8211; Puede que solo haya unos d\u00edas antes de que el Colegio de Cardenales se re\u00fana dentro de la Capilla Sixtina para elegir al pr\u00f3ximo l\u00edder de la Iglesia Cat\u00f3lica y, por primera vez en la historia, un Papa Asi\u00e1tico es una posibilidad real. De los 23 Cardenales de Asia elegibles para votar, &hellip;<\/p>\n","protected":false},"author":1,"featured_media":25775,"comment_status":"open","ping_status":"open","sticky":false,"template":"","format":"standard","meta":{"fifu_image_url":"https:\/\/static.foxnews.com\/foxnews.com\/content\/uploads\/2025\/05\/tagle-scaled.jpg","fifu_image_alt":"","footnotes":""},"categories":[13],"tags":[],"class_list":["post-25773","post","type-post","status-publish","format-standard","has-post-thumbnail","","category-mundo"],"_links":{"self":[{"href":"https:\/\/noticiasveraces.com\/index.php?rest_route=\/wp\/v2\/posts\/25773","targetHints":{"allow":["GET"]}}],"collection":[{"href":"https:\/\/noticiasveraces.com\/index.php?rest_route=\/wp\/v2\/posts"}],"about":[{"href":"https:\/\/noticiasveraces.com\/index.php?rest_route=\/wp\/v2\/types\/post"}],"author":[{"embeddable":true,"href":"https:\/\/noticiasveraces.com\/index.php?rest_route=\/wp\/v2\/users\/1"}],"replies":[{"embeddable":true,"href":"https:\/\/noticiasveraces.com\/index.php?rest_route=%2Fwp%2Fv2%2Fcomments&post=25773"}],"version-history":[{"count":0,"href":"https:\/\/noticiasveraces.com\/index.php?rest_route=\/wp\/v2\/posts\/25773\/revisions"}],"wp:featuredmedia":[{"embeddable":true,"href":"https:\/\/noticiasveraces.com\/index.php?rest_route=\/wp\/v2\/media\/25775"}],"wp:attachment":[{"href":"https:\/\/noticiasveraces.com\/index.php?rest_route=%2Fwp%2Fv2%2Fmedia&parent=25773"}],"wp:term":[{"taxonomy":"category","embeddable":true,"href":"https:\/\/noticiasveraces.com\/index.php?rest_route=%2Fwp%2Fv2%2Fcategories&post=25773"},{"taxonomy":"post_tag","embeddable":true,"href":"https:\/\/noticiasveraces.com\/index.php?rest_route=%2Fwp%2Fv2%2Ftags&post=25773"}],"curies":[{"name":"wp","href":"https:\/\/api.w.org\/{rel}","templated":true}]}}