{"id":25767,"date":"2025-05-04T08:02:23","date_gmt":"2025-05-04T12:02:23","guid":{"rendered":"https:\/\/noticiasveraces.com\/?p=25767"},"modified":"2025-05-04T08:02:23","modified_gmt":"2025-05-04T12:02:23","slug":"el-misil-houthi-evade-defensas-israelies-ataques-cerca-del-aeropuerto-de-tel-aviv","status":"publish","type":"post","link":"https:\/\/noticiasveraces.com\/?p=25767","title":{"rendered":"El misil Houthi evade defensas israel\u00edes, ataques cerca del aeropuerto de Tel Aviv"},"content":{"rendered":"<p> \n<\/p>\n<div>\n<p class=\"speakable\">Un misil Houthi golpe\u00f3 el suelo israel\u00ed cerca del aeropuerto m\u00e1s grande de Tel Aviv el domingo, lo que provoc\u00f3 que m\u00faltiples aerol\u00edneas internacionales cancelen vuelos a Israel.<\/p>\n<p class=\"speakable\">El primer ministro israel\u00ed, Benjamin Netanyahu, prometi\u00f3 represalias por el ataque el domingo y participar\u00e1 en varias reuniones de defensa durante todo el d\u00eda. Seg\u00fan los informes, el misil evadi\u00f3 las defensas de los misiles israel\u00edes y estadounidenses, seg\u00fan los medios de comunicaci\u00f3n israel\u00edes.<\/p>\n<p>\u00abQuien nos da\u00f1e, los golpearemos siete veces\u00bb, dijo el ministro de Defensa, Israel Katz.<\/p>\n<p>Lufthansa, Swiss y Air Europa estuvieron entre las aerol\u00edneas para cancelar vuelos a Israel, aunque esperan reanudar el servicio el lunes.<\/p>\n<p><strong><u>L\u00edder terrorista de Hamas asesinado en &#8216;huelga precisa&#8217; por Israel: FDI<\/u><\/strong><\/p>\n<div class=\"image-ct inline\">\n<div class=\"m\"><picture><source media=\"(max-width: 767px)\" srcset=\"https:\/\/a57.foxnews.com\/static.foxnews.com\/foxnews.com\/content\/uploads\/2025\/03\/343\/192\/netanyahu.jpg?ve=1&amp;tl=1, https:\/\/a57.foxnews.com\/static.foxnews.com\/foxnews.com\/content\/uploads\/2025\/03\/686\/384\/netanyahu.jpg?ve=1&amp;tl=1 2x\" height=\"192\" width=\"343\"><source media=\"(min-width: 768px) and (max-width: 1023px)\" srcset=\"https:\/\/a57.foxnews.com\/static.foxnews.com\/foxnews.com\/content\/uploads\/2025\/03\/672\/378\/netanyahu.jpg?ve=1&amp;tl=1, https:\/\/a57.foxnews.com\/static.foxnews.com\/foxnews.com\/content\/uploads\/2025\/03\/1344\/756\/netanyahu.jpg?ve=1&amp;tl=1 2x\" height=\"378\" width=\"672\"><source media=\"(min-width: 1024px) and (max-width: 1279px)\" srcset=\"https:\/\/a57.foxnews.com\/static.foxnews.com\/foxnews.com\/content\/uploads\/2025\/03\/931\/523\/netanyahu.jpg?ve=1&amp;tl=1, https:\/\/a57.foxnews.com\/static.foxnews.com\/foxnews.com\/content\/uploads\/2025\/03\/1862\/1046\/netanyahu.jpg?ve=1&amp;tl=1 2x\" height=\"523\" width=\"931\"><source media=\"(min-width: 1280px)\" srcset=\"https:\/\/a57.foxnews.com\/static.foxnews.com\/foxnews.com\/content\/uploads\/2025\/03\/720\/405\/netanyahu.jpg?ve=1&amp;tl=1, https:\/\/a57.foxnews.com\/static.foxnews.com\/foxnews.com\/content\/uploads\/2025\/03\/1440\/810\/netanyahu.jpg?ve=1&amp;tl=1 2x\" height=\"405\" width=\"720\"><img loading=\"lazy\" decoding=\"async\" src=\"https:\/\/a57.foxnews.com\/static.foxnews.com\/foxnews.com\/content\/uploads\/2025\/03\/1200\/675\/netanyahu.jpg?ve=1&amp;tl=1\" alt=\"Primer Ministro israel\u00ed Benjamin Netanyahu en 2023\" width=\"1200\" height=\"675\"\/><\/source><\/source><\/source><\/source><\/picture><\/div>\n<div class=\"info\">\n<div class=\"caption\">\n<p><span>El primer ministro israel\u00ed, Benjamin Netanyahu, se reunir\u00e1 con funcionarios de defensa despu\u00e9s de un misil Houthi golpeado cerca del aeropuerto de Tel Aviv.<\/span> <span>(Jacquelyn Martin\/Pool\/AFP a trav\u00e9s de Getty Images)<\/span><\/p>\n<\/div>\n<\/div>\n<\/div>\n<p>No hubo informes de lesiones de la huelga de misiles, e Israel a\u00fan no ha confirmado ninguna represalia militar espec\u00edfica.<\/p>\n<p>Durante el fin de semana, la Fuerza A\u00e9rea Israel\u00ed dice que alcanz\u00f3 m\u00e1s de 100 objetivos terroristas en la Franja de Gaza, incluidas las c\u00e9lulas terroristas, los t\u00faneles, los sitios de infraestructura subterr\u00e1nea y otras estructuras militares.<\/p>\n<p><strong><u>El ministro de Relaciones Exteriores israel\u00ed da a la ONU, lo llama &#8216;Cuerpo podrido, Anti-Israel y Antisemita&#8217;<\/u><\/strong><\/p>\n<p>Las tropas de las FDI que operan en el sur de Gaza tambi\u00e9n ubicaron cach\u00e9s de armas en el \u00e1rea, desmantelaron docenas de sitios de infraestructura terrorista y eliminaron a varios terroristas.<\/p>\n<div class=\"image-ct inline\">\n<div class=\"m\"><picture><source media=\"(max-width: 767px)\" srcset=\"https:\/\/a57.foxnews.com\/static.foxnews.com\/foxnews.com\/content\/uploads\/2024\/03\/343\/192\/IDF_fighting-in-Gaza.jpeg?ve=1&amp;tl=1, https:\/\/a57.foxnews.com\/static.foxnews.com\/foxnews.com\/content\/uploads\/2024\/03\/686\/384\/IDF_fighting-in-Gaza.jpeg?ve=1&amp;tl=1 2x\" height=\"192\" width=\"343\"><source media=\"(min-width: 768px) and (max-width: 1023px)\" srcset=\"https:\/\/a57.foxnews.com\/static.foxnews.com\/foxnews.com\/content\/uploads\/2024\/03\/672\/378\/IDF_fighting-in-Gaza.jpeg?ve=1&amp;tl=1, https:\/\/a57.foxnews.com\/static.foxnews.com\/foxnews.com\/content\/uploads\/2024\/03\/1344\/756\/IDF_fighting-in-Gaza.jpeg?ve=1&amp;tl=1 2x\" height=\"378\" width=\"672\"><source media=\"(min-width: 1024px) and (max-width: 1279px)\" srcset=\"https:\/\/a57.foxnews.com\/static.foxnews.com\/foxnews.com\/content\/uploads\/2024\/03\/931\/523\/IDF_fighting-in-Gaza.jpeg?ve=1&amp;tl=1, https:\/\/a57.foxnews.com\/static.foxnews.com\/foxnews.com\/content\/uploads\/2024\/03\/1862\/1046\/IDF_fighting-in-Gaza.jpeg?ve=1&amp;tl=1 2x\" height=\"523\" width=\"931\"><source media=\"(min-width: 1280px)\" srcset=\"https:\/\/a57.foxnews.com\/static.foxnews.com\/foxnews.com\/content\/uploads\/2024\/03\/720\/405\/IDF_fighting-in-Gaza.jpeg?ve=1&amp;tl=1, https:\/\/a57.foxnews.com\/static.foxnews.com\/foxnews.com\/content\/uploads\/2024\/03\/1440\/810\/IDF_fighting-in-Gaza.jpeg?ve=1&amp;tl=1 2x\" height=\"405\" width=\"720\"><img loading=\"lazy\" decoding=\"async\" src=\"https:\/\/a57.foxnews.com\/static.foxnews.com\/foxnews.com\/content\/uploads\/2024\/03\/1200\/675\/IDF_fighting-in-Gaza.jpeg?ve=1&amp;tl=1\" alt=\"Tropas de las FDI en las cercan\u00edas del Hospital Al-Shifa en Gaza.\" width=\"1200\" height=\"675\"\/><\/source><\/source><\/source><\/source><\/picture><\/div>\n<div class=\"info\">\n<div class=\"caption\">\n<p><span>Las fuerzas israel\u00edes dicen que eliminaron a varios terroristas de Hamas durante las operaciones en el sur de Gaza este fin de semana.<\/span> <span>(Unidad del portavoz de las FDI).<\/span><\/p>\n<\/div>\n<\/div>\n<\/div>\n<p>La huelga de misiles se produce d\u00edas despu\u00e9s de que Israel se vio obligado a cancelar sus celebraciones del D\u00eda de la Independencia debido a que los incendios forestales se desatan en todo el pa\u00eds.<\/p>\n<p>Los incendios forestales masivos estallaron cerca de Jerusal\u00e9n el mi\u00e9rcoles, forzando el cierre de la carretera y las evacuaciones masivas que paralizaron al pa\u00eds. Israel celebra tradicionalmente su independencia con una ceremonia de iluminaci\u00f3n de antorcha. En su lugar, transmite im\u00e1genes de la ceremonia de ensayo.<\/p>\n<div class=\"image-ct inline\">\n<div class=\"m\"><picture><source media=\"(max-width: 767px)\" srcset=\"https:\/\/a57.foxnews.com\/static.foxnews.com\/foxnews.com\/content\/uploads\/2025\/04\/343\/192\/israel-fires-01.jpg?ve=1&amp;tl=1, https:\/\/a57.foxnews.com\/static.foxnews.com\/foxnews.com\/content\/uploads\/2025\/04\/686\/384\/israel-fires-01.jpg?ve=1&amp;tl=1 2x\" height=\"192\" width=\"343\"><source media=\"(min-width: 768px) and (max-width: 1023px)\" srcset=\"https:\/\/a57.foxnews.com\/static.foxnews.com\/foxnews.com\/content\/uploads\/2025\/04\/672\/378\/israel-fires-01.jpg?ve=1&amp;tl=1, https:\/\/a57.foxnews.com\/static.foxnews.com\/foxnews.com\/content\/uploads\/2025\/04\/1344\/756\/israel-fires-01.jpg?ve=1&amp;tl=1 2x\" height=\"378\" width=\"672\"><source media=\"(min-width: 1024px) and (max-width: 1279px)\" srcset=\"https:\/\/a57.foxnews.com\/static.foxnews.com\/foxnews.com\/content\/uploads\/2025\/04\/931\/523\/israel-fires-01.jpg?ve=1&amp;tl=1, https:\/\/a57.foxnews.com\/static.foxnews.com\/foxnews.com\/content\/uploads\/2025\/04\/1862\/1046\/israel-fires-01.jpg?ve=1&amp;tl=1 2x\" height=\"523\" width=\"931\"><source media=\"(min-width: 1280px)\" srcset=\"https:\/\/a57.foxnews.com\/static.foxnews.com\/foxnews.com\/content\/uploads\/2025\/04\/720\/405\/israel-fires-01.jpg?ve=1&amp;tl=1, https:\/\/a57.foxnews.com\/static.foxnews.com\/foxnews.com\/content\/uploads\/2025\/04\/1440\/810\/israel-fires-01.jpg?ve=1&amp;tl=1 2x\" height=\"405\" width=\"720\"><img loading=\"lazy\" decoding=\"async\" src=\"https:\/\/a57.foxnews.com\/static.foxnews.com\/foxnews.com\/content\/uploads\/2025\/04\/1200\/675\/israel-fires-01.jpg?ve=1&amp;tl=1\" alt=\"Incendios forestales de Israel\" width=\"1200\" height=\"675\"\/><\/source><\/source><\/source><\/source><\/picture><\/div>\n<div class=\"info\">\n<div class=\"caption\">\n<p><span>Un incendio forestal quema cerca de Jerusal\u00e9n, mi\u00e9rcoles 30 de abril de 2025. <\/span> <span>(AP Photo \/ Mahmoud)<\/span><\/p>\n<\/div>\n<\/div>\n<\/div>\n<p><strong><u>Haga clic aqu\u00ed para obtener la aplicaci\u00f3n Fox News<\/u><\/strong><\/p>\n<p>El comandante del Departamento de Bomberos del Distrito de Jerusal\u00e9n, Shmulik Friedman, le dijo a la prensa el mi\u00e9rcoles que los incendios forestales pueden ser \u00abel incendio m\u00e1s grande en el pa\u00eds\u00bb y advirti\u00f3 que los fuertes vientos podr\u00edan exacerbar el incendio m\u00e1s tarde en el d\u00eda. Tambi\u00e9n advirti\u00f3 que Israel estaba \u00ablejos del control\u00bb de los incendios.<\/p>\n<p><i>Fox News David Spector y Yael Rotem-Kuriel contribuyeron a este informe.<\/i><\/p>\n<p> <!----> <\/p>\n<div class=\"article-meta\">\n<div class=\"author-bio\">\n<p>Anders Hagstrom es un reportero de Fox News Digital que cubre la pol\u00edtica nacional y los principales eventos de noticias de \u00faltima hora. Env\u00ede consejos a Anders.hagstrom@fox.com, o en Twitter: @hagstrom_anders.<\/p>\n<\/div>\n<\/div>\n<\/div>\n\n","protected":false},"excerpt":{"rendered":"<p>Un misil Houthi golpe\u00f3 el suelo israel\u00ed cerca del aeropuerto m\u00e1s grande de Tel Aviv el domingo, lo que provoc\u00f3 que m\u00faltiples aerol\u00edneas internacionales cancelen vuelos a Israel. El primer ministro israel\u00ed, Benjamin Netanyahu, prometi\u00f3 represalias por el ataque el domingo y participar\u00e1 en varias reuniones de defensa durante todo el d\u00eda. Seg\u00fan los informes, &hellip;<\/p>\n","protected":false},"author":1,"featured_media":25769,"comment_status":"open","ping_status":"open","sticky":false,"template":"","format":"standard","meta":{"fifu_image_url":"https:\/\/static.foxnews.com\/foxnews.com\/content\/uploads\/2025\/03\/netanyahu.jpg","fifu_image_alt":"","footnotes":""},"categories":[13],"tags":[],"class_list":["post-25767","post","type-post","status-publish","format-standard","has-post-thumbnail","","category-mundo"],"_links":{"self":[{"href":"https:\/\/noticiasveraces.com\/index.php?rest_route=\/wp\/v2\/posts\/25767","targetHints":{"allow":["GET"]}}],"collection":[{"href":"https:\/\/noticiasveraces.com\/index.php?rest_route=\/wp\/v2\/posts"}],"about":[{"href":"https:\/\/noticiasveraces.com\/index.php?rest_route=\/wp\/v2\/types\/post"}],"author":[{"embeddable":true,"href":"https:\/\/noticiasveraces.com\/index.php?rest_route=\/wp\/v2\/users\/1"}],"replies":[{"embeddable":true,"href":"https:\/\/noticiasveraces.com\/index.php?rest_route=%2Fwp%2Fv2%2Fcomments&post=25767"}],"version-history":[{"count":0,"href":"https:\/\/noticiasveraces.com\/index.php?rest_route=\/wp\/v2\/posts\/25767\/revisions"}],"wp:featuredmedia":[{"embeddable":true,"href":"https:\/\/noticiasveraces.com\/index.php?rest_route=\/wp\/v2\/media\/25769"}],"wp:attachment":[{"href":"https:\/\/noticiasveraces.com\/index.php?rest_route=%2Fwp%2Fv2%2Fmedia&parent=25767"}],"wp:term":[{"taxonomy":"category","embeddable":true,"href":"https:\/\/noticiasveraces.com\/index.php?rest_route=%2Fwp%2Fv2%2Fcategories&post=25767"},{"taxonomy":"post_tag","embeddable":true,"href":"https:\/\/noticiasveraces.com\/index.php?rest_route=%2Fwp%2Fv2%2Ftags&post=25767"}],"curies":[{"name":"wp","href":"https:\/\/api.w.org\/{rel}","templated":true}]}}