{"id":25742,"date":"2025-05-04T04:53:09","date_gmt":"2025-05-04T08:53:09","guid":{"rendered":"https:\/\/noticiasveraces.com\/?p=25742"},"modified":"2025-05-04T04:53:09","modified_gmt":"2025-05-04T08:53:09","slug":"paramilitares-atacan-por-primera-vez-port-sudan-dw-04-05-2025","status":"publish","type":"post","link":"https:\/\/noticiasveraces.com\/?p=25742","title":{"rendered":"paramilitares atacan por primera vez Port Sud\u00e1n \u2013 DW \u2013 04\/05\/2025"},"content":{"rendered":"<p> \n<\/p>\n<div>\n<p>Paramilitares\u00a0 de las Fuerzas de Apoyo R\u00e1pido (FAR) atacaron por primera vez el aeropuerto de Port Sud\u00e1n, capital de facto de Sud\u00e1n situada a orillas del mar Rojo, donde se refugia el gobierno sudan\u00e9s y donde se instalaron diversas organizaciones internacionales tras abandonar Jartum, inform\u00f3 este domingo (04.05.2025) el portavoz del ej\u00e9rcito sudan\u00e9s.<\/p>\n<p>\u00abEl enemigo atac\u00f3 esta ma\u00f1ana con drones kamikaze la base a\u00e9rea de Osman Digna, un almac\u00e9n de mercanc\u00edas y algunas instalaciones civiles en la ciudad de Port Sud\u00e1n\u00bb, declar\u00f3 el portavoz, que asegur\u00f3 que el ataque no dej\u00f3 v\u00edctimas, aunque s\u00ed \u00abda\u00f1os limitados\u201d. Al comienzo de la guerra, las tropas sudanesas se replegaron a Port Sud\u00e1n, que hasta ahora hab\u00eda logrado escapar de la violencia.<\/p>\n<p>Los paramilitares, que fueron expulsados de Jartum a fines de marzo, pero siguen combatiendo en las afueras de esa ciudad, han extendido sus ofensivas, lanzando frecuentes ataques con drones en territorios controlados por el Ej\u00e9rcito. El s\u00e1bado se registr\u00f3 un raro ataque con un avi\u00f3n no tripulado en la ciudad de Kassala, en la frontera con Eritrea, a m\u00e1s de 400 kil\u00f3metros de los territorios controlados por las FAR.<\/p>\n<h2>El Ej\u00e9rcito reacciona<\/h2>\n<p>Tras el ataque de este domingo contra Port Sud\u00e1n, donde hay decenas de miles de refugiados llegados desde distintos puntos del pa\u00eds y se encuentra el principal aeropuerto de Sud\u00e1n, el Ej\u00e9rcito sudan\u00e9s reaccion\u00f3 desplegando unidades en torno a zonas estrat\u00e9gicas y cerrando las v\u00edas que conducen al palacio presidencial y el centro de mando de las Fuerzas Armadas.<\/p>\n<p>Sud\u00e1n est\u00e1 inmerso desde abril de 2023 en una cruenta lucha de poder entre el general Abdel Fatah al-Burhan, jefe del Ej\u00e9rcito, y su exsubalterno Mohamed Hamdan Daglo, l\u00edder de las paramilitares Fuerzas de Apoyo R\u00e1pido (FAR). La guerra ha dejado decenas de miles de muertos, causado el desarraigo de 13 millones de personas y hundi\u00f3 a algunas regiones en la hambruna. Para la ONU, se trata de \u00abla peor cat\u00e1strofe humanitaria\u201d del mundo.<\/p>\n<p>DZC (AFP, Reuters)<\/p>\n<\/div>\n\n","protected":false},"excerpt":{"rendered":"<p>Paramilitares\u00a0 de las Fuerzas de Apoyo R\u00e1pido (FAR) atacaron por primera vez el aeropuerto de Port Sud\u00e1n, capital de facto de Sud\u00e1n situada a orillas del mar Rojo, donde se refugia el gobierno sudan\u00e9s y donde se instalaron diversas organizaciones internacionales tras abandonar Jartum, inform\u00f3 este domingo (04.05.2025) el portavoz del ej\u00e9rcito sudan\u00e9s. \u00abEl enemigo &hellip;<\/p>\n","protected":false},"author":1,"featured_media":25743,"comment_status":"open","ping_status":"open","sticky":false,"template":"","format":"standard","meta":{"fifu_image_url":"https:\/\/static.dw.com\/image\/71666525_6.jpg","fifu_image_alt":"","footnotes":""},"categories":[13],"tags":[],"class_list":["post-25742","post","type-post","status-publish","format-standard","has-post-thumbnail","","category-mundo"],"_links":{"self":[{"href":"https:\/\/noticiasveraces.com\/index.php?rest_route=\/wp\/v2\/posts\/25742","targetHints":{"allow":["GET"]}}],"collection":[{"href":"https:\/\/noticiasveraces.com\/index.php?rest_route=\/wp\/v2\/posts"}],"about":[{"href":"https:\/\/noticiasveraces.com\/index.php?rest_route=\/wp\/v2\/types\/post"}],"author":[{"embeddable":true,"href":"https:\/\/noticiasveraces.com\/index.php?rest_route=\/wp\/v2\/users\/1"}],"replies":[{"embeddable":true,"href":"https:\/\/noticiasveraces.com\/index.php?rest_route=%2Fwp%2Fv2%2Fcomments&post=25742"}],"version-history":[{"count":0,"href":"https:\/\/noticiasveraces.com\/index.php?rest_route=\/wp\/v2\/posts\/25742\/revisions"}],"wp:featuredmedia":[{"embeddable":true,"href":"https:\/\/noticiasveraces.com\/index.php?rest_route=\/wp\/v2\/media\/25743"}],"wp:attachment":[{"href":"https:\/\/noticiasveraces.com\/index.php?rest_route=%2Fwp%2Fv2%2Fmedia&parent=25742"}],"wp:term":[{"taxonomy":"category","embeddable":true,"href":"https:\/\/noticiasveraces.com\/index.php?rest_route=%2Fwp%2Fv2%2Fcategories&post=25742"},{"taxonomy":"post_tag","embeddable":true,"href":"https:\/\/noticiasveraces.com\/index.php?rest_route=%2Fwp%2Fv2%2Ftags&post=25742"}],"curies":[{"name":"wp","href":"https:\/\/api.w.org\/{rel}","templated":true}]}}