{"id":25730,"date":"2025-05-04T02:51:45","date_gmt":"2025-05-04T06:51:45","guid":{"rendered":"https:\/\/noticiasveraces.com\/?p=25730"},"modified":"2025-05-04T02:51:45","modified_gmt":"2025-05-04T06:51:45","slug":"mantener-el-control-ruso-de-crimea-los-tartaros-responden-dw-04-05-2025","status":"publish","type":"post","link":"https:\/\/noticiasveraces.com\/?p=25730","title":{"rendered":"\u00bfMantener el control ruso de Crimea? Los t\u00e1rtaros responden \u2013 DW \u2013 04\/05\/2025"},"content":{"rendered":"<p> \n<\/p>\n<div>\n<p>Como parte de su \u00abplan de paz\u00bb, el presidente estadounidense Donald Trump est\u00e1 dispuesto a reconocer permanentemente la anexionada pen\u00ednsula ucraniana de Crimea como territorio ruso. En Ucrania, DW convers\u00f3 con representantes de los t\u00e1rtaros de Crimea, los habitantes originarios de la pen\u00ednsula, para conocer su opini\u00f3n.<\/p>\n<h2><strong>\u00abEsta lucha continuar\u00e1\u00bb<\/strong><\/h2>\n<p>\u00abSabemos perfectamente c\u00f3mo es Rusia. Es la sucesora de la Uni\u00f3n Sovi\u00e9tica, que en su d\u00eda deport\u00f3 a mi madre y a mi abuela\u00bb, dice una mujer que ahora vive en Crimea y prefiere permanecer en el anonimato. \u00abNos llev\u00f3 medio siglo regresar a nuestra patria y no volveremos a irnos. Esperaremos aqu\u00ed el regreso del Estado ucraniano\u00bb, afirma.<\/p>\n<p>\u00abNuestro pueblo ha luchado por el derecho a vivir en su propia tierra. Por eso esta lucha continuar\u00e1, independientemente de la situaci\u00f3n pol\u00edtica\u00bb, expresa otra residente de la pen\u00ednsula que tambi\u00e9n prefiere permanecer en el anonimato. Se\u00f1ala que la opresi\u00f3n de la poblaci\u00f3n ind\u00edgena comenz\u00f3 con la conquista de Crimea por parte de la Rusia zarista.<\/p>\n<p>Continu\u00f3 bajo la Uni\u00f3n Sovi\u00e9tica tras la Revoluci\u00f3n Rusa, y en 1944, los t\u00e1rtaros de Crimea fueron deportados a Asia Central. Solo se les permiti\u00f3 regresar a su patria en la d\u00e9cada de 1990, tras el colapso de la Uni\u00f3n Sovi\u00e9tica y recibir permiso de Ucrania, que hab\u00eda obtenido la independencia. En 2014, Crimea volvi\u00f3 a caer bajo ocupaci\u00f3n rusa y muchos t\u00e1rtaros crimeos fueron perseguidos por su postura proucraniana y obligados a abandonar su patria.<\/p>\n<p>En aquel momento, afirma la segunda mujer an\u00f3nima, los t\u00e1rtaros de Crimea estaban decepcionados porque el gobierno ucraniano no hab\u00eda luchado \u00abpara mantener la pen\u00ednsula como parte de Ucrania\u00bb.<\/p>\n<figure class=\"placeholder-image master_landscape big\"><img data-format=\"MASTER_LANDSCAPE\" data-id=\"69634934\" data-url=\"https:\/\/static.dw.com\/image\/69634934_${formatId}.jpg\" data-aspect-ratio=\"16\/9\" alt=\"Nariman Dzhelyal (centro en la imagen) con destacados representantes del Mejlis tras su liberaci\u00f3n del cautiverio ruso.\" style=\"padding-bottom: 56.25%; height: 0; max-height: 0;\"\/><figcaption class=\"img-caption\">Nariman Dzhelyal (centro en la imagen) con destacados representantes del Mejlis tras su liberaci\u00f3n del cautiverio ruso.<small class=\"copyright\">Imagen: Alex Babenko\/AP\/DPA\/Picture Alliance<\/small><\/figcaption><\/figure>\n<p>Hoy, dice que se sentir\u00eda aliviada si una decisi\u00f3n pol\u00edtica pusiera fin a las muertes diarias de la guerra en Ucrania. \u00abPor otro lado, muchos creen que si Ucrania reconociera los territorios ocupados como rusos, todas esas vidas se habr\u00edan sacrificado en vano en defensa de la independencia y la condici\u00f3n de Estado de Ucrania\u00bb.<\/p>\n<p>En su opini\u00f3n, el tratado de paz que se est\u00e1 debatiendo legitimar\u00eda las concesiones territoriales a Rusia. Y teme que en ese caso las personas en los territorios ocupados podr\u00edan convertirse en prisioneros pol\u00edticos porque all\u00ed se aplicar\u00eda la legislaci\u00f3n rusa.<\/p>\n<h2><strong>Estados Unidos, \u00abl\u00edder en la protecci\u00f3n de los derechos humanos y un basti\u00f3n de la democracia\u00bb<\/strong><\/h2>\n<p>El debate sobre ceder territorio a Rusia \u00abpor supuesto genera una reacci\u00f3n negativa, tanto en la mente como en el coraz\u00f3n\u00bb, se\u00f1ala Nariman Dzhelyal, primer vicepresidente del Mejlis, el \u00f3rgano representativo de los t\u00e1rtaros de Crimea, y expreso pol\u00edtico.<\/p>\n<p>\u00abDurante los a\u00f1os de ocupaci\u00f3n de Crimea y la agresi\u00f3n rusa, hemos dependido de Estados Unidos. Para la mayor\u00eda de los ucranianos y ciertos residentes de Crimea, Estados Unidos siempre ha sido un l\u00edder en la protecci\u00f3n de los derechos humanos y un basti\u00f3n de la democracia. Y ahora estamos experimentando un cambio radical, un pragmatismo comercial\u00bb, explica.<\/p>\n<p>Como \u00f3rgano ejecutivo central de los t\u00e1rtaros de Crimea, el Mejlis fue clasificado \u00aborganizaci\u00f3n extremista\u00bb y prohibido por la Federaci\u00f3n Rusa en abril de 2016.<\/p>\n<p>Dzhelyal destaca la postura de principios del gobierno ucraniano, que se niega a reconocer a Crimea como parte de Rusia. \u00abUcrania, en realidad, puede hacer poco por la poblaci\u00f3n local. Por eso, actos simb\u00f3licos como las declaraciones de que no reconocer\u00e1 la anexi\u00f3n de Crimea y que desea reintegrarla a Ucrania son el v\u00ednculo m\u00e1s importante entre nuestro pueblo y el territorio libre de Ucrania\u00bb, explica. \u00abAceptar la propuesta de Trump y sus representantes romper\u00eda este v\u00ednculo\u00bb.<\/p>\n<p><span data-slot-id=\"Article_InContent-1\" class=\"rich-text-ad\"\/><\/p>\n<h2><strong>\u00abPen\u00ednsula del miedo\u00bb<\/strong><\/h2>\n<p>\u00abNuestro pueblo nunca confiar\u00e1 en el imperio ruso\u00bb, sentencia Seydamet Mustafayev, un refugiado de Crimea, quien habla de una \u00abpen\u00ednsula del miedo\u00bb.<\/p>\n<p>\u00abNo veo ning\u00fan acuerdo de paz con Vladimir Putin. Siempre he sido pacifista y quiero vivir en paz. Pero no entiendo c\u00f3mo se puede negociar con esta persona cuando su objetivo es destruir la identidad ucraniana\u00bb, declara a DW.<\/p>\n<p>Mustafayev espera que la guerra ruso-ucraniana finalice con la liberaci\u00f3n de Crimea, tal y como comenz\u00f3 con la ocupaci\u00f3n de la pen\u00ednsula. Cree que un acuerdo de paz con concesiones territoriales conducir\u00eda inevitablemente a una guerra mundial.<\/p>\n<figure class=\"placeholder-image master_landscape big\"><img data-format=\"MASTER_LANDSCAPE\" data-id=\"65519502\" data-url=\"https:\/\/static.dw.com\/image\/65519502_${formatId}.jpg\" data-aspect-ratio=\"16\/9\" alt=\"La ocupaci\u00f3n nunca ser\u00e1 vista como normalidad, dice Tamila Tasheva, quien se desempe\u00f1\u00f3 como representante permanente del presidente ucraniano en Crimea.\" style=\"padding-bottom: 56.25%; height: 0; max-height: 0;\"\/><figcaption class=\"img-caption\">La ocupaci\u00f3n nunca ser\u00e1 vista como normalidad, dice Tamila Tasheva, quien se desempe\u00f1\u00f3 como representante permanente del presidente ucraniano en Crimea.<small class=\"copyright\">Imagen: Photoshot\/Picture Alliance <\/small><\/figcaption><\/figure>\n<h2><strong>\u00abNo lucho por eso\u00bb<\/strong><\/h2>\n<p>Para los soldados ucranianos t\u00e1rtaros de Crimea con los que DW habl\u00f3, las condiciones para el fin de la guerra dependen en gran medida de Ucrania. Un soldado apodado \u00abTataryn\u00bb afirma que nadie puede presionar a Ucrania para que haga concesiones territoriales.<\/p>\n<p>\u00abUcrania ahora tiene un ej\u00e9rcito que detuvo al ej\u00e9rcito ruso en 2022 y destruy\u00f3 su potencial. Ahora lucha no solo gracias a las armas estadounidenses, sino tambi\u00e9n con las suyas\u00bb, afirma. Reconocer la anexi\u00f3n rusa de Crimea sentar\u00eda un peligroso precedente que podr\u00eda desencadenar conflictos armados por reivindicaciones territoriales en todo el mundo. \u00abPuedes renunciar a todo, pero no a tu propio pa\u00eds. No lucho por eso\u00bb.<\/p>\n<h2><strong>Un acuerdo no significa abandonar los principios<\/strong><\/h2>\n<p>\u00abLa soberan\u00eda, la integridad territorial y los derechos de los ucranianos bajo ocupaci\u00f3n son innegociables\u00bb, asegura Tamila Tasheva, diputada del Parlamento ucraniano. Fue representante permanente del presidente de Ucrania en la Rep\u00fablica Aut\u00f3noma de Crimea de 2022 a 2024. \u00abReconocer Crimea como parte de Rusia no solo significar\u00eda ceder el territorio, sino tambi\u00e9n negar la experiencia de persecuci\u00f3n, arresto y deportaci\u00f3n que han sufrido los ucranianos y los t\u00e1rtaros de Crimea en la pen\u00ednsula\u00bb, dice a DW.<\/p>\n<p>En su opini\u00f3n, un acuerdo de paz justo se basar\u00eda en el derecho internacional. Sin embargo, un \u00abacuerdo realista\u00bb, afirma, no implicar\u00eda necesariamente renunciar a los principios, sino que podr\u00eda ser un proceso gradual. \u00abEstamos dispuestos al di\u00e1logo para buscar soluciones, pero nunca reconoceremos la ocupaci\u00f3n como algo normal\u00bb.<\/p>\n<p>(R\/DZC)<\/p>\n<\/div>\n\n","protected":false},"excerpt":{"rendered":"<p>Como parte de su \u00abplan de paz\u00bb, el presidente estadounidense Donald Trump est\u00e1 dispuesto a reconocer permanentemente la anexionada pen\u00ednsula ucraniana de Crimea como territorio ruso. En Ucrania, DW convers\u00f3 con representantes de los t\u00e1rtaros de Crimea, los habitantes originarios de la pen\u00ednsula, para conocer su opini\u00f3n. \u00abEsta lucha continuar\u00e1\u00bb \u00abSabemos perfectamente c\u00f3mo es Rusia. &hellip;<\/p>\n","protected":false},"author":1,"featured_media":25731,"comment_status":"open","ping_status":"open","sticky":false,"template":"","format":"standard","meta":{"fifu_image_url":"https:\/\/static.dw.com\/image\/65410190_6.jpg","fifu_image_alt":"","footnotes":""},"categories":[13],"tags":[],"class_list":["post-25730","post","type-post","status-publish","format-standard","has-post-thumbnail","","category-mundo"],"_links":{"self":[{"href":"https:\/\/noticiasveraces.com\/index.php?rest_route=\/wp\/v2\/posts\/25730","targetHints":{"allow":["GET"]}}],"collection":[{"href":"https:\/\/noticiasveraces.com\/index.php?rest_route=\/wp\/v2\/posts"}],"about":[{"href":"https:\/\/noticiasveraces.com\/index.php?rest_route=\/wp\/v2\/types\/post"}],"author":[{"embeddable":true,"href":"https:\/\/noticiasveraces.com\/index.php?rest_route=\/wp\/v2\/users\/1"}],"replies":[{"embeddable":true,"href":"https:\/\/noticiasveraces.com\/index.php?rest_route=%2Fwp%2Fv2%2Fcomments&post=25730"}],"version-history":[{"count":0,"href":"https:\/\/noticiasveraces.com\/index.php?rest_route=\/wp\/v2\/posts\/25730\/revisions"}],"wp:featuredmedia":[{"embeddable":true,"href":"https:\/\/noticiasveraces.com\/index.php?rest_route=\/wp\/v2\/media\/25731"}],"wp:attachment":[{"href":"https:\/\/noticiasveraces.com\/index.php?rest_route=%2Fwp%2Fv2%2Fmedia&parent=25730"}],"wp:term":[{"taxonomy":"category","embeddable":true,"href":"https:\/\/noticiasveraces.com\/index.php?rest_route=%2Fwp%2Fv2%2Fcategories&post=25730"},{"taxonomy":"post_tag","embeddable":true,"href":"https:\/\/noticiasveraces.com\/index.php?rest_route=%2Fwp%2Fv2%2Ftags&post=25730"}],"curies":[{"name":"wp","href":"https:\/\/api.w.org\/{rel}","templated":true}]}}