{"id":25725,"date":"2025-05-04T01:50:12","date_gmt":"2025-05-04T05:50:12","guid":{"rendered":"https:\/\/noticiasveraces.com\/?p=25725"},"modified":"2025-05-04T01:50:12","modified_gmt":"2025-05-04T05:50:12","slug":"extrema-derecha-de-rumania-espera-victoria-en-presidenciales-dw-04-05-2025","status":"publish","type":"post","link":"https:\/\/noticiasveraces.com\/?p=25725","title":{"rendered":"Extrema derecha de Ruman\u00eda espera victoria en presidenciales \u2013 DW \u2013 04\/05\/2025"},"content":{"rendered":"<p> \n<\/p>\n<div>\n<p>Cinco meses despu\u00e9s de la cancelaci\u00f3n de las elecciones presidenciales, los rumanos vuelven este domingo (04.05.2025) a las urnas, para una votaci\u00f3n tensa e impredecible en la que la extrema derecha aspira a la victoria.<\/p>\n<p>Las urnas abrieron a las 07H00 locales (04H00 GMT) para la primera ronda de comicios presidenciales.<\/p>\n<p>Ruman\u00eda es miembro de la OTAN y fronterizo con Ucrania, pero la rabia, la decepci\u00f3n y la indiferencia pesan en este pa\u00eds, cuyas elecciones de noviembre pasado fueron anuladas tras la victoria de Calin Georgescu, un cr\u00edtico de la Uni\u00f3n Europea y la OTAN.<\/p>\n<p>Georgescu fue impedido de postularse de nuevo ante denuncias de interferencia de Rusia a su favor, por lo cual fue sustituido por George Simion, de extrema derecha.<\/p>\n<p>Once aspirantes disputan la presidencia en la primera ronda de votaci\u00f3n del domingo. El cargo es ceremonial pero influyente en materia de pol\u00edtica exterior.<\/p>\n<h2>Simion lidera sondeos<\/h2>\n<p>Simion lidera el partido nacionalista AUR y aparece como favorito en las encuestas. Ha dicho que quiere convertir el \u00abrobo\u00bb electoral de noviembre en una victoria el domingo.<\/p>\n<p>El candidato de 38 a\u00f1os, que promete poner a Ruman\u00eda de primero, aspira a obtener al menos parte de los votos de Georgescu.<\/p>\n<p>\u00abEsta vez les robaremos a ellos la segunda ronda\u00bb, declar\u00f3 Simion, quien ha hecho campa\u00f1a en redes sociales, en parte para atraer al importante voto de los rumanos en el exterior.<\/p>\n<p>Dice ser \u00abm\u00e1s moderado\u00bb que Georgescu, aunque Simion comparte su animadversi\u00f3n hacia lo que llama \u00abbur\u00f3cratas no electos de Bruselas\u00bb, a los que acusa de inmiscuirse en las elecciones rumanas.<\/p>\n<p>Ha denunciado a Rusia, pero se opone a enviar ayuda militar a Ucrania y quiere reducir la ayuda rumana a los refugiados ucranianos.<\/p>\n<p>Entusiasta seguidor de Donald Trump, a menudo aparece con una gorra con la frase del presidente estadounidense, \u00abHacer a Estados Unidos Grande de Nuevo\u00bb, y espera ser el \u00abpresidente MAGA\u00bb de Ruman\u00eda.<\/p>\n<p>Su campa\u00f1a reson\u00f3 con Stela Ivan, de 67 a\u00f1os, del peque\u00f1o pueblo de Alexandria, al sur de la capital Bucarest. <\/p>\n<p><span data-slot-id=\"Article_InContent-1\" class=\"rich-text-ad\"\/><\/p>\n<h2>Votaci\u00f3n vigilada<\/h2>\n<p>Despu\u00e9s de d\u00e9cadas de dominio de los mismos partidos desde el fin del comunismo, ella espera \u00abcon todo el coraz\u00f3n\u00bb que un presidente de extrema derecha traiga un cambio a Ruman\u00eda.<\/p>\n<p>\u00abQueremos a una persona capaz que sepa c\u00f3mo hablar por el pueblo rumano ante la UE\u00bb, declar\u00f3 la jubilada Eugenia Niculescu, de 65 a\u00f1os, quien dice tener dificultades para pagar sus medicamentos y otros gastos debido a la fuerte inflaci\u00f3n.<\/p>\n<p>Adem\u00e1s de Simion, otros tres candidatos aparecen con opciones de alcanzar la segunda ronda el 18 de mayo.<\/p>\n<p>Crin Antonescu, apoyado por la coalici\u00f3n proeuropea de gobierno, ha ofrecido estabilidad, mientras el alcalde de Bucarest, Nicusor Dan, prometi\u00f3 combatir a la \u00e9lite pol\u00edtica \u00abcorrupta\u00bb y \u00abarrogante\u00bb.<\/p>\n<p>En cuarto lugar aparece el ex primer ministro socialdem\u00f3crata Victor Ponta, con una campa\u00f1a de \u00abRuman\u00eda primero\u00bb inspirada en Trump.<\/p>\n<h2>Cualquiera puede ganar<\/h2>\n<p>\u00abLa carrera est\u00e1 muy cerrada\u00bb, declar\u00f3 a AFP Remus Stefureac, director de la encuestadora INSCOP Research. Agreg\u00f3 que \u00abcualquiera de los cuatro puede ganar la presidencia\u00bb.<\/p>\n<p>Stefureac considera que la ubicaci\u00f3n de los candidatos en las encuestas puede \u00abcambiar completamente\u00bb con los duros intercambios, la feroz campa\u00f1a en internet y el elevado n\u00famero de votantes indecisos.<\/p>\n<p>La votaci\u00f3n ser\u00e1 vigilada muy de cerca despu\u00e9s de la sorpresiva cancelaci\u00f3n de la votaci\u00f3n del a\u00f1o pasado.<\/p>\n<p>Miles de personas han protestado los \u00faltimos meses en Ruman\u00eda por considerar que la cancelaci\u00f3n de la votaci\u00f3n fue un \u00abgolpe\u00bb.<\/p>\n<p>Incluso el vicepresidente estadounidense, JD Vance, critic\u00f3 la anulaci\u00f3n y urgi\u00f3 escuchar \u00abla voz del pueblo\u00bb.<\/p>\n<p>Para evitar que se repita el tumulto del a\u00f1o pasado, las autoridades adoptaron medidas preventivas y cooperaron con la plataforma de videos TikTok, que asegur\u00f3 estar comprometida con una elecci\u00f3n \u00abjusta y transparente\u00bb.<\/p>\n<p>Mg (AFP, AP)<\/p>\n<\/p>\n<\/div>\n\n","protected":false},"excerpt":{"rendered":"<p>Cinco meses despu\u00e9s de la cancelaci\u00f3n de las elecciones presidenciales, los rumanos vuelven este domingo (04.05.2025) a las urnas, para una votaci\u00f3n tensa e impredecible en la que la extrema derecha aspira a la victoria. Las urnas abrieron a las 07H00 locales (04H00 GMT) para la primera ronda de comicios presidenciales. Ruman\u00eda es miembro de &hellip;<\/p>\n","protected":false},"author":1,"featured_media":25726,"comment_status":"open","ping_status":"open","sticky":false,"template":"","format":"standard","meta":{"fifu_image_url":"https:\/\/static.dw.com\/image\/72428967_6.jpg","fifu_image_alt":"","footnotes":""},"categories":[13],"tags":[],"class_list":["post-25725","post","type-post","status-publish","format-standard","has-post-thumbnail","","category-mundo"],"_links":{"self":[{"href":"https:\/\/noticiasveraces.com\/index.php?rest_route=\/wp\/v2\/posts\/25725","targetHints":{"allow":["GET"]}}],"collection":[{"href":"https:\/\/noticiasveraces.com\/index.php?rest_route=\/wp\/v2\/posts"}],"about":[{"href":"https:\/\/noticiasveraces.com\/index.php?rest_route=\/wp\/v2\/types\/post"}],"author":[{"embeddable":true,"href":"https:\/\/noticiasveraces.com\/index.php?rest_route=\/wp\/v2\/users\/1"}],"replies":[{"embeddable":true,"href":"https:\/\/noticiasveraces.com\/index.php?rest_route=%2Fwp%2Fv2%2Fcomments&post=25725"}],"version-history":[{"count":0,"href":"https:\/\/noticiasveraces.com\/index.php?rest_route=\/wp\/v2\/posts\/25725\/revisions"}],"wp:featuredmedia":[{"embeddable":true,"href":"https:\/\/noticiasveraces.com\/index.php?rest_route=\/wp\/v2\/media\/25726"}],"wp:attachment":[{"href":"https:\/\/noticiasveraces.com\/index.php?rest_route=%2Fwp%2Fv2%2Fmedia&parent=25725"}],"wp:term":[{"taxonomy":"category","embeddable":true,"href":"https:\/\/noticiasveraces.com\/index.php?rest_route=%2Fwp%2Fv2%2Fcategories&post=25725"},{"taxonomy":"post_tag","embeddable":true,"href":"https:\/\/noticiasveraces.com\/index.php?rest_route=%2Fwp%2Fv2%2Ftags&post=25725"}],"curies":[{"name":"wp","href":"https:\/\/api.w.org\/{rel}","templated":true}]}}