{"id":25721,"date":"2025-05-04T00:47:58","date_gmt":"2025-05-04T04:47:58","guid":{"rendered":"https:\/\/noticiasveraces.com\/?p=25721"},"modified":"2025-05-04T00:47:58","modified_gmt":"2025-05-04T04:47:58","slug":"reacciones-a-la-clasificacion-de-afd-como-extrema-derecha-dw-02-05-2025","status":"publish","type":"post","link":"https:\/\/noticiasveraces.com\/?p=25721","title":{"rendered":"Reacciones a la clasificaci\u00f3n de AfD como extrema derecha \u2013 DW \u2013 02\/05\/2025"},"content":{"rendered":"<p> \n<\/p>\n<div>\n<p>La Oficina para la Protecci\u00f3n de la Constituci\u00f3n (BfV, por sus siglas en alem\u00e1s) es el nombre que reciben en Alemania los servicios de inteligencia del Ministerio del Interior. El organismo ha clasificado al partido Alternativa para Alemania(AfD), principal fuerza de la oposici\u00f3n, como \u00abcaso seguro de extremismo de derechas\u00bb.<\/p>\n<p>La decisi\u00f3n de la BfV afecta ahora todo el partido, que ya contaba antes con esa consideraci\u00f3n de \u00abcaso seguro\u00bb de extremismo de derechas en varios estados federados. <\/p>\n<h2>El papel de los tribunales<\/h2>\n<p>La ministra alemana del Interior en funciones, Nancy Faeser, reaccion\u00f3 a la decisi\u00f3n de la BfV diciendo que este organismo \u00abtiene un claro mandato legal de actuar contra el extremismo y proteger nuestra democracia, y para ello trabaja con independencia\u00bb.<\/p>\n<p>La ministra, durante una comparecencia en Berl\u00edn, agreg\u00f3 que, en la decisi\u00f3n de la\u00a0BfV,\u00a0\u00abno ha habido ninguna influencia pol\u00edtica\u00bb.\u00a0Faeser dijo que la anterior clasificaci\u00f3n de AfD como caso sospechoso de extremismo de derechas fue confirmada por los tribunales y se\u00f1al\u00f3 que, sin duda, esta nueva clasificaci\u00f3n tambi\u00e9n ser\u00e1 revisada en los tribunales. En ese sentido, subray\u00f3 que \u00aben un Estado de derecho, los tribunales independientes deciden en \u00faltima instancia\u00bb.<\/p>\n<p>Preguntada por la posible presentaci\u00f3n de una solicitud para prohibir la AfD o, al menos, de eliminar su financiaci\u00f3n y beneficios fiscales, Faeser record\u00f3 que \u00abun procedimiento de prohibici\u00f3n de un partido tiene, por buenas razones, obst\u00e1culos constitucionales muy elevados\u00bb y agreg\u00f3 que, aunque \u00abno hay que\u00a0descartarlo\u00bb, deber\u00eda seguir abord\u00e1ndose \u00abcon mucho cuidado\u00bb.<\/p>\n<p><span data-slot-id=\"Article_InContent-1\" class=\"rich-text-ad\"\/><\/p>\n<h2>\u00abDuro golpe a la democracia\u00bb<\/h2>\n<p>Por su parte, Alice Weidel y Tino Churpalla, los dos l\u00edderes del partido AfD, reaccionaron a la nueva clasificaci\u00f3n de su formaci\u00f3n\u00a0con un comunicado.<\/p>\n<p>\u00abLa decisi\u00f3n de hoy de la Oficina Federal para la Protecci\u00f3n de la Constituci\u00f3n es un duro golpe a la democracia de Alemania en su conjunto. En las actuales encuestas AfD va en cabeza como primera fuerza. Al Gobierno solo le quedan cuatro d\u00edas en el cargo\u00bb, subraya el texto.\u00a0Justo antes de la investidura del canciller designado, el conservador Friedrich Merz, la semana que viene, el partido ultraderechista ahora se ve \u00abdesacreditado p\u00fablicamente y criminalizado\u00bb, agrega.<\/p>\n<p>Weidel y Chrupalla aseguran\u00a0que esta \u00abintervenci\u00f3n\u00bb en el proceso pol\u00edtico democr\u00e1tico est\u00e1 \u00abclaramente pol\u00edticamente motivada\u00bb y prometen\u00a0que AfD seguir\u00e1\u00a0defendi\u00e9ndose jur\u00eddicamente contra lo que ambos consideraron difamaciones.<\/p>\n<p>MS (DPA\/EFE)<\/p>\n<\/p>\n<\/div>\n\n","protected":false},"excerpt":{"rendered":"<p>La Oficina para la Protecci\u00f3n de la Constituci\u00f3n (BfV, por sus siglas en alem\u00e1s) es el nombre que reciben en Alemania los servicios de inteligencia del Ministerio del Interior. El organismo ha clasificado al partido Alternativa para Alemania(AfD), principal fuerza de la oposici\u00f3n, como \u00abcaso seguro de extremismo de derechas\u00bb. La decisi\u00f3n de la BfV &hellip;<\/p>\n","protected":false},"author":1,"featured_media":25722,"comment_status":"open","ping_status":"open","sticky":false,"template":"","format":"standard","meta":{"fifu_image_url":"https:\/\/static.dw.com\/image\/72414676_6.jpg","fifu_image_alt":"","footnotes":""},"categories":[13],"tags":[],"class_list":["post-25721","post","type-post","status-publish","format-standard","has-post-thumbnail","","category-mundo"],"_links":{"self":[{"href":"https:\/\/noticiasveraces.com\/index.php?rest_route=\/wp\/v2\/posts\/25721","targetHints":{"allow":["GET"]}}],"collection":[{"href":"https:\/\/noticiasveraces.com\/index.php?rest_route=\/wp\/v2\/posts"}],"about":[{"href":"https:\/\/noticiasveraces.com\/index.php?rest_route=\/wp\/v2\/types\/post"}],"author":[{"embeddable":true,"href":"https:\/\/noticiasveraces.com\/index.php?rest_route=\/wp\/v2\/users\/1"}],"replies":[{"embeddable":true,"href":"https:\/\/noticiasveraces.com\/index.php?rest_route=%2Fwp%2Fv2%2Fcomments&post=25721"}],"version-history":[{"count":0,"href":"https:\/\/noticiasveraces.com\/index.php?rest_route=\/wp\/v2\/posts\/25721\/revisions"}],"wp:featuredmedia":[{"embeddable":true,"href":"https:\/\/noticiasveraces.com\/index.php?rest_route=\/wp\/v2\/media\/25722"}],"wp:attachment":[{"href":"https:\/\/noticiasveraces.com\/index.php?rest_route=%2Fwp%2Fv2%2Fmedia&parent=25721"}],"wp:term":[{"taxonomy":"category","embeddable":true,"href":"https:\/\/noticiasveraces.com\/index.php?rest_route=%2Fwp%2Fv2%2Fcategories&post=25721"},{"taxonomy":"post_tag","embeddable":true,"href":"https:\/\/noticiasveraces.com\/index.php?rest_route=%2Fwp%2Fv2%2Ftags&post=25721"}],"curies":[{"name":"wp","href":"https:\/\/api.w.org\/{rel}","templated":true}]}}