{"id":25685,"date":"2025-05-03T18:34:48","date_gmt":"2025-05-03T22:34:48","guid":{"rendered":"https:\/\/noticiasveraces.com\/?p=25685"},"modified":"2025-05-03T18:34:48","modified_gmt":"2025-05-03T22:34:48","slug":"israel-llama-a-reservistas-para-ampliar-la-ofensiva-en-gaza-dw-03-05-2025","status":"publish","type":"post","link":"https:\/\/noticiasveraces.com\/?p=25685","title":{"rendered":"Israel llama a reservistas para ampliar la ofensiva en Gaza \u2013 DW \u2013 03\/05\/2025"},"content":{"rendered":"<p> \n<\/p>\n<div>\n<p>El ej\u00e9rcito de Israel est\u00e1 emitiendo \u00f3rdenes de reclutamiento para decenas de miles de reservistas antes de la expansi\u00f3n planificada de su ofensiva contra el grupo terrorista palestino Ham\u00e1s en la Franja de Gaza, reportaron medios israel\u00edes este s\u00e1bado (03.05.2025).<\/p>\n<h2><strong>Ofensiva podr\u00eda comenzar en los pr\u00f3ximos d\u00edas<\/strong><\/h2>\n<p>Los reservistas ser\u00e1n enviados para reemplazar a los reclutas y soldados en servicio activo en Israel y Cisjordania ocupada para que estos puedan ser desplegados en Gaza, seg\u00fan medios de comunicaci\u00f3n.<\/p>\n<p>Una gran ofensiva podr\u00eda comenzar en los pr\u00f3ximos d\u00edas, afirm\u00f3 el sitio de noticias israel\u00ed Ynet.<\/p>\n<p>El actual conflicto en Gaza se desencaden\u00f3 por los ataques sin precedentes liderados por Ham\u00e1s contra Israel el 7 de octubre de 2023, en los que unas 1200 personas fueron asesinadas y m\u00e1s de 250 fueron secuestradas y llevadas al enclave palestino. Seg\u00fan Israel, de los 59 rehenes que a\u00fan permanecen retenidos en Gaza, 35 han fallecido.<\/p>\n<blockquote class=\"tweet embed\" data-id=\"1918729316508024930\"\/>\n<h2><strong>La movilizaci\u00f3n prevista ser\u00eda masiva<\/strong><\/h2>\n<p>Israel busca intensificar sus ataques para presionar a Ham\u00e1s y lograr la liberaci\u00f3n de los rehenes restantes. Tras un alto al fuego de casi dos meses, el ej\u00e9rcito israel\u00ed reanud\u00f3 sus ataques en la Franja el 18 de marzo.<\/p>\n<p>El peri\u00f3dico <em>La publicaci\u00f3n de Jerusal\u00e9n<\/em> se\u00f1al\u00f3 que la movilizaci\u00f3n prevista es masiva, pero significativamente menor que la que se produjo inmediatamente despu\u00e9s del ataque de Ham\u00e1s en octubre de 2023.<\/p>\n<p>Es probable que la expansi\u00f3n de los ataques agrave a\u00fan m\u00e1s la desesperada situaci\u00f3n en la Franja de Gaza, cuyas condiciones han sido descritas como catastr\u00f3ficas por las organizaciones de ayuda.<\/p>\n<p>Desde hace dos meses, Israel bloquea la entrada de suministros de ayuda a la zona acordonada, donde viven alrededor de dos millones de palestinos.<\/p>\n<p>RR (DPA\/The Times of Israel\/AFP)<\/p>\n<\/div>\n\n","protected":false},"excerpt":{"rendered":"<p>El ej\u00e9rcito de Israel est\u00e1 emitiendo \u00f3rdenes de reclutamiento para decenas de miles de reservistas antes de la expansi\u00f3n planificada de su ofensiva contra el grupo terrorista palestino Ham\u00e1s en la Franja de Gaza, reportaron medios israel\u00edes este s\u00e1bado (03.05.2025). Ofensiva podr\u00eda comenzar en los pr\u00f3ximos d\u00edas Los reservistas ser\u00e1n enviados para reemplazar a los &hellip;<\/p>\n","protected":false},"author":1,"featured_media":25686,"comment_status":"open","ping_status":"open","sticky":false,"template":"","format":"standard","meta":{"fifu_image_url":"https:\/\/static.dw.com\/image\/72211821_6.jpg","fifu_image_alt":"","footnotes":""},"categories":[13],"tags":[],"class_list":["post-25685","post","type-post","status-publish","format-standard","has-post-thumbnail","","category-mundo"],"_links":{"self":[{"href":"https:\/\/noticiasveraces.com\/index.php?rest_route=\/wp\/v2\/posts\/25685","targetHints":{"allow":["GET"]}}],"collection":[{"href":"https:\/\/noticiasveraces.com\/index.php?rest_route=\/wp\/v2\/posts"}],"about":[{"href":"https:\/\/noticiasveraces.com\/index.php?rest_route=\/wp\/v2\/types\/post"}],"author":[{"embeddable":true,"href":"https:\/\/noticiasveraces.com\/index.php?rest_route=\/wp\/v2\/users\/1"}],"replies":[{"embeddable":true,"href":"https:\/\/noticiasveraces.com\/index.php?rest_route=%2Fwp%2Fv2%2Fcomments&post=25685"}],"version-history":[{"count":0,"href":"https:\/\/noticiasveraces.com\/index.php?rest_route=\/wp\/v2\/posts\/25685\/revisions"}],"wp:featuredmedia":[{"embeddable":true,"href":"https:\/\/noticiasveraces.com\/index.php?rest_route=\/wp\/v2\/media\/25686"}],"wp:attachment":[{"href":"https:\/\/noticiasveraces.com\/index.php?rest_route=%2Fwp%2Fv2%2Fmedia&parent=25685"}],"wp:term":[{"taxonomy":"category","embeddable":true,"href":"https:\/\/noticiasveraces.com\/index.php?rest_route=%2Fwp%2Fv2%2Fcategories&post=25685"},{"taxonomy":"post_tag","embeddable":true,"href":"https:\/\/noticiasveraces.com\/index.php?rest_route=%2Fwp%2Fv2%2Ftags&post=25685"}],"curies":[{"name":"wp","href":"https:\/\/api.w.org\/{rel}","templated":true}]}}