{"id":25641,"date":"2025-05-03T12:27:38","date_gmt":"2025-05-03T16:27:38","guid":{"rendered":"https:\/\/noticiasveraces.com\/?p=25641"},"modified":"2025-05-03T12:27:38","modified_gmt":"2025-05-03T16:27:38","slug":"presidente-serbio-corta-visita-a-eeuu-para-ser-hospitalizado-dw-03-05-2025","status":"publish","type":"post","link":"https:\/\/noticiasveraces.com\/?p=25641","title":{"rendered":"Presidente serbio corta visita a EEUU para ser hospitalizado \u2013 DW \u2013 03\/05\/2025"},"content":{"rendered":"<p> \n<\/p>\n<div>\n<p>El presidente de Serbia, Aleksandar Vucic, interrumpi\u00f3 su visita a Estados Unidos y regres\u00f3 a su pa\u00eds tras sentir un repentino dolor en el pecho, aparentemente causado por hipertensi\u00f3n, indicaron los m\u00e9dicos este s\u00e1bado (03.05.2025).<\/p>\n<p>El gabinete de Vucic declar\u00f3 que el mandatario \u00abfue admitido en la Academia M\u00e9dica Militar inmediatamente despu\u00e9s de su aterrizaje\u00bb en Belgrado y agreg\u00f3 que se informar\u00e1 \u00aben el momento oportuno\u00bb sobre su estado de salud, una vez que se disponga de \u00abinformaci\u00f3n m\u00e1s detallada\u00bb.<\/p>\n<p>El anuncio pone en duda la prometida visita de Vucic a Rusia, un pa\u00eds aliado de Serbia, para las celebraciones del 80 aniversario del fin de la Segunda Guerra Mundial, el 9 de mayo.<\/p>\n<p>El jueves, el l\u00edder serbio de 55 a\u00f1os hab\u00eda asegurado que cumplir\u00eda su palabra con su par ruso Vladimir Putin y se unir\u00eda a los cerca de 20 jefes de Estado que viajar\u00e1n a Mosc\u00fa por esa ocasi\u00f3n, conmemorada con gran pompa con un desfile militar en la plaza Roja.<\/p>\n<p>Sin embargo, cualquier visita a Putin habr\u00eda implicado el riesgo de provocar el rechazo de la Uni\u00f3n Europea (UE), a la que Serbia desea unirse.<\/p>\n<p>Adem\u00e1s, el presidente ucraniano Volodimir Zelenski afirm\u00f3 que su pa\u00eds no se har\u00eda responsable de la seguridad de los mandatarios extranjeros en Rusia.<\/p>\n<p>RR (AFP\/AP)<\/p>\n<\/div>\n\n","protected":false},"excerpt":{"rendered":"<p>El presidente de Serbia, Aleksandar Vucic, interrumpi\u00f3 su visita a Estados Unidos y regres\u00f3 a su pa\u00eds tras sentir un repentino dolor en el pecho, aparentemente causado por hipertensi\u00f3n, indicaron los m\u00e9dicos este s\u00e1bado (03.05.2025). El gabinete de Vucic declar\u00f3 que el mandatario \u00abfue admitido en la Academia M\u00e9dica Militar inmediatamente despu\u00e9s de su aterrizaje\u00bb &hellip;<\/p>\n","protected":false},"author":1,"featured_media":25642,"comment_status":"open","ping_status":"open","sticky":false,"template":"","format":"standard","meta":{"fifu_image_url":"https:\/\/static.dw.com\/image\/72161646_6.jpg","fifu_image_alt":"","footnotes":""},"categories":[13],"tags":[],"class_list":["post-25641","post","type-post","status-publish","format-standard","has-post-thumbnail","","category-mundo"],"_links":{"self":[{"href":"https:\/\/noticiasveraces.com\/index.php?rest_route=\/wp\/v2\/posts\/25641","targetHints":{"allow":["GET"]}}],"collection":[{"href":"https:\/\/noticiasveraces.com\/index.php?rest_route=\/wp\/v2\/posts"}],"about":[{"href":"https:\/\/noticiasveraces.com\/index.php?rest_route=\/wp\/v2\/types\/post"}],"author":[{"embeddable":true,"href":"https:\/\/noticiasveraces.com\/index.php?rest_route=\/wp\/v2\/users\/1"}],"replies":[{"embeddable":true,"href":"https:\/\/noticiasveraces.com\/index.php?rest_route=%2Fwp%2Fv2%2Fcomments&post=25641"}],"version-history":[{"count":0,"href":"https:\/\/noticiasveraces.com\/index.php?rest_route=\/wp\/v2\/posts\/25641\/revisions"}],"wp:featuredmedia":[{"embeddable":true,"href":"https:\/\/noticiasveraces.com\/index.php?rest_route=\/wp\/v2\/media\/25642"}],"wp:attachment":[{"href":"https:\/\/noticiasveraces.com\/index.php?rest_route=%2Fwp%2Fv2%2Fmedia&parent=25641"}],"wp:term":[{"taxonomy":"category","embeddable":true,"href":"https:\/\/noticiasveraces.com\/index.php?rest_route=%2Fwp%2Fv2%2Fcategories&post=25641"},{"taxonomy":"post_tag","embeddable":true,"href":"https:\/\/noticiasveraces.com\/index.php?rest_route=%2Fwp%2Fv2%2Ftags&post=25641"}],"curies":[{"name":"wp","href":"https:\/\/api.w.org\/{rel}","templated":true}]}}