{"id":25639,"date":"2025-05-03T11:25:42","date_gmt":"2025-05-03T15:25:42","guid":{"rendered":"https:\/\/noticiasveraces.com\/?p=25639"},"modified":"2025-05-03T11:25:42","modified_gmt":"2025-05-03T15:25:42","slug":"xabi-alonso-listo-para-el-real-madrid-dw-03-05-2025","status":"publish","type":"post","link":"https:\/\/noticiasveraces.com\/?p=25639","title":{"rendered":"Xabi Alonso, listo para el Real Madrid \u2013 DW \u2013 03\/05\/2025"},"content":{"rendered":"<p> \n<\/p>\n<div>\n<p>Aunque todav\u00eda no es oficial, hay poqu\u00edsimas dudas de que Xabi Alonso dejar\u00e1 la Bundesliga y se integrar\u00e1 al Real Madrid, en Espa\u00f1a. Tras la eliminaci\u00f3n de los madridistas en cuartos de final de la Champions League y la derrota en la final de la Copa del Rey ante su archirrival\u00a0Barcelona, los d\u00edas de Carlo Ancelotti como t\u00e9cnico de los merengues est\u00e1n contados.<\/p>\n<p>Alonso es considerado el candidato predilecto del todopoderoso presidente del Real Madrid, Florentino P\u00e9rez. Aunque todav\u00eda tiene contrato con Leverkusen hasta el 2026, lo cierto es que podr\u00eda marcharse pronto si alguno de sus antiguos tres clubes, Liverpool FC, Bayern M\u00fanich o el ya mencionado Real se ponen en contacto con \u00e9l para requerir sus servicios. Para ello, esos equipos tendr\u00edan que desembolsar entre 15 y 20 millones de euros.<\/p>\n<p>Se da por hecho que Alonso dejar\u00e1 Leverkusen. El propio exjugador, de 43 a\u00f1os, ha evitado un compromiso claro con su actual club y la semana pasada declar\u00f3 un ambiguo \u00abno s\u00e9 qu\u00e9 pasar\u00e1\u00bb al ser consultado sobre el tema. Hace un a\u00f1o, cuando era pretendido por Liverpool y Bayern M\u00fanich, puso fin prontamente a las especulaciones y opt\u00f3 por quedarse una temporada m\u00e1s en Leverkusen.<\/p>\n<figure class=\"placeholder-image master_landscape big\"><img data-format=\"MASTER_LANDSCAPE\" data-id=\"72412970\" data-url=\"https:\/\/static.dw.com\/image\/72412970_${formatId}.jpg\" data-aspect-ratio=\"16\/9\" alt=\"Ancelotti y Alonso coincidieron en Bayern M\u00fanich. El italiano como t\u00e9cnico, el espa\u00f1ol como jugador.\" style=\"padding-bottom: 56.25%; height: 0; max-height: 0;\"\/><figcaption class=\"img-caption\">Ancelotti y Alonso coincidieron en Bayern M\u00fanich. El italiano como t\u00e9cnico, el espa\u00f1ol como jugador.<small class=\"copyright\">Im\u00e1genes: Christian Kolbert \/ Picture Alliance \/ Kolbert-Press<\/small><\/figcaption><\/figure>\n<h2>Triplete alem\u00e1n tras 31 a\u00f1os sin t\u00edtulos<\/h2>\n<p>Para Bayer Leverkusen, ganador del triplete alem\u00e1n en 2024, 31 a\u00f1os de sequ\u00eda llegaron a su t\u00e9rmino tras solo dos a\u00f1os de trabajo del espa\u00f1ol. Alonso lleg\u00f3 en octubre de 2022 al equipo renano, cuando Leverkusen estaba en el puesto 17 de la tabla, tras un mal comienzo de temporada. Xabi, que antes nunca hab\u00eda dirigido a un club profesional, llev\u00f3 al equipo a la Europa League en su primer a\u00f1o y luego logr\u00f3 algo que nunca se hab\u00eda visto en el f\u00fatbol alem\u00e1n.<\/p>\n<p>En 2024, Bayer Leverkusen se proclam\u00f3 campe\u00f3n de la Bundesliga por primera vez en su historia sin encajar derrota alguna. Adem\u00e1s, gan\u00f3 la Copa de Alemania y la Supercopa alemana. En la Europa League solo cay\u00f3 en la final ante el Atalanta Bergamo. Antes de eso, solo ten\u00eda dos t\u00edtulos en sus vitrinas: la Copa de Alemania de 1993 y la Copa de la UEFA de 1988.<\/p>\n<p>Alonso inculc\u00f3 en sus jugadores una mentalidad ganadora que fue determinante en los momentos cruciales. Su capacidad para remontar partidos muy disputados con goles de \u00faltimo momento fue una marca registrada del plantel en esa temporada.<\/p>\n<p><span data-slot-id=\"Article_InContent-1\" class=\"rich-text-ad\"\/><\/p>\n<h2>Derrotas amargas, oportunidades perdidas<\/h2>\n<p>Sin embargo, en la temporada posterior al t\u00edtulo, el equipo de Alonso a menudo careci\u00f3 precisamente de esa cualidad. Si bien es cierto que el Leverkusen logr\u00f3 en la temporada 2024\/2025 su segundo mejor resultado hist\u00f3rico, una revisi\u00f3n del transcurso del a\u00f1o muestra que tuvo muchas actuaciones flojas y perdi\u00f3 puntos cruciales en empates evitables. Hay dos derrotas cruciales: la ca\u00edda ante Bayern M\u00fanich en octavos de final de la Champions League, y especialmente la inesperada y dolorosa derrota en semifinales de la Copa de Alemania ante el Arminia Bielefeld, de la tercera divisi\u00f3n.<\/p>\n<p>Tras esta y otras malas actuaciones, Alonso, considerado intocable hasta entonces, comenz\u00f3 a recibir cr\u00edticas. \u00abQuiz\u00e1s la t\u00e1ctica no fue la mejor\u00bb, reconoci\u00f3 tras la sorprendente eliminaci\u00f3n de la Copa de Alemania. Semanas m\u00e1s tarde, admiti\u00f3 sentir dolor todav\u00eda \u00abpor haber perdido una gran oportunidad de ir a Berl\u00edn y jugar otra final\u00bb.<\/p>\n<figure class=\"placeholder-image master_landscape big\"><img data-format=\"MASTER_LANDSCAPE\" data-id=\"70265759\" data-url=\"https:\/\/static.dw.com\/image\/70265759_${formatId}.jpg\" data-aspect-ratio=\"16\/9\" alt=\"Florian Wirtz y Alonso durante un entrenamiento en los terrenos de Bayer Leverkusen.\" style=\"padding-bottom: 56.25%; height: 0; max-height: 0;\"\/><figcaption class=\"img-caption\">Florian Wirtz y Alonso durante un entrenamiento en los terrenos de Bayer Leverkusen.<small class=\"copyright\">Imagen: Marius Becker\/DPA\/Picture Alliance<\/small><\/figcaption><\/figure>\n<h2>\u00bfY qu\u00e9 dir\u00e1 Florian Wirtz?<\/h2>\n<p>La partida de Alonso tendr\u00e1 otras consecuencias para el equipo. La superestrella del Bayer, Florian Wirtz, ya no tendr\u00e1 argumentos para permanecer en Leverkusen. Se rumorea que podr\u00eda partir a Manchester City, pero tambi\u00e9n podr\u00eda seguir a Alonso al Real Madrid. Bayern M\u00fanich tambi\u00e9n est\u00e1 interesado en fichar al jugador de 21 a\u00f1os. Se habla de un traspaso que podr\u00eda ascender a los 130 millones de euros.<\/p>\n<p>Otros que consideran un cambio de club son los atacantes Patrik Schick y Victor Boniface, as\u00ed como el seleccionado alem\u00e1n Robert Andrich, y Jonas Hofmann, todos ellos insatisfechos con los minutos de juego que han tenido con Alonso en la banca.<\/p>\n<p>Y sobre la pregunta de qui\u00e9n ser\u00eda el reemplazante del t\u00e9cnico, se han dado varios nombres. El neerland\u00e9s Erik ten Hag, exentrenador de Manchester United, suena fuerte, e incluso la revista especializada <em>Pateador<\/em> lo considera un sucesor casi seguro, mientras que Imanol Alguacil, Xavi Hern\u00e1ndez y Cesc F\u00e1bregas tambi\u00e9n correr\u00edan con ventaja. Que tantos favoritos sean espa\u00f1oles tiene que ver con el hecho de que el gerente t\u00e9cnico de Leverkusen sea Fernando Carro. Y, si nos ajustamos a los hechos, los principales \u00e9xitos del equipo renano han sido gracias a un entrenador ib\u00e9rico.<\/p>\n<p>(bebidas)<\/p>\n<\/div>\n\n","protected":false},"excerpt":{"rendered":"<p>Aunque todav\u00eda no es oficial, hay poqu\u00edsimas dudas de que Xabi Alonso dejar\u00e1 la Bundesliga y se integrar\u00e1 al Real Madrid, en Espa\u00f1a. Tras la eliminaci\u00f3n de los madridistas en cuartos de final de la Champions League y la derrota en la final de la Copa del Rey ante su archirrival\u00a0Barcelona, los d\u00edas de Carlo &hellip;<\/p>\n","protected":false},"author":1,"featured_media":25640,"comment_status":"open","ping_status":"open","sticky":false,"template":"","format":"standard","meta":{"fifu_image_url":"https:\/\/static.dw.com\/image\/72412988_6.jpg","fifu_image_alt":"","footnotes":""},"categories":[13],"tags":[],"class_list":["post-25639","post","type-post","status-publish","format-standard","has-post-thumbnail","","category-mundo"],"_links":{"self":[{"href":"https:\/\/noticiasveraces.com\/index.php?rest_route=\/wp\/v2\/posts\/25639","targetHints":{"allow":["GET"]}}],"collection":[{"href":"https:\/\/noticiasveraces.com\/index.php?rest_route=\/wp\/v2\/posts"}],"about":[{"href":"https:\/\/noticiasveraces.com\/index.php?rest_route=\/wp\/v2\/types\/post"}],"author":[{"embeddable":true,"href":"https:\/\/noticiasveraces.com\/index.php?rest_route=\/wp\/v2\/users\/1"}],"replies":[{"embeddable":true,"href":"https:\/\/noticiasveraces.com\/index.php?rest_route=%2Fwp%2Fv2%2Fcomments&post=25639"}],"version-history":[{"count":0,"href":"https:\/\/noticiasveraces.com\/index.php?rest_route=\/wp\/v2\/posts\/25639\/revisions"}],"wp:featuredmedia":[{"embeddable":true,"href":"https:\/\/noticiasveraces.com\/index.php?rest_route=\/wp\/v2\/media\/25640"}],"wp:attachment":[{"href":"https:\/\/noticiasveraces.com\/index.php?rest_route=%2Fwp%2Fv2%2Fmedia&parent=25639"}],"wp:term":[{"taxonomy":"category","embeddable":true,"href":"https:\/\/noticiasveraces.com\/index.php?rest_route=%2Fwp%2Fv2%2Fcategories&post=25639"},{"taxonomy":"post_tag","embeddable":true,"href":"https:\/\/noticiasveraces.com\/index.php?rest_route=%2Fwp%2Fv2%2Ftags&post=25639"}],"curies":[{"name":"wp","href":"https:\/\/api.w.org\/{rel}","templated":true}]}}