{"id":25597,"date":"2025-05-03T04:40:20","date_gmt":"2025-05-03T08:40:20","guid":{"rendered":"https:\/\/noticiasveraces.com\/?p=25597"},"modified":"2025-05-03T04:40:20","modified_gmt":"2025-05-03T08:40:20","slug":"fredy-guarin-regresara-al-futbol-colombiano-el-proximo-semestre-propuesta-para-volver-esta-firme-colombianos-en-el-exterior","status":"publish","type":"post","link":"https:\/\/noticiasveraces.com\/?p=25597","title":{"rendered":"\u00bfFredy Guar\u00edn regresar\u00e1 al f\u00fatbol colombiano el pr\u00f3ximo semestre? Propuesta para volver est\u00e1 firme | Colombianos en el Exterior"},"content":{"rendered":"<p> \n<br \/><img decoding=\"async\" src=\"https:\/\/www.futbolred.com\/files\/article_graphic\/uploads\/2022\/08\/24\/63069fb73919d.jpeg\" \/><\/p>\n<div id=\"cuerpoArticulo\">\n<p class=\"texto intro\" id=\"pnull-m194-193-195\">Hace m\u00e1s de cuatro a\u00f1os que Fredy Guar\u00edn jug\u00f3 su \u00faltimo partido con Millonarios, el 23 de febrero de 2021 enfrentando a Junior de Barranquilla. Luego tuvo graves problemas personales que lo llevaron al retiro.<\/p>\n<p>En medio de un drama personal, el futbolista de 38 a\u00f1os super\u00f3 problemas de alcoholismo y un sobrepeso que era notorio. Hace ya un a\u00f1o est\u00e1 sobrio y mejorando cada vez m\u00e1s su parte f\u00edsica. As\u00ed, a finales de 2024 le empez\u00f3 a crecer el deseo de volver a jugar en Colombia y regresar del retiro.<\/p>\n<p>En enero de este a\u00f1o, un equipo de la Liga BetPlay I-2025 le abri\u00f3 la puerta del regreso a Guar\u00edn, y hubo una propuesta directa para que se vista de cortos y tenga un \u2018\u00faltimo baile\u2019 en el f\u00fatbol colombiano.<\/p>\n<p class=\"texto contenido-parrafo-articulo\" id=\"pnull-m206-2-207\">Ese equipo fue Alianza FC, de Valledupar: \u201cHay una puerta abierta que me la abri\u00f3 el doctor Carlos Ferreira en Alianza. Me puso el equipo a disposici\u00f3n si quer\u00eda jugar. Se lo agradezco mucho\u201d, confes\u00f3 Guar\u00edn hace unos meses.<\/p>\n<p>Sin embargo, no se concret\u00f3 nada para que se uniera al equipo profesional y Fredy Alejandro ha estado participando de eventos y charlas motivacionales.<\/p>\n<p>Sin embargo, en las \u00faltimas horas Fredy Guar\u00edn sorprendi\u00f3. Lo vieron en Valledupar, para disfrutar del Festival Vallenato 2025.<\/p>\n<p>As\u00ed, el diario <i>\u2018El Pil\u00f3n\u2019<\/i> le pregunt\u00f3 por si todav\u00eda tiene el deseo de volver a jugar. Fue por eso que indagaron sobre aquella oferta de Alianza FC a comienzo de temporada. \u201cEst\u00e1 firme\u201d, revel\u00f3 Guar\u00edn, generando de nuevo la expectativa sobre la posibilidad de volver a la Liga.<\/p>\n<div id=\"pnull-m266-3-267\" class=\"\">\n<blockquote class=\"twitter-tweet\" data-media-max-width=\"560\">\n<p lang=\"es\" dir=\"ltr\">El futbolista colombiano Fredy Alejandro Guar\u00edn V\u00e1zquez, presente en el Festival Vallenato de Valledupar. Afirma que apoya al acordeonero Iv\u00e1n Zuleta Barros. V\u00eda El Pil\u00f3n. <a href=\"https:\/\/t.co\/uyFDizGDX9\">pic.twitter.com\/uyfdizgdx9<\/a><\/p>\n<p>\u2014 Breinner Arteta Ca\u00f1izares (@ArtetaBreinner) <a href=\"https:\/\/twitter.com\/ArtetaBreinner\/status\/1918445153313824844?ref_src=twsrc%5Etfw\">2 de mayo de 2025<\/a><\/p><\/blockquote><\/div>\n<\/p><\/div>\n<p><script async src=\"https:\/\/platform.twitter.com\/widgets.js\" charset=\"utf-8\"><\/script><br \/>\n<br \/>\n","protected":false},"excerpt":{"rendered":"<p>Hace m\u00e1s de cuatro a\u00f1os que Fredy Guar\u00edn jug\u00f3 su \u00faltimo partido con Millonarios, el 23 de febrero de 2021 enfrentando a Junior de Barranquilla. Luego tuvo graves problemas personales que lo llevaron al retiro. En medio de un drama personal, el futbolista de 38 a\u00f1os super\u00f3 problemas de alcoholismo y un sobrepeso que era &hellip;<\/p>\n","protected":false},"author":1,"featured_media":25599,"comment_status":"open","ping_status":"open","sticky":false,"template":"","format":"standard","meta":{"fifu_image_url":"https:\/\/www.futbolred.com\/files\/og_thumbnail\/uploads\/2022\/08\/24\/63069fb73919d.jpeg","fifu_image_alt":"","footnotes":""},"categories":[6],"tags":[],"class_list":["post-25597","post","type-post","status-publish","format-standard","has-post-thumbnail","","category-deportes"],"_links":{"self":[{"href":"https:\/\/noticiasveraces.com\/index.php?rest_route=\/wp\/v2\/posts\/25597","targetHints":{"allow":["GET"]}}],"collection":[{"href":"https:\/\/noticiasveraces.com\/index.php?rest_route=\/wp\/v2\/posts"}],"about":[{"href":"https:\/\/noticiasveraces.com\/index.php?rest_route=\/wp\/v2\/types\/post"}],"author":[{"embeddable":true,"href":"https:\/\/noticiasveraces.com\/index.php?rest_route=\/wp\/v2\/users\/1"}],"replies":[{"embeddable":true,"href":"https:\/\/noticiasveraces.com\/index.php?rest_route=%2Fwp%2Fv2%2Fcomments&post=25597"}],"version-history":[{"count":0,"href":"https:\/\/noticiasveraces.com\/index.php?rest_route=\/wp\/v2\/posts\/25597\/revisions"}],"wp:featuredmedia":[{"embeddable":true,"href":"https:\/\/noticiasveraces.com\/index.php?rest_route=\/wp\/v2\/media\/25599"}],"wp:attachment":[{"href":"https:\/\/noticiasveraces.com\/index.php?rest_route=%2Fwp%2Fv2%2Fmedia&parent=25597"}],"wp:term":[{"taxonomy":"category","embeddable":true,"href":"https:\/\/noticiasveraces.com\/index.php?rest_route=%2Fwp%2Fv2%2Fcategories&post=25597"},{"taxonomy":"post_tag","embeddable":true,"href":"https:\/\/noticiasveraces.com\/index.php?rest_route=%2Fwp%2Fv2%2Ftags&post=25597"}],"curies":[{"name":"wp","href":"https:\/\/api.w.org\/{rel}","templated":true}]}}