{"id":25592,"date":"2025-05-03T04:15:15","date_gmt":"2025-05-03T08:15:15","guid":{"rendered":"https:\/\/noticiasveraces.com\/?p=25592"},"modified":"2025-05-03T04:15:15","modified_gmt":"2025-05-03T08:15:15","slug":"principe-enrique-quiere-reconciliarse-con-su-familia-dw-02-05-2025","status":"publish","type":"post","link":"https:\/\/noticiasveraces.com\/?p=25592","title":{"rendered":"Pr\u00edncipe Enrique quiere reconciliarse con su familia \u2013 DW \u2013 02\/05\/2025"},"content":{"rendered":"<p> \n<\/p>\n<div>\n<p>El pr\u00edncipe Enrique, distanciado de la familia real desde 2020, confes\u00f3 este viernes (02.05.2025) que desea una reconciliaci\u00f3n con ellos y est\u00e1 \u00abdevastado\u00bb por una decisi\u00f3n judicial que, seg\u00fan \u00e9l, le impide regresar a Reino Unido con su esposa e hijos.<\/p>\n<p>\u00abAlgunos miembros de mi familia nunca me perdonar\u00e1n haber escrito un libro\u00bb, declar\u00f3 el duque de Sussex a la cadena brit\u00e1nica BBC, en referencia a su autobiograf\u00eda publicada hace dos a\u00f1os. \u00abPero me gustar\u00eda mucho reconciliarme con ellos\u00bb, agreg\u00f3.<\/p>\n<p>El pr\u00edncipe de 40 a\u00f1os dijo que ya no tiene contacto con su padre, el rey Carlos III, que padece desde 2024 un c\u00e1ncer del que no se ha informado sobre su naturaleza.<\/p>\n<p>Enrique se\u00f1al\u00f3 como el origen de este distanciamiento las acciones legales que ha emprendido contra una decisi\u00f3n del gobierno relacionada con la reducci\u00f3n de las medidas de seguridad para \u00e9l y su familia, que viven en California desde 2020.<\/p>\n<h2><strong>\u00abNo sirve de nada seguir pele\u00e1ndose\u00bb<\/strong><\/h2>\n<p>En esa acci\u00f3n judicial, el recurso del pr\u00edncipe contra esa decisi\u00f3n de reducir su protecci\u00f3n policial en Reino Unido, que ten\u00eda antes de mudarse a Estados Unidos, fue rechazado este viernes por el Tribunal de Apelaci\u00f3n de Londres<\/p>\n<p>\u00abNo s\u00e9 cu\u00e1nto tiempo le queda a mi padre (&#8230;) pero ser\u00eda bueno que nos reconcili\u00e1ramos. No sirve de nada seguir pele\u00e1ndose. La vida es preciosa\u00bb, manifest\u00f3.<\/p>\n<p>Despu\u00e9s de abandonar el pa\u00eds en 2020, el hijo menor del rey Carlos III y su esposa Meghan perdieron la protecci\u00f3n sistem\u00e1tica prevista para los miembros activos de la familia real, financiada por el contribuyente brit\u00e1nico.<\/p>\n<p>Actualmente, el Ministerio del Interior eval\u00faa caso por caso la necesidad de protecci\u00f3n del pr\u00edncipe cuando visita Reino Unido. Para la justicia brit\u00e1nica, la protecci\u00f3n policial sistem\u00e1tica en Reino Unido no puede continuar debido a que el pr\u00edncipe ya no es un miembro activo de la familia real.<\/p>\n<p>RR (AFP\/Reuters)<\/p>\n<\/div>\n\n","protected":false},"excerpt":{"rendered":"<p>El pr\u00edncipe Enrique, distanciado de la familia real desde 2020, confes\u00f3 este viernes (02.05.2025) que desea una reconciliaci\u00f3n con ellos y est\u00e1 \u00abdevastado\u00bb por una decisi\u00f3n judicial que, seg\u00fan \u00e9l, le impide regresar a Reino Unido con su esposa e hijos. \u00abAlgunos miembros de mi familia nunca me perdonar\u00e1n haber escrito un libro\u00bb, declar\u00f3 el &hellip;<\/p>\n","protected":false},"author":1,"featured_media":25593,"comment_status":"open","ping_status":"open","sticky":false,"template":"","format":"standard","meta":{"fifu_image_url":"https:\/\/static.dw.com\/image\/69062004_6.jpg","fifu_image_alt":"","footnotes":""},"categories":[13],"tags":[],"class_list":["post-25592","post","type-post","status-publish","format-standard","has-post-thumbnail","","category-mundo"],"_links":{"self":[{"href":"https:\/\/noticiasveraces.com\/index.php?rest_route=\/wp\/v2\/posts\/25592","targetHints":{"allow":["GET"]}}],"collection":[{"href":"https:\/\/noticiasveraces.com\/index.php?rest_route=\/wp\/v2\/posts"}],"about":[{"href":"https:\/\/noticiasveraces.com\/index.php?rest_route=\/wp\/v2\/types\/post"}],"author":[{"embeddable":true,"href":"https:\/\/noticiasveraces.com\/index.php?rest_route=\/wp\/v2\/users\/1"}],"replies":[{"embeddable":true,"href":"https:\/\/noticiasveraces.com\/index.php?rest_route=%2Fwp%2Fv2%2Fcomments&post=25592"}],"version-history":[{"count":0,"href":"https:\/\/noticiasveraces.com\/index.php?rest_route=\/wp\/v2\/posts\/25592\/revisions"}],"wp:featuredmedia":[{"embeddable":true,"href":"https:\/\/noticiasveraces.com\/index.php?rest_route=\/wp\/v2\/media\/25593"}],"wp:attachment":[{"href":"https:\/\/noticiasveraces.com\/index.php?rest_route=%2Fwp%2Fv2%2Fmedia&parent=25592"}],"wp:term":[{"taxonomy":"category","embeddable":true,"href":"https:\/\/noticiasveraces.com\/index.php?rest_route=%2Fwp%2Fv2%2Fcategories&post=25592"},{"taxonomy":"post_tag","embeddable":true,"href":"https:\/\/noticiasveraces.com\/index.php?rest_route=%2Fwp%2Fv2%2Ftags&post=25592"}],"curies":[{"name":"wp","href":"https:\/\/api.w.org\/{rel}","templated":true}]}}