{"id":25583,"date":"2025-05-03T02:12:15","date_gmt":"2025-05-03T06:12:15","guid":{"rendered":"https:\/\/noticiasveraces.com\/?p=25583"},"modified":"2025-05-03T02:12:15","modified_gmt":"2025-05-03T06:12:15","slug":"trump-publica-una-imagen-que-lo-muestra-vestido-como-el-papa-dw-03-05-2025","status":"publish","type":"post","link":"https:\/\/noticiasveraces.com\/?p=25583","title":{"rendered":"Trump publica una imagen que lo muestra vestido como el papa \u2013 DW \u2013 03\/05\/2025"},"content":{"rendered":"<p> \n<\/p>\n<div>\n<p>El presidente estadounidense, Donald Trump, public\u00f3 el viernes (02.05.2025) una imagen, aparentemente generada con inteligencia artificial (IA), en la que aparece vestido como el papa, luego de decir que le gustar\u00eda ser el pont\u00edfice cat\u00f3lico unos d\u00edas antes del c\u00f3nclave que elegir\u00e1 el sucesor de Francisco.<\/p>\n<p>A principios de semana, el magnate republicano brome\u00f3 sobre la elecci\u00f3n del pr\u00f3ximo l\u00edder de los 1.400 millones de fieles de la Iglesia cat\u00f3lica, una minor\u00eda religiosa en Estados Unidos.<\/p>\n<p>La imagen de Trump aparece mientras la Iglesia cat\u00f3lica espera la celebraci\u00f3n del c\u00f3nclave que elegir\u00e1 al nuevo pont\u00edfice, el pr\u00f3ximo mi\u00e9rcoles, tras la muerte del papa Francisco a los 88 a\u00f1os el pasado lunes 21 de abril, y dos d\u00edas despu\u00e9s de que el mandatario sugiriera que \u00e9l ser\u00eda una buena opci\u00f3n para ocupar el trono de San Pedro.<\/p>\n<p>\u00abMe gustar\u00eda ser papa. Esa ser\u00eda mi opci\u00f3n n\u00famero uno. Creo que ser\u00eda un gran papa. Nadie lo har\u00eda mejor que yo\u201d, dijo Trump el mi\u00e9rcoles desde la Casa Blanca.<\/p>\n<blockquote class=\"tweet embed\" data-id=\"1918501526235983873\"\/>\n<p>Con esta imagen, Trump vuelve a generar controversia, ya que en el funeral del papa Francisco, el pasado s\u00e1bado en El Vaticano, se salt\u00f3 el protocolo al asistir vestido de azul y no de negro, como lo dicta la tradici\u00f3n en estos casos.<\/p>\n<p>La foto a color difundida por Trump lo muestra sentado con aire solemne en un sill\u00f3n, vestido con la sotana blanca papal, coronado con la mitra y luciendo la imponente cruz de oro. Tiene la mano izquierda apoyada en el muslo y el \u00edndice derecho levantado hacia el cielo.<\/p>\n<p>La imagen, aparentemente generada con IA seg\u00fan los medios estadounidenses que la han republicado en sus redes sociales, no va acompa\u00f1ada de ning\u00fan comentario del republicano.<\/p>\n<p>Alrededor del 20% de los estadounidenses se declaran cat\u00f3licos y las encuestas a pie de urna indicaron en las presidenciales de noviembre pasado que alrededor del 60% hab\u00eda votado por Trump.<\/p>\n<p>A partir del 7 de mayo, 133 cardenales de todo el mundo, menores de 80 a\u00f1os se reunir\u00e1n en un c\u00f3nclave a puerta cerrada en el Vaticano para elegir al sucesor de Francisco, el primer pont\u00edfice latinoamericano.<\/p>\n<p>JC (AFP, Efe)     <\/p>\n<\/p>\n<\/div>\n\n","protected":false},"excerpt":{"rendered":"<p>El presidente estadounidense, Donald Trump, public\u00f3 el viernes (02.05.2025) una imagen, aparentemente generada con inteligencia artificial (IA), en la que aparece vestido como el papa, luego de decir que le gustar\u00eda ser el pont\u00edfice cat\u00f3lico unos d\u00edas antes del c\u00f3nclave que elegir\u00e1 el sucesor de Francisco. A principios de semana, el magnate republicano brome\u00f3 sobre &hellip;<\/p>\n","protected":false},"author":1,"featured_media":25584,"comment_status":"open","ping_status":"open","sticky":false,"template":"","format":"standard","meta":{"fifu_image_url":"https:\/\/static.dw.com\/image\/72383143_6.jpg","fifu_image_alt":"","footnotes":""},"categories":[13],"tags":[],"class_list":["post-25583","post","type-post","status-publish","format-standard","has-post-thumbnail","","category-mundo"],"_links":{"self":[{"href":"https:\/\/noticiasveraces.com\/index.php?rest_route=\/wp\/v2\/posts\/25583","targetHints":{"allow":["GET"]}}],"collection":[{"href":"https:\/\/noticiasveraces.com\/index.php?rest_route=\/wp\/v2\/posts"}],"about":[{"href":"https:\/\/noticiasveraces.com\/index.php?rest_route=\/wp\/v2\/types\/post"}],"author":[{"embeddable":true,"href":"https:\/\/noticiasveraces.com\/index.php?rest_route=\/wp\/v2\/users\/1"}],"replies":[{"embeddable":true,"href":"https:\/\/noticiasveraces.com\/index.php?rest_route=%2Fwp%2Fv2%2Fcomments&post=25583"}],"version-history":[{"count":0,"href":"https:\/\/noticiasveraces.com\/index.php?rest_route=\/wp\/v2\/posts\/25583\/revisions"}],"wp:featuredmedia":[{"embeddable":true,"href":"https:\/\/noticiasveraces.com\/index.php?rest_route=\/wp\/v2\/media\/25584"}],"wp:attachment":[{"href":"https:\/\/noticiasveraces.com\/index.php?rest_route=%2Fwp%2Fv2%2Fmedia&parent=25583"}],"wp:term":[{"taxonomy":"category","embeddable":true,"href":"https:\/\/noticiasveraces.com\/index.php?rest_route=%2Fwp%2Fv2%2Fcategories&post=25583"},{"taxonomy":"post_tag","embeddable":true,"href":"https:\/\/noticiasveraces.com\/index.php?rest_route=%2Fwp%2Fv2%2Ftags&post=25583"}],"curies":[{"name":"wp","href":"https:\/\/api.w.org\/{rel}","templated":true}]}}