{"id":25540,"date":"2025-05-02T20:03:43","date_gmt":"2025-05-03T00:03:43","guid":{"rendered":"https:\/\/noticiasveraces.com\/?p=25540"},"modified":"2025-05-02T20:03:43","modified_gmt":"2025-05-03T00:03:43","slug":"automovil-atropella-a-multitud-y-deja-heridos-en-alemania-dw-02-05-2025","status":"publish","type":"post","link":"https:\/\/noticiasveraces.com\/?p=25540","title":{"rendered":"Autom\u00f3vil atropella a multitud y deja heridos en Alemania \u2013 DW \u2013 02\/05\/2025"},"content":{"rendered":"<p> \n<\/p>\n<div>\n<p>Al menos ocho personas resultaron heridas este viernes (02.05.2025) cuando un veh\u00edculo embisti\u00f3 a una multitud en la ciudad de Stuttgart, en el sur de Alemania, indicaron la polic\u00eda y los servicios de emergencia.<\/p>\n<p>Los bomberos se\u00f1alaron en la red social X algunos est\u00e1n heridos \u00abde gravedad\u00bb. Seg\u00fan medios alemanes, el conductor del autom\u00f3vil fue arrestado, pero no dieron m\u00e1s detalles.<\/p>\n<p>La polic\u00eda de Stuttgart dijo despu\u00e9s que no hab\u00eda \u00abindicios de ataque\u00bb y que\u00a0las autoridades \u00abcreen que se trata de un tr\u00e1gico accidente\u00bb.<\/p>\n<figure class=\"placeholder-image master_landscape big\"><img data-format=\"MASTER_LANDSCAPE\" data-id=\"72421997\" data-url=\"https:\/\/static.dw.com\/image\/72421997_${formatId}.jpg\" data-aspect-ratio=\"16\/9\" alt=\"Seg\u00fan medios alemanes, el conductor del autom\u00f3vil fue arrestado (02.05.2025)\" style=\"padding-bottom: 56.25%; height: 0; max-height: 0;\"\/><figcaption class=\"img-caption\">Seg\u00fan medios alemanes, el conductor del autom\u00f3vil fue arrestado (02.05.2025)<small class=\"copyright\">Imagen: Marco Krefting\/DPA\/Picture Alliance<\/small><\/figcaption><\/figure>\n<p>Las autoridades pidieron a la poblaci\u00f3n este viernes que evitara desplazarse al centro de Stuttgart y advirtieron que se registraron problemas de tr\u00e1fico.<\/p>\n<p>Los servicios de seguridad de Alemania est\u00e1n en alerta m\u00e1xima tras varios atropellos m\u00faltiples mortales en los \u00faltimos meses, entre ellos uno que ocurri\u00f3 en diciembre del a\u00f1o passado en un mercado de navidad en Magdeburgo y otro en M\u00fanich.<\/p>\n<p>RR (AFP\/DPA)<\/p>\n<\/div>\n\n","protected":false},"excerpt":{"rendered":"<p>Al menos ocho personas resultaron heridas este viernes (02.05.2025) cuando un veh\u00edculo embisti\u00f3 a una multitud en la ciudad de Stuttgart, en el sur de Alemania, indicaron la polic\u00eda y los servicios de emergencia. Los bomberos se\u00f1alaron en la red social X algunos est\u00e1n heridos \u00abde gravedad\u00bb. Seg\u00fan medios alemanes, el conductor del autom\u00f3vil fue &hellip;<\/p>\n","protected":false},"author":1,"featured_media":25541,"comment_status":"open","ping_status":"open","sticky":false,"template":"","format":"standard","meta":{"fifu_image_url":"https:\/\/static.dw.com\/image\/72421816_6.jpg","fifu_image_alt":"","footnotes":""},"categories":[13],"tags":[],"class_list":["post-25540","post","type-post","status-publish","format-standard","has-post-thumbnail","","category-mundo"],"_links":{"self":[{"href":"https:\/\/noticiasveraces.com\/index.php?rest_route=\/wp\/v2\/posts\/25540","targetHints":{"allow":["GET"]}}],"collection":[{"href":"https:\/\/noticiasveraces.com\/index.php?rest_route=\/wp\/v2\/posts"}],"about":[{"href":"https:\/\/noticiasveraces.com\/index.php?rest_route=\/wp\/v2\/types\/post"}],"author":[{"embeddable":true,"href":"https:\/\/noticiasveraces.com\/index.php?rest_route=\/wp\/v2\/users\/1"}],"replies":[{"embeddable":true,"href":"https:\/\/noticiasveraces.com\/index.php?rest_route=%2Fwp%2Fv2%2Fcomments&post=25540"}],"version-history":[{"count":0,"href":"https:\/\/noticiasveraces.com\/index.php?rest_route=\/wp\/v2\/posts\/25540\/revisions"}],"wp:featuredmedia":[{"embeddable":true,"href":"https:\/\/noticiasveraces.com\/index.php?rest_route=\/wp\/v2\/media\/25541"}],"wp:attachment":[{"href":"https:\/\/noticiasveraces.com\/index.php?rest_route=%2Fwp%2Fv2%2Fmedia&parent=25540"}],"wp:term":[{"taxonomy":"category","embeddable":true,"href":"https:\/\/noticiasveraces.com\/index.php?rest_route=%2Fwp%2Fv2%2Fcategories&post=25540"},{"taxonomy":"post_tag","embeddable":true,"href":"https:\/\/noticiasveraces.com\/index.php?rest_route=%2Fwp%2Fv2%2Ftags&post=25540"}],"curies":[{"name":"wp","href":"https:\/\/api.w.org\/{rel}","templated":true}]}}