{"id":25537,"date":"2025-05-02T19:01:26","date_gmt":"2025-05-02T23:01:26","guid":{"rendered":"https:\/\/noticiasveraces.com\/?p=25537"},"modified":"2025-05-02T19:01:26","modified_gmt":"2025-05-02T23:01:26","slug":"la-popular-fiesta-de-afd-de-alemania-designada-por-la-agencia-intel-de-country-como-extremista","status":"publish","type":"post","link":"https:\/\/noticiasveraces.com\/?p=25537","title":{"rendered":"La popular fiesta de AFD de Alemania designada por la agencia Intel de Country como &#8216;extremista&#8217;"},"content":{"rendered":"<p> \n<\/p>\n<div>\n<div class=\"article-gating gated-overlay show-gate\">\n<div class=\"article-gating-wrapper\">\n<p>\u00danase a Fox News para acceder a este contenido<\/p>\n<p>Has alcanzado su n\u00famero m\u00e1ximo de art\u00edculos. Inicie sesi\u00f3n o cree una cuenta de forma gratuita para continuar leyendo.<\/p>\n<div class=\"article-gating-legal tablet-desktop\">Al ingresar su correo electr\u00f3nico y presionar Continuar, est\u00e1 de acuerdo con los T\u00e9rminos de uso y la Pol\u00edtica de privacidad de Fox News, que incluye nuestro aviso de incentivo financiero.\n    <\/div>\n<p><span>Por favor, introduce una direcci\u00f3n de correo electr\u00f3nico v\u00e1lida.<\/span><\/p>\n<footer class=\"article-gating-footer\">\u00bfTiene problemas? Haga clic aqu\u00ed.<\/footer>\n<\/div>\n<\/div>\n<p class=\"speakable\">La agencia de inteligencia nacional de Alemania, la oficina federal para la protecci\u00f3n de la Constituci\u00f3n o BFV, clasific\u00f3 el viernes la alternativa popular del pa\u00eds para el partido Alemania (AFD) como \u00abextremista\u00bb.<\/p>\n<p class=\"speakable\">\u00abEl centro de nuestra evaluaci\u00f3n es el concepto de definici\u00f3n \u00e9tnica y ancestralmente de las personas que da forma a la AFD, que deval\u00faa segmentos completos de la poblaci\u00f3n en Alemania y viola su dignidad humana\u00bb, dijo el BFV, explicando su decisi\u00f3n. \u00abEste concepto se refleja en la postura general antimigrante y anti-musulmana del partido\u00bb. <\/p>\n<p>La AFD critic\u00f3 la decisi\u00f3n, calific\u00e1ndola de \u00abgolpe contra la democracia\u00bb, alegando que estaba \u00abclaramente motivado pol\u00edticamente\u00bb, lo que el BFV neg\u00f3.<\/p>\n<p>Estados Unidos tambi\u00e9n critic\u00f3 la designaci\u00f3n, con el secretario de Estado Marco Rubio alegando que es \u00abtiran\u00eda disfrazada\u00bb.<\/p>\n<p><strong>Alemania acusa a Elon Musk de tratar de interferir en sus elecciones nacionales<\/strong><\/p>\n<div class=\"image-ct inline\">\n<div class=\"m\"><picture><source media=\"(max-width: 767px)\" srcset=\"https:\/\/a57.foxnews.com\/static.foxnews.com\/foxnews.com\/content\/uploads\/2025\/05\/343\/192\/alice-weidel.jpg?ve=1&amp;tl=1, https:\/\/a57.foxnews.com\/static.foxnews.com\/foxnews.com\/content\/uploads\/2025\/05\/686\/384\/alice-weidel.jpg?ve=1&amp;tl=1 2x\" height=\"192\" width=\"343\"><source media=\"(min-width: 768px) and (max-width: 1023px)\" srcset=\"https:\/\/a57.foxnews.com\/static.foxnews.com\/foxnews.com\/content\/uploads\/2025\/05\/672\/378\/alice-weidel.jpg?ve=1&amp;tl=1, https:\/\/a57.foxnews.com\/static.foxnews.com\/foxnews.com\/content\/uploads\/2025\/05\/1344\/756\/alice-weidel.jpg?ve=1&amp;tl=1 2x\" height=\"378\" width=\"672\"><source media=\"(min-width: 1024px) and (max-width: 1279px)\" srcset=\"https:\/\/a57.foxnews.com\/static.foxnews.com\/foxnews.com\/content\/uploads\/2025\/05\/931\/523\/alice-weidel.jpg?ve=1&amp;tl=1, https:\/\/a57.foxnews.com\/static.foxnews.com\/foxnews.com\/content\/uploads\/2025\/05\/1862\/1046\/alice-weidel.jpg?ve=1&amp;tl=1 2x\" height=\"523\" width=\"931\"><source media=\"(min-width: 1280px)\" srcset=\"https:\/\/a57.foxnews.com\/static.foxnews.com\/foxnews.com\/content\/uploads\/2025\/05\/720\/405\/alice-weidel.jpg?ve=1&amp;tl=1, https:\/\/a57.foxnews.com\/static.foxnews.com\/foxnews.com\/content\/uploads\/2025\/05\/1440\/810\/alice-weidel.jpg?ve=1&amp;tl=1 2x\" height=\"405\" width=\"720\"><img loading=\"lazy\" decoding=\"async\" src=\"https:\/\/a57.foxnews.com\/static.foxnews.com\/foxnews.com\/content\/uploads\/2025\/05\/1200\/675\/alice-weidel.jpg?ve=1&amp;tl=1\" alt=\"Alice Weidel, co-l\u00edder del partido pol\u00edtico alternativo del pa\u00eds para Alemania (AFD), en un rally\" width=\"1200\" height=\"675\"\/><\/source><\/source><\/source><\/source><\/picture><\/div>\n<div class=\"info\">\n<div class=\"caption\">\n<p><span>Alice Weidel, co-l\u00edder de la alternativa popular del pa\u00eds para el Partido Pol\u00edtico de Alemania, habla en un evento en enero.<\/span> <span>(Sean Gallup\/Getty Images)<\/span><\/p>\n<\/div>\n<\/div>\n<\/div>\n<p>\u00abAlemania acaba de dar a su agencia de espionaje nuevos poderes para examinar a la oposici\u00f3n\u00bb, \u00ab, <a href=\"https:\/\/twitter.com\/SecRubio\/status\/1918344238468649055\" target=\"_blank\" rel=\"nofollow noopener\">Rubio Publicado en X<\/a>. \u00abEsa no es la democracia, la tiran\u00eda disfrazada. Lo que es verdaderamente extremista no es el AFD popular, lo que ocup\u00f3 el segundo lugar en las elecciones recientes, pero m\u00e1s bien las pol\u00edticas mortales de inmigraci\u00f3n fronteriza abierta del establecimiento que la AFD se opone. Alemania deber\u00eda revertir el curso\u00bb.<\/p>\n<p>Elon Musk escribi\u00f3 en X: \u00abProhibir el Centrista Afd, el de Alemania, el partido m\u00e1s popular, ser\u00eda un ataque extremo contra la democracia\u00bb. <\/p>\n<p>La l\u00edder de AFD, Alice Weidel y Tino Chrupalla, dijeron: \u00abLa AFD continuar\u00e1 emprendiendo acciones legales contra estos ataques difamatorios que ponen en peligro la democracia\u00bb. <\/p>\n<p>El vicepresidente JD Vance se reuni\u00f3 con Weidel antes de las elecciones y dijo que la libertad de expresi\u00f3n estaba bajo ataque en Europa. <\/p>\n<p><strong>Trump celebra la victoria del Partido Conservador en Alemania<\/strong><\/p>\n<div class=\"image-ct inline\">\n<div class=\"m\"><picture><source media=\"(max-width: 767px)\" srcset=\"https:\/\/a57.foxnews.com\/static.foxnews.com\/foxnews.com\/content\/uploads\/2025\/05\/343\/192\/germanys-bfv-scaled.jpg?ve=1&amp;tl=1, https:\/\/a57.foxnews.com\/static.foxnews.com\/foxnews.com\/content\/uploads\/2025\/05\/686\/384\/germanys-bfv-scaled.jpg?ve=1&amp;tl=1 2x\" height=\"192\" width=\"343\"><source media=\"(min-width: 768px) and (max-width: 1023px)\" srcset=\"https:\/\/a57.foxnews.com\/static.foxnews.com\/foxnews.com\/content\/uploads\/2025\/05\/672\/378\/germanys-bfv-scaled.jpg?ve=1&amp;tl=1, https:\/\/a57.foxnews.com\/static.foxnews.com\/foxnews.com\/content\/uploads\/2025\/05\/1344\/756\/germanys-bfv-scaled.jpg?ve=1&amp;tl=1 2x\" height=\"378\" width=\"672\"><source media=\"(min-width: 1024px) and (max-width: 1279px)\" srcset=\"https:\/\/a57.foxnews.com\/static.foxnews.com\/foxnews.com\/content\/uploads\/2025\/05\/931\/523\/germanys-bfv-scaled.jpg?ve=1&amp;tl=1, https:\/\/a57.foxnews.com\/static.foxnews.com\/foxnews.com\/content\/uploads\/2025\/05\/1862\/1046\/germanys-bfv-scaled.jpg?ve=1&amp;tl=1 2x\" height=\"523\" width=\"931\"><source media=\"(min-width: 1280px)\" srcset=\"https:\/\/a57.foxnews.com\/static.foxnews.com\/foxnews.com\/content\/uploads\/2025\/05\/720\/405\/germanys-bfv-scaled.jpg?ve=1&amp;tl=1, https:\/\/a57.foxnews.com\/static.foxnews.com\/foxnews.com\/content\/uploads\/2025\/05\/1440\/810\/germanys-bfv-scaled.jpg?ve=1&amp;tl=1 2x\" height=\"405\" width=\"720\"><img loading=\"lazy\" decoding=\"async\" src=\"https:\/\/a57.foxnews.com\/static.foxnews.com\/foxnews.com\/content\/uploads\/2025\/05\/1200\/675\/germanys-bfv-scaled.jpg?ve=1&amp;tl=1\" alt=\"Insignia de BFV de Alemania\" width=\"1200\" height=\"675\"\/><\/source><\/source><\/source><\/source><\/picture><\/div>\n<div class=\"info\">\n<div class=\"caption\">\n<p><span>Un emblema de la oficina federal de Alemania para la protecci\u00f3n de la Constituci\u00f3n (BFV), el servicio de inteligencia nacional del pa\u00eds.<\/span> <span>(Reuters\/Wolfgang Rattay)<\/span><\/p>\n<\/div>\n<\/div>\n<\/div>\n<p>El BFV tambi\u00e9n clasifica el Partido Nacional Democr\u00e1tico Neo-Nazi (NDP), el Estado Isl\u00e1mico y otros grupos islamistas, y el Partido Marxista-Leninista de Alemania de extrema izquierda de Alemania como \u00abextremista\u00bb.<\/p>\n<p>La clasificaci\u00f3n permite a la Agencia de Inteligencia vigilar de cerca a la AFD, que qued\u00f3 en segundo lugar en las elecciones de Febrero de Alemania, ganando un n\u00famero r\u00e9cord de esca\u00f1os en el Parlamento.<\/p>\n<p>La agencia de inteligencia de Alemania est\u00e1 m\u00e1s legalmente limitada que otros pa\u00edses europeos en su capacidad para vigilar los partidos pol\u00edticos, lo que requiere la designaci\u00f3n \u00abextremista\u00bb, debido a su historia bajo el gobierno nazi y comunista. <\/p>\n<p>La designaci\u00f3n tambi\u00e9n permite que el servicio de inteligencia intercepte las comunicaciones del partido.<\/p>\n<p>La designaci\u00f3n \u00abextremista\u00bb sigui\u00f3 a un informe de 1.100 p\u00e1ginas de la Agencia de Inteligencia, y una p\u00e9rdida de caso judicial para AFD en el desaf\u00edo de la clasificaci\u00f3n previa del BFV del partido pol\u00edtico como sospechoso de extremismo. <\/p>\n<div class=\"image-ct inline\">\n<div class=\"m\"><picture><source media=\"(max-width: 767px)\" srcset=\"https:\/\/a57.foxnews.com\/static.foxnews.com\/foxnews.com\/content\/uploads\/2025\/05\/343\/192\/sec-state-marco-rubio.png?ve=1&amp;tl=1, https:\/\/a57.foxnews.com\/static.foxnews.com\/foxnews.com\/content\/uploads\/2025\/05\/686\/384\/sec-state-marco-rubio.png?ve=1&amp;tl=1 2x\" height=\"192\" width=\"343\"><source media=\"(min-width: 768px) and (max-width: 1023px)\" srcset=\"https:\/\/a57.foxnews.com\/static.foxnews.com\/foxnews.com\/content\/uploads\/2025\/05\/672\/378\/sec-state-marco-rubio.png?ve=1&amp;tl=1, https:\/\/a57.foxnews.com\/static.foxnews.com\/foxnews.com\/content\/uploads\/2025\/05\/1344\/756\/sec-state-marco-rubio.png?ve=1&amp;tl=1 2x\" height=\"378\" width=\"672\"><source media=\"(min-width: 1024px) and (max-width: 1279px)\" srcset=\"https:\/\/a57.foxnews.com\/static.foxnews.com\/foxnews.com\/content\/uploads\/2025\/05\/931\/523\/sec-state-marco-rubio.png?ve=1&amp;tl=1, https:\/\/a57.foxnews.com\/static.foxnews.com\/foxnews.com\/content\/uploads\/2025\/05\/1862\/1046\/sec-state-marco-rubio.png?ve=1&amp;tl=1 2x\" height=\"523\" width=\"931\"><source media=\"(min-width: 1280px)\" srcset=\"https:\/\/a57.foxnews.com\/static.foxnews.com\/foxnews.com\/content\/uploads\/2025\/05\/720\/405\/sec-state-marco-rubio.png?ve=1&amp;tl=1, https:\/\/a57.foxnews.com\/static.foxnews.com\/foxnews.com\/content\/uploads\/2025\/05\/1440\/810\/sec-state-marco-rubio.png?ve=1&amp;tl=1 2x\" height=\"405\" width=\"720\"><img loading=\"lazy\" decoding=\"async\" src=\"https:\/\/a57.foxnews.com\/static.foxnews.com\/foxnews.com\/content\/uploads\/2025\/05\/1200\/675\/sec-state-marco-rubio.png?ve=1&amp;tl=1\" alt=\"Secretario de Estado Marco Rubio\" width=\"1200\" height=\"675\"\/><\/source><\/source><\/source><\/source><\/picture><\/div>\n<div class=\"info\">\n<div class=\"caption\">\n<p><span>El Secretario de Estado, Marco Rubio, calific\u00f3 la designaci\u00f3n del Servicio de Inteligencia \u00abTiran\u00eda disfrazada\u00bb.<\/span> <span>(Kevin Dietsch\/Getty Images)<\/span><\/p>\n<\/div>\n<\/div>\n<\/div>\n<p>L\u00edder conservador Friedrich Merz, quien dirige el<strong> <\/strong>La Uni\u00f3n Democr\u00e1tica Cristiana (CDU), se confirmar\u00e1 como canciller la pr\u00f3xima semana despu\u00e9s de las elecciones en un gobierno de coalici\u00f3n con los socialdem\u00f3cratas del centro izquierda. <\/p>\n<p>Tanto Merz como los socialdem\u00f3cratas descartaron rectores con la AFD. <\/p>\n<p><strong>Haga clic aqu\u00ed para obtener la aplicaci\u00f3n Fox News<\/strong><\/p>\n<p>CDU, junto con su Partido Hermana B\u00e1vara, la Uni\u00f3n Social Cristiana (CSU), gan\u00f3 las elecciones de Alemania en febrero despu\u00e9s de obtener el 28.6% de los votos, seg\u00fan la emisora \u200b\u200binternacional de Alemania Deutsche Welle (DW). <\/p>\n<p>La AFD obtuvo el 20.8% de los votos. Mientras tanto, el Partido Socialdem\u00f3crata (SPD) saliente del canciller Olaf Scholz gan\u00f3 solo el 16,4% de los votos, su peor resultado desde la Segunda Guerra Mundial.<\/p>\n<p><i>Rachel Wolf y Reuters de Fox News Digital contribuyeron a este informe.<\/i><\/p>\n<\/div>\n<p><script async src=\"https:\/\/platform.twitter.com\/widgets.js\" charset=\"utf-8\"><\/script><br \/>\n<br \/>\n","protected":false},"excerpt":{"rendered":"<p>\u00danase a Fox News para acceder a este contenido Has alcanzado su n\u00famero m\u00e1ximo de art\u00edculos. Inicie sesi\u00f3n o cree una cuenta de forma gratuita para continuar leyendo. Al ingresar su correo electr\u00f3nico y presionar Continuar, est\u00e1 de acuerdo con los T\u00e9rminos de uso y la Pol\u00edtica de privacidad de Fox News, que incluye nuestro &hellip;<\/p>\n","protected":false},"author":1,"featured_media":25539,"comment_status":"open","ping_status":"open","sticky":false,"template":"","format":"standard","meta":{"fifu_image_url":"https:\/\/static.foxnews.com\/foxnews.com\/content\/uploads\/2025\/05\/rubio-split-1.jpg","fifu_image_alt":"","footnotes":""},"categories":[13],"tags":[],"class_list":["post-25537","post","type-post","status-publish","format-standard","has-post-thumbnail","","category-mundo"],"_links":{"self":[{"href":"https:\/\/noticiasveraces.com\/index.php?rest_route=\/wp\/v2\/posts\/25537","targetHints":{"allow":["GET"]}}],"collection":[{"href":"https:\/\/noticiasveraces.com\/index.php?rest_route=\/wp\/v2\/posts"}],"about":[{"href":"https:\/\/noticiasveraces.com\/index.php?rest_route=\/wp\/v2\/types\/post"}],"author":[{"embeddable":true,"href":"https:\/\/noticiasveraces.com\/index.php?rest_route=\/wp\/v2\/users\/1"}],"replies":[{"embeddable":true,"href":"https:\/\/noticiasveraces.com\/index.php?rest_route=%2Fwp%2Fv2%2Fcomments&post=25537"}],"version-history":[{"count":0,"href":"https:\/\/noticiasveraces.com\/index.php?rest_route=\/wp\/v2\/posts\/25537\/revisions"}],"wp:featuredmedia":[{"embeddable":true,"href":"https:\/\/noticiasveraces.com\/index.php?rest_route=\/wp\/v2\/media\/25539"}],"wp:attachment":[{"href":"https:\/\/noticiasveraces.com\/index.php?rest_route=%2Fwp%2Fv2%2Fmedia&parent=25537"}],"wp:term":[{"taxonomy":"category","embeddable":true,"href":"https:\/\/noticiasveraces.com\/index.php?rest_route=%2Fwp%2Fv2%2Fcategories&post=25537"},{"taxonomy":"post_tag","embeddable":true,"href":"https:\/\/noticiasveraces.com\/index.php?rest_route=%2Fwp%2Fv2%2Ftags&post=25537"}],"curies":[{"name":"wp","href":"https:\/\/api.w.org\/{rel}","templated":true}]}}