{"id":25532,"date":"2025-05-02T16:58:41","date_gmt":"2025-05-02T20:58:41","guid":{"rendered":"https:\/\/noticiasveraces.com\/?p=25532"},"modified":"2025-05-02T16:58:41","modified_gmt":"2025-05-02T20:58:41","slug":"que-papel-jugara-merz-en-la-ue-como-canciller-aleman-dw-02-05-2025","status":"publish","type":"post","link":"https:\/\/noticiasveraces.com\/?p=25532","title":{"rendered":"\u00bfQu\u00e9 papel jugar\u00e1 Merz en la UE, como canciller alem\u00e1n? \u2013 DW \u2013 02\/05\/2025"},"content":{"rendered":"<p> \n<\/p>\n<div>\n<p>\u00abEstamos listos para cumplir y formar un Gobierno en Alemania que ser\u00e1 uno de los m\u00e1s fuertes apoyos europeos que hayan visto jam\u00e1s\u00bb, prometi\u00f3 Friedrich Merz a sus colegas de partidos conservadores europeos en un discurso en Valencia, Espa\u00f1a.<\/p>\n<p>En el congreso del Partido Popular Europeo,\u00a0Merz resumi\u00f3 su pol\u00edtica europea: reforzar la unidad europea y las capacidades de defensa, apoyar nuevos acuerdos de libre comercio, reajustar la protecci\u00f3n del clima y la competitividad, y reducir el n\u00famero de inmigrantes que llegan a Europa.<\/p>\n<h2>Merz promete m\u00e1s liderazgo alem\u00e1n en la UE<\/h2>\n<p>Friedrich Merz subraya que sabe que muchos han deseado un mayor liderazgo alem\u00e1n en la Uni\u00f3n Europea (UE) y a nivel internacional en los \u00faltimos a\u00f1os, y quiere emprender\u00a0nuevas iniciativas e invertir m\u00e1s energ\u00eda en hacer avanzar a la UE.<\/p>\n<p>A nivel europeo, nadie quiere que Alemania -como pa\u00eds con m\u00e1s habitantes y mayor econom\u00eda de la UE- explote su posici\u00f3n central e intente hacer valer sus intereses mediante la presi\u00f3n, matiza Rafael Loss, polit\u00f3logo del Consejo Europeo de Relaciones Exteriores (ECFR) en Berl\u00edn. Alemania pretende m\u00e1s bien proporcionar impulsos unificadores que tengan un efecto equilibrador dentro de la UE y que tambi\u00e9n den\u00a0voz a los Estados miembros m\u00e1s peque\u00f1os, dice.<\/p>\n<h2>Merz quiere fortalecer a Europa en\u00a0defensa<\/h2>\n<p>En materia de defensa, Europa debe hablar con una sola voz, \u00absobre todo, organizando nuestra defensa de una forma mucho m\u00e1s eficaz, que eleve nuestras capacidades a un nuevo nivel\u00bb, afirm\u00f3 Merz en Valencia. Para lograr esto, hay que ser \u00abpragm\u00e1tico\u00bb en lo que se refiere a la adquisici\u00f3n militar conjunta y al desarrollo de proyectos de armamento conjuntos.<\/p>\n<p>En principio, esto deber\u00eda tener lugar en el marco de la OTAN. Pero los europeos deben poder defenderse mejor que en el pasado:\u00a0\u00abEsto no es una opci\u00f3n, sino un requisito\u00a0para preservar la libertad y la paz en el continente europeo\u00bb, afirm\u00f3 Merz.<\/p>\n<p>Ante la agresi\u00f3n b\u00e9lica rusa contra Ucrania y las claras se\u00f1ales de Washington de que Europa debe hacer m\u00e1s por su defensa, la Comisi\u00f3n Europea present\u00f3 recientemente una nueva estrategia de defensa y planes sobre c\u00f3mo pretende financiar el armamento europeo. Estos planes deben implementarse ya, opin\u00f3 Merz.<\/p>\n<p>Tras las elecciones alemanas de febrero, Merz fue m\u00e1s all\u00e1 al declarar que era una \u00abprioridad absoluta\u00bb fortalecer a Europa para que se independice de Estados Unidos \u00abpaso a paso\u00bb.<\/p>\n<h2>Esperanza para\u00a0el motor franco-alem\u00e1n<\/h2>\n<p>Sus palabras deben haber sido ser bien recibidas por el presidente franc\u00e9s, Emmanuel Macron. Merz prev\u00e9 una visita a la capital francesa al d\u00eda siguiente de asumir como canciller. La relaci\u00f3n entre Macron y Merz tambi\u00e9n es importante para la UE.\u00a0Alemania y Francia siguen siendo las dos mayores potencias de la UE, a pesar del nuevo \u00e9nfasis en Europa del Este, afirma Paul Maurice, del Instituto Franc\u00e9s de Relaciones Internacionales (IFRI). Esto se debe en particular a su importancia en la pol\u00edtica econ\u00f3mica y de defensa.<\/p>\n<figure class=\"placeholder-image master_landscape big\"><img data-format=\"MASTER_LANDSCAPE\" data-id=\"71731994\" data-url=\"https:\/\/static.dw.com\/image\/71731994_${formatId}.jpg\" data-aspect-ratio=\"16\/9\" alt=\"Merz conversa con Macron.\" style=\"padding-bottom: 56.25%; height: 0; max-height: 0;\"\/><figcaption class=\"img-caption\">Merz y Macron en una recepci\u00f3n, en mayo de 2024.<small class=\"copyright\">Imagen: Ludovic Marin\/AFP<\/small><\/figcaption><\/figure>\n<p>Macron espera ahora encontrar en Merz un socio para la realizaci\u00f3n de su proyecto de autonom\u00eda estrat\u00e9gica, explica Maurice a DW. El presidente franc\u00e9s aspira a que Europa sea m\u00e1s soberana e independiente de otros Estados, no s\u00f3lo en materia\u00a0de defensa, sino tambi\u00e9n en t\u00e9rminos de materias primas, tecnolog\u00eda y energ\u00eda.<\/p>\n<p>En particular, la pol\u00edtica energ\u00e9tica fue un punto de discordia entre los dos pa\u00edses durante el \u00faltimo Gobierno alem\u00e1n, del que formaron parte Los Verdes, se\u00f1ala Maurice. Ahora espera que\u00a0frene menos a Francia en el futuro en materia de energ\u00eda nuclear, porque Alemania tambi\u00e9n necesita electricidad barata para su econom\u00eda y sus ciudadanos.<\/p>\n<p>El analista pol\u00edtico Loss espera que el tema de la disuasi\u00f3n nuclear europea tambi\u00e9n se aborde entre ambas partes. No obstante, y aunque las relaciones germano-francesas deben mejorar, hay \u00e1reas en las que Francia y Alemania podr\u00edan seguir divergiendo.<\/p>\n<p>Maurice destaca el rechazo franc\u00e9s al acuerdo de libre comercio con el Mercosur, que Alemania, a su vez, desea. Francia tambi\u00e9n est\u00e1 a favor de los llamados eurobonos: la emisi\u00f3n de deuda conjunta de la UE para financiar el gasto de defensa. Alemania ha rechazado tradicionalmente la deuda conjunta, una posici\u00f3n que mantiene el entrante Gobierno de coalici\u00f3n entre conservadores y socialdem\u00f3cratas.<\/p>\n<p><span data-slot-id=\"Article_InContent-1\" class=\"rich-text-ad\"\/><\/p>\n<h2>Bruselas espera m\u00e1s capacidad de decisi\u00f3n de Berl\u00edn<\/h2>\n<p>Tambi\u00e9n Bruselas espera al nuevo Gobierno alem\u00e1n. Lo principal es que Alemania llene el vac\u00edo que surgi\u00f3 tras el colapso del Gobierno anterior, un d\u00eda despu\u00e9s de que Donald Trump fuera elegido presidente de Estados Unidos, explica Rafael Loss.<\/p>\n<p>Ambos analistas coinciden en que Bruselas espera que Alemania deje de abstenerse en votaciones sobre la legislaci\u00f3n de la UE, como hizo frecuentemente debido a diferencias de opini\u00f3n entre los tres socios de la coalici\u00f3n del Gobierno anterior: socialdem\u00f3cratas, liberales y verdes.<\/p>\n<p>Alemania tambi\u00e9n es importante para determinar el presupuesto a largo plazo de la UE a partir de 2028, afirma Loss. En materia de migraci\u00f3n, no est\u00e1 claro hasta qu\u00e9 punto Merz ve el tema como una \u00abambici\u00f3n pol\u00edtica europea\u00bb o si est\u00e1 dispuesto, si es necesario, a imponer sus ideas incluso en contra del marco legal europeo. Otros temas que preocupar\u00e1n tanto a Berl\u00edn como a Bruselas en el pr\u00f3ximo per\u00edodo ser\u00e1n la respuesta a la pol\u00edtica aduanera estadounidense y el comercio con China.<\/p>\n<p>(RML\/ers)<\/p>\n<\/div>\n\n","protected":false},"excerpt":{"rendered":"<p>\u00abEstamos listos para cumplir y formar un Gobierno en Alemania que ser\u00e1 uno de los m\u00e1s fuertes apoyos europeos que hayan visto jam\u00e1s\u00bb, prometi\u00f3 Friedrich Merz a sus colegas de partidos conservadores europeos en un discurso en Valencia, Espa\u00f1a. En el congreso del Partido Popular Europeo,\u00a0Merz resumi\u00f3 su pol\u00edtica europea: reforzar la unidad europea y &hellip;<\/p>\n","protected":false},"author":1,"featured_media":25533,"comment_status":"open","ping_status":"open","sticky":false,"template":"","format":"standard","meta":{"fifu_image_url":"https:\/\/static.dw.com\/image\/72417555_6.jpg","fifu_image_alt":"","footnotes":""},"categories":[13],"tags":[],"class_list":["post-25532","post","type-post","status-publish","format-standard","has-post-thumbnail","","category-mundo"],"_links":{"self":[{"href":"https:\/\/noticiasveraces.com\/index.php?rest_route=\/wp\/v2\/posts\/25532","targetHints":{"allow":["GET"]}}],"collection":[{"href":"https:\/\/noticiasveraces.com\/index.php?rest_route=\/wp\/v2\/posts"}],"about":[{"href":"https:\/\/noticiasveraces.com\/index.php?rest_route=\/wp\/v2\/types\/post"}],"author":[{"embeddable":true,"href":"https:\/\/noticiasveraces.com\/index.php?rest_route=\/wp\/v2\/users\/1"}],"replies":[{"embeddable":true,"href":"https:\/\/noticiasveraces.com\/index.php?rest_route=%2Fwp%2Fv2%2Fcomments&post=25532"}],"version-history":[{"count":0,"href":"https:\/\/noticiasveraces.com\/index.php?rest_route=\/wp\/v2\/posts\/25532\/revisions"}],"wp:featuredmedia":[{"embeddable":true,"href":"https:\/\/noticiasveraces.com\/index.php?rest_route=\/wp\/v2\/media\/25533"}],"wp:attachment":[{"href":"https:\/\/noticiasveraces.com\/index.php?rest_route=%2Fwp%2Fv2%2Fmedia&parent=25532"}],"wp:term":[{"taxonomy":"category","embeddable":true,"href":"https:\/\/noticiasveraces.com\/index.php?rest_route=%2Fwp%2Fv2%2Fcategories&post=25532"},{"taxonomy":"post_tag","embeddable":true,"href":"https:\/\/noticiasveraces.com\/index.php?rest_route=%2Fwp%2Fv2%2Ftags&post=25532"}],"curies":[{"name":"wp","href":"https:\/\/api.w.org\/{rel}","templated":true}]}}