{"id":25524,"date":"2025-05-02T16:04:15","date_gmt":"2025-05-02T20:04:15","guid":{"rendered":"https:\/\/noticiasveraces.com\/?p=25524"},"modified":"2025-05-02T16:04:15","modified_gmt":"2025-05-02T20:04:15","slug":"el-ceo-de-kohl-despidio-por-dirigir-negocios-a-una-persona-con-la-que-tenia-una-relacion-dice-el-minorista","status":"publish","type":"post","link":"https:\/\/noticiasveraces.com\/?p=25524","title":{"rendered":"El CEO de Kohl despidi\u00f3 por dirigir negocios a una persona con la que ten\u00eda una relaci\u00f3n, dice el minorista"},"content":{"rendered":"<p> \n<\/p>\n<div>\n<p class=\"body-graf\">La CEO de Kohl, Ashley Buchanan, fue despedida esta semana porque ten\u00eda una relaci\u00f3n personal no revelada con un proveedor en un equipo de consultor\u00eda que hizo un acuerdo multimillonario con el minorista en su direcci\u00f3n, dijo la compa\u00f1\u00eda en una presentaci\u00f3n regulatoria.<\/p>\n<figure class=\"styles_inlineImage__FvnTh styles_small__gIJ9M styles_portrait__NEQhG\"><picture class=\"styles_image__i32F7\" data-testid=\"picture\"><source media=\"(min-width: 1240px)\" srcset=\"https:\/\/media-cldnry.s-nbcnews.com\/image\/upload\/t_fit-360w,f_avif,q_auto:eco,dpr_2\/rockcms\/2025-05\/250502-ashley-buchanan-mn-1200-5f8477.jpg 2x, https:\/\/media-cldnry.s-nbcnews.com\/image\/upload\/t_fit-360w,f_auto,q_auto:best\/rockcms\/2025-05\/250502-ashley-buchanan-mn-1200-5f8477.jpg 1x\"\/><source media=\"(min-width: 1000px)\" srcset=\"https:\/\/media-cldnry.s-nbcnews.com\/image\/upload\/t_fit-320w,f_avif,q_auto:eco,dpr_2\/rockcms\/2025-05\/250502-ashley-buchanan-mn-1200-5f8477.jpg 2x, https:\/\/media-cldnry.s-nbcnews.com\/image\/upload\/t_fit-320w,f_auto,q_auto:best\/rockcms\/2025-05\/250502-ashley-buchanan-mn-1200-5f8477.jpg 1x\"\/><source media=\"(min-width: 758px)\" srcset=\"https:\/\/media-cldnry.s-nbcnews.com\/image\/upload\/t_fit-560w,f_avif,q_auto:eco,dpr_2\/rockcms\/2025-05\/250502-ashley-buchanan-mn-1200-5f8477.jpg 2x, https:\/\/media-cldnry.s-nbcnews.com\/image\/upload\/t_fit-560w,f_auto,q_auto:best\/rockcms\/2025-05\/250502-ashley-buchanan-mn-1200-5f8477.jpg 1x\"\/><source media=\"(min-width: 320px)\" srcset=\"https:\/\/media-cldnry.s-nbcnews.com\/image\/upload\/t_fit-760w,f_avif,q_auto:eco,dpr_2\/rockcms\/2025-05\/250502-ashley-buchanan-mn-1200-5f8477.jpg 2x, https:\/\/media-cldnry.s-nbcnews.com\/image\/upload\/t_fit-760w,f_auto,q_auto:best\/rockcms\/2025-05\/250502-ashley-buchanan-mn-1200-5f8477.jpg 1x\"\/><img loading=\"lazy\" decoding=\"async\" src=\"https:\/\/media-cldnry.s-nbcnews.com\/image\/upload\/t_fit-760w,f_auto,q_auto:best\/rockcms\/2025-05\/250502-ashley-buchanan-mn-1200-5f8477.jpg\" alt=\"Ashley Buchanan\" height=\"2268\" width=\"1814\"\/><\/picture><figcaption class=\"caption styles_caption__TCewG\" data-testid=\"caption\"><span class=\"caption__container\" data-testid=\"caption__container\">Ashley Buchanan.<\/span><span class=\"caption__source\" data-testid=\"caption__source\">Business Wire<\/span><\/figcaption><\/figure>\n<p class=\"body-graf\">Buchanan solo hab\u00eda estado en el papel desde enero.<\/p>\n<p class=\"body-graf\">Una investigaci\u00f3n realizada por un bufete de abogados externo encontr\u00f3 que Buchanan hab\u00eda violado las pol\u00edticas de la compa\u00f1\u00eda al ordenar a la compa\u00f1\u00eda que celebrara \u00abtransacciones de proveedores que involucraban conflictos de intereses no revelados\u00bb, dijeron los grandes almacenes. <\/p>\n<p class=\"body-graf\">La junta directiva de Kohl rescindi\u00f3 a Buchanan por causa, dijo la compa\u00f1\u00eda, y nombr\u00f3 al director de la junta Michael Bender como CEO interino. <\/p>\n<p class=\"body-graf\">Kohl&#8217;s dijo que el despido de Buchanan no estaba relacionado con el desempe\u00f1o de la compa\u00f1\u00eda y no involucr\u00f3 a ning\u00fan otro empleado. Buchanan anteriormente ocup\u00f3 el mismo puesto en el minorista de manualidades Michaels desde 2020. Se convirti\u00f3 en el director ejecutivo de Kohl en enero.<\/p>\n<p class=\"body-graf\">Kohl&#8217;s dijo el mi\u00e9rcoles en una presentaci\u00f3n regulatoria ante la Comisi\u00f3n de Bolsa y Valores que la investigaci\u00f3n encontr\u00f3 que Buchanan hab\u00eda ordenado a la compa\u00f1\u00eda que \u00abrealice negocios con un proveedor fundado por un individuo con el que el Sr. Buchanan tiene una relaci\u00f3n personal en t\u00e9rminos muy inusuales favorables para el proveedor\u00bb. <\/p>\n<p class=\"body-graf\">La presentaci\u00f3n dijo que la persona no identificada tambi\u00e9n era parte de un equipo de consultor\u00eda que hab\u00eda firmado un acuerdo multimillonario con Kohl&#8217;s bajo la direcci\u00f3n de Buchanan.<\/p>\n<p class=\"body-graf\">La presentaci\u00f3n regulatoria dijo que Buchanan no revel\u00f3 la relaci\u00f3n seg\u00fan lo requerido por la pol\u00edtica de la compa\u00f1\u00eda, y que tendr\u00e1 que perder todos los premios y bonificaciones que recibi\u00f3 de Kohl cuando fue contratado. Tambi\u00e9n tendr\u00e1 que reembolsar a la compa\u00f1\u00eda sobre una base prorrateada por un bono de firma de $ 2.5 millones.<\/p>\n<p class=\"body-graf\">Kohl&#8217;s no revel\u00f3 con qui\u00e9n estaba el acuerdo de consultor\u00eda, pero el Wall Street Journal, que fue el primero en informar a Buchanan, dijo que era un grupo de consultor\u00eda de Boston, donde el rom\u00e1ntico socio de Buchanan, Chandra Holt, era asesor. El informe del revista cit\u00f3 personas sin nombre familiarizadas con el asunto.<\/p>\n<p class=\"body-graf\">Buchanan y Holt no respondieron de inmediato a las solicitudes de comentarios realizados por tel\u00e9fono y correo electr\u00f3nico. <\/p>\n<p class=\"body-graf\">Boston Consulting Group dijo en un comunicado a NBC News que estaba \u00abconmocionado al enterarse de la relaci\u00f3n entre\u00bb Holt y Buchanan.<em> <\/em><\/p>\n<p class=\"body-graf\">\u00abTenemos directrices estrictas para que nuestros asesores superiores revelen cualquier conflicto de intereses\u00bb, dijo Boston Consulting, y agreg\u00f3 que hab\u00eda rescindido el contrato de Holt por no divulgaci\u00f3n. <\/p>\n<p class=\"body-graf\">El grupo de consultor\u00eda de Boston dijo que Holt es un reconocido experto de la industria que trabaj\u00f3 para el grupo a tiempo parcial y fue pagado por hora. <\/p>\n<p class=\"endmark body-graf\">\u00abElla no particip\u00f3 en la estructuraci\u00f3n del proyecto o en la negociaci\u00f3n de los t\u00e9rminos del contrato y no se esperaba que liderara ninguna parte del proyecto\u00bb, dijo el grupo.<\/p>\n<\/div>\n\n","protected":false},"excerpt":{"rendered":"<p>La CEO de Kohl, Ashley Buchanan, fue despedida esta semana porque ten\u00eda una relaci\u00f3n personal no revelada con un proveedor en un equipo de consultor\u00eda que hizo un acuerdo multimillonario con el minorista en su direcci\u00f3n, dijo la compa\u00f1\u00eda en una presentaci\u00f3n regulatoria. Ashley Buchanan.Business Wire Buchanan solo hab\u00eda estado en el papel desde enero. &hellip;<\/p>\n","protected":false},"author":1,"featured_media":25526,"comment_status":"open","ping_status":"open","sticky":false,"template":"","format":"standard","meta":{"fifu_image_url":"https:\/\/media-cldnry.s-nbcnews.com\/image\/upload\/t_nbcnews-fp-1200-630,f_auto,q_auto:best\/rockcms\/2025-05\/250502-ashley-buchanan-mn-1200-5f8477.jpg","fifu_image_alt":"","footnotes":""},"categories":[4],"tags":[],"class_list":["post-25524","post","type-post","status-publish","format-standard","has-post-thumbnail","","category-historias-destacadas"],"_links":{"self":[{"href":"https:\/\/noticiasveraces.com\/index.php?rest_route=\/wp\/v2\/posts\/25524","targetHints":{"allow":["GET"]}}],"collection":[{"href":"https:\/\/noticiasveraces.com\/index.php?rest_route=\/wp\/v2\/posts"}],"about":[{"href":"https:\/\/noticiasveraces.com\/index.php?rest_route=\/wp\/v2\/types\/post"}],"author":[{"embeddable":true,"href":"https:\/\/noticiasveraces.com\/index.php?rest_route=\/wp\/v2\/users\/1"}],"replies":[{"embeddable":true,"href":"https:\/\/noticiasveraces.com\/index.php?rest_route=%2Fwp%2Fv2%2Fcomments&post=25524"}],"version-history":[{"count":0,"href":"https:\/\/noticiasveraces.com\/index.php?rest_route=\/wp\/v2\/posts\/25524\/revisions"}],"wp:featuredmedia":[{"embeddable":true,"href":"https:\/\/noticiasveraces.com\/index.php?rest_route=\/wp\/v2\/media\/25526"}],"wp:attachment":[{"href":"https:\/\/noticiasveraces.com\/index.php?rest_route=%2Fwp%2Fv2%2Fmedia&parent=25524"}],"wp:term":[{"taxonomy":"category","embeddable":true,"href":"https:\/\/noticiasveraces.com\/index.php?rest_route=%2Fwp%2Fv2%2Fcategories&post=25524"},{"taxonomy":"post_tag","embeddable":true,"href":"https:\/\/noticiasveraces.com\/index.php?rest_route=%2Fwp%2Fv2%2Ftags&post=25524"}],"curies":[{"name":"wp","href":"https:\/\/api.w.org\/{rel}","templated":true}]}}