{"id":25522,"date":"2025-05-02T15:57:46","date_gmt":"2025-05-02T19:57:46","guid":{"rendered":"https:\/\/noticiasveraces.com\/?p=25522"},"modified":"2025-05-02T15:57:46","modified_gmt":"2025-05-02T19:57:46","slug":"que-significa-que-afd-sea-clasificado-de-extrema-derecha-dw-02-05-2025","status":"publish","type":"post","link":"https:\/\/noticiasveraces.com\/?p=25522","title":{"rendered":"\u00bfQu\u00e9 significa que AfD sea clasificado de extrema derecha? \u2013 DW \u2013 02\/05\/2025"},"content":{"rendered":"<p> \n<\/p>\n<div>\n<p>El partido Alternativa para Alemania (AfD) fue clasificado este viernes (2.05.2025) como un\u00bbcaso seguro de extremismo de derecha\u201d en toda Alemania\u00a0por el servicio de inteligencia\u00a0Oficina Federal de Protecci\u00f3n de la Constituci\u00f3n (BfV, por sus siglas en alem\u00e1n).<\/p>\n<p>Hasta el momento, esa clasificaci\u00f3n solo reg\u00eda para el partido\u00a0en tres estados federados: en Turingia, Sajonia y Sajonia-Anhalt. A nivel nacional, AfD era\u00a0clasificado desde marzo de 2021 como un caso sospechoso de extremismo de derecha. Para vigilar a dicho partido, los servicios secretos internos pod\u00edan utilizar recursos de inteligencia como informantes, vigilancia y evaluaci\u00f3n de fuentes p\u00fablicas y no p\u00fablicas.<\/p>\n<p>Seg\u00fan las autoridades de la BfV, con sede en Colonia, estas observaciones confirman la sospecha de que el partido lleva a cabo actividades anticonstitucionales.<\/p>\n<h2>\u00abDefinici\u00f3n \u00e9tnica del pueblo alem\u00e1n\u201d<\/h2>\n<p>El motivo de esta clasificaci\u00f3n es el \u00abcar\u00e1cter extremista de todo el partido, que desprecia la dignidad humana\u00bb. El organismo de inteligencia\u00a0ha examinado, entre otras cosas, las declaraciones de AfD durante la campa\u00f1a electoral federal y antes de\u00a0tres elecciones regionales celebradas en el Este de Alemania. Las conexiones entre los pol\u00edticos de AfD y actores y grupos extremistas de derecha tambi\u00e9n jugaron un papel central en la investigaci\u00f3n, que dur\u00f3 tres a\u00f1os.<\/p>\n<p>La BfV dictamina ahora: \u00abLa concepci\u00f3n predominante de pueblo por parte del partido, basada en la etnia y la ascendencia, es incompatible con el orden fundamental, libre y democr\u00e1tico. En concreto, por ejemplo, la AfD no considera a los ciudadanos alemanes con antecedentes migratorios procedentes de pa\u00edses predominantemente musulmanes como miembros iguales del pueblo alem\u00e1n, definido\u00a0\u00e9tnicamente por ese partido\u00bb. Sin embargo, no se ha publicado\u00a0el informe completo en el cual se basa la clasificaci\u00f3n.<\/p>\n<figure class=\"placeholder-image master_landscape big\"><img data-format=\"MASTER_LANDSCAPE\" data-id=\"70061485\" data-url=\"https:\/\/static.dw.com\/image\/70061485_${formatId}.jpg\" data-aspect-ratio=\"16\/9\" alt=\"Afiche de campa\u00f1a de AfD para las elecciones europeas de 2024: &quot;Terminar con el caos del asilo&quot;.\" style=\"padding-bottom: 56.25%; height: 0; max-height: 0;\"\/><figcaption class=\"img-caption\">Afiche de campa\u00f1a electoral de AfD para las elecciones europeas de 2024: \u00abTerminar con el caos del asilo\u00bb.<small class=\"copyright\">Im\u00e1genes: Franz Feiner\/Eibner-Press Foto\/Picture Alliance <\/small><\/figcaption><\/figure>\n<p>Con esta actualizaci\u00f3n se reducen a\u00fan m\u00e1s los obst\u00e1culos legales para la vigilancia de AfD por parte de la Oficina Federal para la Protecci\u00f3n de la Constituci\u00f3n.<\/p>\n<h2>AfD: La clasificaci\u00f3n tiene motivaciones pol\u00edticas<\/h2>\n<p>Por su parte, la\u00a0AfD considera que la decisi\u00f3n tiene motivaciones pol\u00edticas. El vicepresidente del partido, Stephan Brandner, declar\u00f3 al diario alem\u00e1n <em>Rheinische Post<\/em>: \u00abEsta decisi\u00f3n de la Oficina Federal para la Protecci\u00f3n de la Constituci\u00f3n, sujeta a instrucciones, es un completo disparate en cuanto a su contenido, no tiene nada que ver con el orden p\u00fablico y es puramente pol\u00edtica en la lucha de los partidos del c\u00e1rtel contra el AfD\u00bb.<\/p>\n<p>La ministra del Interior en funciones, Nancy Faeser (del partido socialdem\u00f3crata,\u00a0SPD), refut\u00f3 la acusaci\u00f3n de que la Oficina Federal para la Protecci\u00f3n de la Constituci\u00f3n, dependiente del Ministerio del Interior, hab\u00eda actuado siguiendo sus instrucciones. \u00abNo hubo ninguna influencia pol\u00edtica en el nuevo informe\u00bb, explic\u00f3 Faeser. En cualquier caso, el informe coincide con la propia valoraci\u00f3n de Faeser sobre la\u00a0AfD: \u00abSu actitud nacionalista se refleja en declaraciones racistas, especialmente contra los inmigrantes y los musulmanes\u00bb, explic\u00f3 la\u00a0ministra\u00a0del Interior, a quien s\u00f3lo le quedan unos d\u00edas en el cargo antes de que tome posesi\u00f3n el nuevo Gobierno alem\u00e1n de coalici\u00f3n.<\/p>\n<figure class=\"placeholder-image master_landscape big\"><img data-format=\"MASTER_LANDSCAPE\" data-id=\"72414676\" data-url=\"https:\/\/static.dw.com\/image\/72414676_${formatId}.jpg\" data-aspect-ratio=\"16\/9\" alt=\"La ministra del Interior, Nancy Faeser, en una rueda de prensa.\" style=\"padding-bottom: 56.25%; height: 0; max-height: 0;\"\/><figcaption class=\"img-caption\">La ministra del Interior, Nancy Faeser, se defiende de la acusaci\u00f3n de influencia pol\u00edtica en la Oficina para la Protecci\u00f3n de la Constituci\u00f3n.<small class=\"copyright\">Imagen: Andreas Arnold\/dpa\/picture alliance<\/small><\/figcaption><\/figure>\n<h2>Una indirecta contra Friedrich Merz<\/h2>\n<p>Como era de esperar, los pol\u00edticos de otros partidos acogieron con satisfacci\u00f3n el informe de la Oficina Federal para la Protecci\u00f3n de la Constituci\u00f3n. Marie-Agnes Strack-Zimmermann, del Partido Dem\u00f3crata Liberal (FDP), por ejemplo, declar\u00f3 a la agencia DPA: \u00abLa AfD no es simplemente un partido de protesta, sino un movimiento de extrema derecha que pretende destruir nuestro orden fundamental, libre y democr\u00e1tico\u201d. Los dem\u00e1s partidos no deben cooperar con la\u00a0AfD, subray\u00f3.<\/p>\n<p>Es posible que eso \u00faltimo lo haya dicho a modo de indirecta hacia el futuro canciller, Friedrich Merz,\u00a0de la Uni\u00f3n Dem\u00f3crata Cristiana (CDU), y el futuro l\u00edder del grupo parlamentario del bloque conservador CDU\/CSU, Jens Spahn. Merz acept\u00f3 recientemente de manera deliberada los votos de la AfD en una votaci\u00f3n en el Bundestag. Y Spahn se ha pronunciado a favor de que en el Bundestag se trate a la AfD como a cualquier otra fracci\u00f3n de la oposici\u00f3n. Esto significar\u00eda, por ejemplo, que el partido\u00a0tendr\u00eda\u00a0los puestos habituales en el Parlamento alem\u00e1n, como la presidencia de comisiones y representaci\u00f3n en la presidencia del Bundestag. Hasta ahora, los dem\u00e1s grupos parlamentarios han conseguido impedirlo.<\/p>\n<p><span data-slot-id=\"Article_InContent-1\" class=\"rich-text-ad\"\/><\/p>\n<h2>AfD es el partido m\u00e1s fuerte, seg\u00fan algunas encuestas<\/h2>\n<p>La AfD ya ha anunciado que emprender\u00e1 acciones legales contra esta clasificaci\u00f3n que le atribuye \u00abafanes\u00a0confirmados de extremismo de derecha\u00bb. \u00abEl partido seguir\u00e1 defendi\u00e9ndose legalmente contra estas difamaciones que ponen en peligro la democracia\u00bb, afirmaron los copresidentes Alice Weidel y Tino Chrupalla.\u00a0 A su juicio, la decisi\u00f3n de la Oficina Federal para la Protecci\u00f3n de la Constituci\u00f3n es \u00abun duro golpe para la democracia alemana\u00bb.<\/p>\n<p>Otra cuesti\u00f3n es qu\u00e9 implicaciones pol\u00edticas tendr\u00e1 la evaluaci\u00f3n de la Oficina Federal para la Protecci\u00f3n de la Constituci\u00f3n. En las elecciones federales del 23 de febrero, la\u00a0AfD consigui\u00f3 un claro avance y obtuvo\u00a0el 20,8 por ciento de los votos, convirti\u00e9ndose en el segundo grupo parlamentario m\u00e1s fuerte despu\u00e9s de la uni\u00f3n conservadora CDU\/CSU. Ser\u00e1, en consecuencia,\u00a0el mayor partido de oposici\u00f3n al pr\u00f3ximo gobierno de coalici\u00f3n entre la CDU\/CSU y el SPD. En sondeos\u00a0recientes, el apoyo a la\u00a0AfD ha aumentado a\u00fan m\u00e1s. En algunas encuestas, aparece\u00a0al mismo nivel, o incluso por delante\u00a0de la CDU.<\/p>\n<figure class=\"placeholder-image master_landscape big\"><img data-format=\"MASTER_LANDSCAPE\" data-id=\"72414294\" data-url=\"https:\/\/static.dw.com\/image\/72414294_${formatId}.jpg\" data-aspect-ratio=\"16\/9\" alt=\"Los l\u00edderes de AfD, Alice Weidel y Tino Chrupalla.\" style=\"padding-bottom: 56.25%; height: 0; max-height: 0;\"\/><figcaption class=\"img-caption\">Los l\u00edderes de AfD, Alice Weidel y Tino Chrupalla, creen que la clasificaci\u00f3n de ese partido como \u00abcaso seguro de extremismo de derecha\u00bb es fruto de un juego pol\u00edticamente orquestado.<small class=\"copyright\">Im\u00e1genes: Liesa Johannsen\/Reuters<\/small><\/figcaption><\/figure>\n<h2>El canciller Scholz advierte contra una solicitud de prohibici\u00f3n precipitada<\/h2>\n<p>Numerosos pol\u00edticos que querr\u00edan prohibir la\u00a0AfD ven confirmadas sus opiniones en el informe. Lo mismo opina Marco Wanderwitz, de la CDU. Fue el iniciador de una moci\u00f3n de un grupo multipartidario en el Bundestag, que fue apoyada por m\u00e1s de 120 parlamentarios, pero que no lleg\u00f3 a someterse a una votaci\u00f3n final en el anterior Parlamento alem\u00e1n. En ella, se ped\u00eda\u00a0al Bundestag que solicitara al Tribunal Constitucional\u00a0la prohibici\u00f3n del\u00a0partido.<\/p>\n<p>Sin embargo, durante mucho tiempo ha habido resistencia a una propuesta de prohibici\u00f3n. Varios pol\u00edticos, abogados constitucionalistas y polit\u00f3logos han argumentado que una prohibici\u00f3n\u00a0ser\u00eda jur\u00eddicamente dif\u00edcil de lograr y otorgar\u00eda a la\u00a0AfD un papel de m\u00e1rtir que la\u00a0beneficiar\u00eda. Adem\u00e1s, consideran que\u00a0los dem\u00e1s partidos deber\u00edan luchar pol\u00edticamente contra la AfD y no intentar eliminar al competidor pol\u00edtico\u00a0por medios judiciales.<\/p>\n<p>El canciller en funciones, Olaf Scholz, tambi\u00e9n volvi\u00f3 a advertir sobre una solicitud de prohibici\u00f3n: \u00abCreo que esto es algo que no se puede hacer de forma precipitada\u00bb, dijo Scholz en el Congreso de la Iglesia Protestante, en Hannover. El Tribunal Constitucional Federal ha rechazado todas las solicitudes recientes de prohibici\u00f3n, subray\u00f3. \u00abEstoy en contra de una decisi\u00f3n apresurada y por eso no dir\u00e9 que as\u00ed es como debemos hacerlo\u00bb, agreg\u00f3 Scholz.<\/p>\n<p>La ministra alemana del Interior, Nancy Faeser, destac\u00f3 que la clasificaci\u00f3n de\u00a0AfD como claramente extremista de derecha por parte de la Oficina Federal para la Protecci\u00f3n de la Constituci\u00f3n, y un posible procedimiento de prohibici\u00f3n, son dos cosas completamente independientes. En un procedimiento de prohibici\u00f3n de partidos, existen \u00abobst\u00e1culos constitucionales muy altos, por buenas razones\u00bb. \u00abEsto no debe descartarse, pero hay que seguir manej\u00e1ndolo con mucho cuidado\u00bb, destac\u00f3.<\/p>\n<p>(CP\/ER)<\/p>\n<\/div>\n\n","protected":false},"excerpt":{"rendered":"<p>El partido Alternativa para Alemania (AfD) fue clasificado este viernes (2.05.2025) como un\u00bbcaso seguro de extremismo de derecha\u201d en toda Alemania\u00a0por el servicio de inteligencia\u00a0Oficina Federal de Protecci\u00f3n de la Constituci\u00f3n (BfV, por sus siglas en alem\u00e1n). Hasta el momento, esa clasificaci\u00f3n solo reg\u00eda para el partido\u00a0en tres estados federados: en Turingia, Sajonia y Sajonia-Anhalt. &hellip;<\/p>\n","protected":false},"author":1,"featured_media":25523,"comment_status":"open","ping_status":"open","sticky":false,"template":"","format":"standard","meta":{"fifu_image_url":"https:\/\/static.dw.com\/image\/72414444_6.jpg","fifu_image_alt":"","footnotes":""},"categories":[13],"tags":[],"class_list":["post-25522","post","type-post","status-publish","format-standard","has-post-thumbnail","","category-mundo"],"_links":{"self":[{"href":"https:\/\/noticiasveraces.com\/index.php?rest_route=\/wp\/v2\/posts\/25522","targetHints":{"allow":["GET"]}}],"collection":[{"href":"https:\/\/noticiasveraces.com\/index.php?rest_route=\/wp\/v2\/posts"}],"about":[{"href":"https:\/\/noticiasveraces.com\/index.php?rest_route=\/wp\/v2\/types\/post"}],"author":[{"embeddable":true,"href":"https:\/\/noticiasveraces.com\/index.php?rest_route=\/wp\/v2\/users\/1"}],"replies":[{"embeddable":true,"href":"https:\/\/noticiasveraces.com\/index.php?rest_route=%2Fwp%2Fv2%2Fcomments&post=25522"}],"version-history":[{"count":0,"href":"https:\/\/noticiasveraces.com\/index.php?rest_route=\/wp\/v2\/posts\/25522\/revisions"}],"wp:featuredmedia":[{"embeddable":true,"href":"https:\/\/noticiasveraces.com\/index.php?rest_route=\/wp\/v2\/media\/25523"}],"wp:attachment":[{"href":"https:\/\/noticiasveraces.com\/index.php?rest_route=%2Fwp%2Fv2%2Fmedia&parent=25522"}],"wp:term":[{"taxonomy":"category","embeddable":true,"href":"https:\/\/noticiasveraces.com\/index.php?rest_route=%2Fwp%2Fv2%2Fcategories&post=25522"},{"taxonomy":"post_tag","embeddable":true,"href":"https:\/\/noticiasveraces.com\/index.php?rest_route=%2Fwp%2Fv2%2Ftags&post=25522"}],"curies":[{"name":"wp","href":"https:\/\/api.w.org\/{rel}","templated":true}]}}