{"id":25506,"date":"2025-05-02T14:55:50","date_gmt":"2025-05-02T18:55:50","guid":{"rendered":"https:\/\/noticiasveraces.com\/?p=25506"},"modified":"2025-05-02T14:55:50","modified_gmt":"2025-05-02T18:55:50","slug":"alemania-es-tirania-al-tachar-a-afd-de-extremista-dw-02-05-2025","status":"publish","type":"post","link":"https:\/\/noticiasveraces.com\/?p=25506","title":{"rendered":"Alemania es \u00abtiran\u00eda\u00bb al tachar a AfD de \u00abextremista\u00bb \u2013 DW \u2013 02\/05\/2025"},"content":{"rendered":"<p> \n<\/p>\n<div>\n<p>El jefe de la diplomacia estadounidense Marco Rubio calific\u00f3 este viernes (02.05.2025) de \u00abtiran\u00eda\u00bb que los servicios de inteligencia interior de Alemania hayan designado al partido alem\u00e1n Alternativa por Alemania (AfD) como \u00abextremista de derecha\u00bb.<\/p>\n<h2><strong>AfD \u00abatenta\u00bb contra la\u00a0\u00abdignidad humana\u00bb de la poblaci\u00f3n alemana<\/strong><\/h2>\n<p>\u00abAlemania acaba de dar a su agencia de espionaje nuevos poderes para vigilar a la oposici\u00f3n\u00bb, expres\u00f3 en la red social X. \u00abEso no es democracia: es tiran\u00eda disfrazada\u00bb, agreg\u00f3, a la vez que pidi\u00f3 a las autoridades que den \u00abmarcha atr\u00e1s\u00bb. Al clasificarlo como \u00abextremista\u00bb, las autoridades podr\u00edan someter al partido a una alta vigilancia.<\/p>\n<p>La ideolog\u00eda de AfD, que \u00abdesvaloriza grupos enteros de la poblaci\u00f3n en Alemania y atenta contra su dignidad humana\u00bb, no es \u00abcompatible con el orden democr\u00e1tico fundamental\u00bb, consider\u00f3 este viernes la Oficina de Protecci\u00f3n de la Constituci\u00f3n en un comunicado.<\/p>\n<blockquote class=\"tweet embed\" data-id=\"1918344238468649055\"\/>\n<h2><strong>Creciente popularidad de AfD<\/strong><\/h2>\n<p>En las elecciones legislativas del 23 de febrero, AfD registr\u00f3 un avance hist\u00f3rico y duplic\u00f3 su anterior resultado, al recabar m\u00e1s de 20% de los votos.<\/p>\n<p>Desde entonces, el partido fundado en 2013 incluso super\u00f3 en algunos sondeos a los democristianos de la CDU, la formaci\u00f3n conservadora de Friedrich Merz, que ser\u00e1 investido canciller el pr\u00f3ximo martes.<\/p>\n<p>\u00abLo verdaderamente extremista no es la popular AfD, que qued\u00f3 segunda en las recientes elecciones, sino las mort\u00edferas pol\u00edticas de inmigraci\u00f3n de fronteras abiertas del \u2018establishment&#8217; a las que se opone la AfD\u00bb, estim\u00f3 Rubio.<\/p>\n<p>RR (AFP\/DPA)<\/p>\n<\/div>\n\n","protected":false},"excerpt":{"rendered":"<p>El jefe de la diplomacia estadounidense Marco Rubio calific\u00f3 este viernes (02.05.2025) de \u00abtiran\u00eda\u00bb que los servicios de inteligencia interior de Alemania hayan designado al partido alem\u00e1n Alternativa por Alemania (AfD) como \u00abextremista de derecha\u00bb. AfD \u00abatenta\u00bb contra la\u00a0\u00abdignidad humana\u00bb de la poblaci\u00f3n alemana \u00abAlemania acaba de dar a su agencia de espionaje nuevos poderes &hellip;<\/p>\n","protected":false},"author":1,"featured_media":25507,"comment_status":"open","ping_status":"open","sticky":false,"template":"","format":"standard","meta":{"fifu_image_url":"https:\/\/static.dw.com\/image\/71522332_6.jpg","fifu_image_alt":"","footnotes":""},"categories":[13],"tags":[],"class_list":["post-25506","post","type-post","status-publish","format-standard","has-post-thumbnail","","category-mundo"],"_links":{"self":[{"href":"https:\/\/noticiasveraces.com\/index.php?rest_route=\/wp\/v2\/posts\/25506","targetHints":{"allow":["GET"]}}],"collection":[{"href":"https:\/\/noticiasveraces.com\/index.php?rest_route=\/wp\/v2\/posts"}],"about":[{"href":"https:\/\/noticiasveraces.com\/index.php?rest_route=\/wp\/v2\/types\/post"}],"author":[{"embeddable":true,"href":"https:\/\/noticiasveraces.com\/index.php?rest_route=\/wp\/v2\/users\/1"}],"replies":[{"embeddable":true,"href":"https:\/\/noticiasveraces.com\/index.php?rest_route=%2Fwp%2Fv2%2Fcomments&post=25506"}],"version-history":[{"count":0,"href":"https:\/\/noticiasveraces.com\/index.php?rest_route=\/wp\/v2\/posts\/25506\/revisions"}],"wp:featuredmedia":[{"embeddable":true,"href":"https:\/\/noticiasveraces.com\/index.php?rest_route=\/wp\/v2\/media\/25507"}],"wp:attachment":[{"href":"https:\/\/noticiasveraces.com\/index.php?rest_route=%2Fwp%2Fv2%2Fmedia&parent=25506"}],"wp:term":[{"taxonomy":"category","embeddable":true,"href":"https:\/\/noticiasveraces.com\/index.php?rest_route=%2Fwp%2Fv2%2Fcategories&post=25506"},{"taxonomy":"post_tag","embeddable":true,"href":"https:\/\/noticiasveraces.com\/index.php?rest_route=%2Fwp%2Fv2%2Ftags&post=25506"}],"curies":[{"name":"wp","href":"https:\/\/api.w.org\/{rel}","templated":true}]}}