{"id":25503,"date":"2025-05-02T14:27:07","date_gmt":"2025-05-02T18:27:07","guid":{"rendered":"https:\/\/noticiasveraces.com\/?p=25503"},"modified":"2025-05-02T14:27:07","modified_gmt":"2025-05-02T18:27:07","slug":"als-ice-bucket-challenge-regresa-para-apoyar-la-conciencia-de-salud-mental","status":"publish","type":"post","link":"https:\/\/noticiasveraces.com\/?p=25503","title":{"rendered":"ALS Ice Bucket Challenge regresa para apoyar la conciencia de salud mental"},"content":{"rendered":"<p> \n<\/p>\n<div>\n<p class=\"speakable\">El desaf\u00edo del cubo de hielo ha vuelto, pero esta vez para una nueva causa.<\/p>\n<p class=\"speakable\">El desaf\u00edo de bucket de hielo de ALS que se volvi\u00f3 mega-viral en el verano de 2014 tuvo m\u00e1s de 17 millones de personas en las redes sociales, e incluso celebridades en programas de entrevistas, arrojando agua helada sobre sus cabezas.<\/p>\n<p>El desaf\u00edo, apoyado por la Asociaci\u00f3n ALS, ten\u00eda la intenci\u00f3n de crear conciencia sobre la enfermedad. Finalmente recaud\u00f3 $ 115 millones para la investigaci\u00f3n de ALS y la atenci\u00f3n al paciente.<\/p>\n<p><strong>El hombre paralizado con ALS es el tercero para recibir implante Neuralink, puede escribir con cerebro<\/strong><\/p>\n<p>Once a\u00f1os despu\u00e9s, el Ice Bucket Challenge ha sido revivido por USC Mind, la enfermedad mental de la Universidad de Carolina necesita un club de discusi\u00f3n.<\/p>\n<div class=\"image-ct inline\">\n<div class=\"m\"><picture><source media=\"(max-width: 767px)\" srcset=\"https:\/\/a57.foxnews.com\/static.foxnews.com\/foxnews.com\/content\/uploads\/2025\/05\/343\/192\/gettyimages-453538644.jpg?ve=1&amp;tl=1, https:\/\/a57.foxnews.com\/static.foxnews.com\/foxnews.com\/content\/uploads\/2025\/05\/686\/384\/gettyimages-453538644.jpg?ve=1&amp;tl=1 2x\" height=\"192\" width=\"343\"><source media=\"(min-width: 768px) and (max-width: 1023px)\" srcset=\"https:\/\/a57.foxnews.com\/static.foxnews.com\/foxnews.com\/content\/uploads\/2025\/05\/672\/378\/gettyimages-453538644.jpg?ve=1&amp;tl=1, https:\/\/a57.foxnews.com\/static.foxnews.com\/foxnews.com\/content\/uploads\/2025\/05\/1344\/756\/gettyimages-453538644.jpg?ve=1&amp;tl=1 2x\" height=\"378\" width=\"672\"><source media=\"(min-width: 1024px) and (max-width: 1279px)\" srcset=\"https:\/\/a57.foxnews.com\/static.foxnews.com\/foxnews.com\/content\/uploads\/2025\/05\/931\/523\/gettyimages-453538644.jpg?ve=1&amp;tl=1, https:\/\/a57.foxnews.com\/static.foxnews.com\/foxnews.com\/content\/uploads\/2025\/05\/1862\/1046\/gettyimages-453538644.jpg?ve=1&amp;tl=1 2x\" height=\"523\" width=\"931\"><source media=\"(min-width: 1280px)\" srcset=\"https:\/\/a57.foxnews.com\/static.foxnews.com\/foxnews.com\/content\/uploads\/2025\/05\/720\/405\/gettyimages-453538644.jpg?ve=1&amp;tl=1, https:\/\/a57.foxnews.com\/static.foxnews.com\/foxnews.com\/content\/uploads\/2025\/05\/1440\/810\/gettyimages-453538644.jpg?ve=1&amp;tl=1 2x\" height=\"405\" width=\"720\"><img loading=\"lazy\" decoding=\"async\" src=\"https:\/\/a57.foxnews.com\/static.foxnews.com\/foxnews.com\/content\/uploads\/2025\/05\/1200\/675\/gettyimages-453538644.jpg?ve=1&amp;tl=1\" alt=\"The Tonight Show con Jimmy Fallon Ice Bucket Challenge\" width=\"1200\" height=\"675\"\/><\/source><\/source><\/source><\/source><\/picture><\/div>\n<div class=\"info\">\n<div class=\"caption\">\n<p><span>Los invitados en \u00abThe Tonight Show with Jimmy Fallon\u00bb participaron en el Ice Bucket Challenge el 12 de agosto de 2014.<\/span> <span>(Douglas Gorenstein\/NBCU Photo Bank\/NBCuniversal a trav\u00e9s de Getty Images a trav\u00e9s de Getty Images)<\/span><\/p>\n<\/div>\n<\/div>\n<\/div>\n<p>En apoyo de una fundaci\u00f3n llamada Active Minds, la mayor organizaci\u00f3n sin fines de lucro de salud mental del pa\u00eds para adolescentes y adultos j\u00f3venes, el grupo de la USC lanz\u00f3 el #Speakyourmind Ice Bucket Challenge.<\/p>\n<p>El desaf\u00edo es despegar en las redes sociales y ha recaudado casi $ 400,000 en el sitio de recaudaci\u00f3n de fondos del evento.<\/p>\n<p><strong>El medicamento experimental de ELA podr\u00eda ofrecer una nueva esperanza para los pacientes si se aprueba, dicen los investigadores<\/strong><\/p>\n<p>El renacimiento de la tendencia ha provocado cierta controversia por quitarle atenci\u00f3n a <u>ALS (esclerosis lateral amiotr\u00f3fica),<\/u> Tambi\u00e9n conocida como enfermedad de Lou Gehrig, una enfermedad neurodegenerativa progresiva que afecta a las c\u00e9lulas nerviosas en el cerebro y la m\u00e9dula espinal.<\/p>\n<p>La esperanza de vida promedio despu\u00e9s del diagn\u00f3stico de ELA es t\u00edpicamente de dos a cinco a\u00f1os, seg\u00fan la Asociaci\u00f3n ALS.<\/p>\n<p>Brooke Eby, un paciente e influencer de la ELA, public\u00f3 un video en las redes sociales con la leyenda, \u00abVer a las personas robar el desaf\u00edo de cubo de hielo ALS por una causa diferente cuando ALS todav\u00eda no tiene una cura y es 100% fatal. Hume\u00bb.<\/p>\n<div class=\"image-ct inline\">\n<div class=\"m\"><picture><source media=\"(max-width: 767px)\" srcset=\"https:\/\/a57.foxnews.com\/static.foxnews.com\/foxnews.com\/content\/uploads\/2025\/05\/343\/192\/screenshot-2025-05-01-at-12.56.10\u202fpm.png?ve=1&amp;tl=1, https:\/\/a57.foxnews.com\/static.foxnews.com\/foxnews.com\/content\/uploads\/2025\/05\/686\/384\/screenshot-2025-05-01-at-12.56.10\u202fpm.png?ve=1&amp;tl=1 2x\" height=\"192\" width=\"343\"><source media=\"(min-width: 768px) and (max-width: 1023px)\" srcset=\"https:\/\/a57.foxnews.com\/static.foxnews.com\/foxnews.com\/content\/uploads\/2025\/05\/672\/378\/screenshot-2025-05-01-at-12.56.10\u202fpm.png?ve=1&amp;tl=1, https:\/\/a57.foxnews.com\/static.foxnews.com\/foxnews.com\/content\/uploads\/2025\/05\/1344\/756\/screenshot-2025-05-01-at-12.56.10\u202fpm.png?ve=1&amp;tl=1 2x\" height=\"378\" width=\"672\"><source media=\"(min-width: 1024px) and (max-width: 1279px)\" srcset=\"https:\/\/a57.foxnews.com\/static.foxnews.com\/foxnews.com\/content\/uploads\/2025\/05\/931\/523\/screenshot-2025-05-01-at-12.56.10\u202fpm.png?ve=1&amp;tl=1, https:\/\/a57.foxnews.com\/static.foxnews.com\/foxnews.com\/content\/uploads\/2025\/05\/1862\/1046\/screenshot-2025-05-01-at-12.56.10\u202fpm.png?ve=1&amp;tl=1 2x\" height=\"523\" width=\"931\"><source media=\"(min-width: 1280px)\" srcset=\"https:\/\/a57.foxnews.com\/static.foxnews.com\/foxnews.com\/content\/uploads\/2025\/05\/720\/405\/screenshot-2025-05-01-at-12.56.10\u202fpm.png?ve=1&amp;tl=1, https:\/\/a57.foxnews.com\/static.foxnews.com\/foxnews.com\/content\/uploads\/2025\/05\/1440\/810\/screenshot-2025-05-01-at-12.56.10\u202fpm.png?ve=1&amp;tl=1 2x\" height=\"405\" width=\"720\"><img loading=\"lazy\" decoding=\"async\" src=\"https:\/\/a57.foxnews.com\/static.foxnews.com\/foxnews.com\/content\/uploads\/2025\/05\/1200\/675\/screenshot-2025-05-01-at-12.56.10\u202fpm.png?ve=1&amp;tl=1\" alt=\"Chica hace el nuevo desaf\u00edo de cubo de hielo\" width=\"1200\" height=\"675\"\/><\/source><\/source><\/source><\/source><\/picture><\/div>\n<div class=\"info\">\n<div class=\"caption\">\n<p><span>La Asociaci\u00f3n ALS y Active Minds anunciaron que se est\u00e1n asociando en el nuevo desaf\u00edo de cubo de hielo para el mes de mayo, que es tanto el mes de concientizaci\u00f3n sobre la salud mental como el mes de concientizaci\u00f3n de ALS.<\/span> <span>(Abigail Breuchert)<\/span><\/p>\n<\/div>\n<\/div>\n<\/div>\n<p>Michael Stone, otro creador de contenido y paciente con ELA, habl\u00f3 sobre el impacto que el desaf\u00edo tuvo en la comunidad de ELA.<\/p>\n<p>\u00abEs m\u00e1s que una tendencia\u00bb, imprimi\u00f3 en una infograf\u00eda. \u00abEl desaf\u00edo del cubo de hielo ALS cambi\u00f3 vidas\u00bb.<\/p>\n<p><strong>La epidemia de ansiedad adolescente en los Estados Unidos y Australia, y qu\u00e9 hacer al respecto<\/strong><\/p>\n<p>\u00abConocer conciencia sobre la ELA es crucial porque conduce a la financiaci\u00f3n, y la financiaci\u00f3n conduce a la investigaci\u00f3n\u00bb, escribi\u00f3 Stone. \u00abLo que comenz\u00f3 como un desaf\u00edo viral se convirti\u00f3 en algo mucho mayor: un esfuerzo mundial que est\u00e1 financiando la investigaci\u00f3n que cambia la vida y dando esperanza a los afectados por esta devastadora enfermedad\u00bb.<\/p>\n<p>Brian Frederick, director de marketing y comunicaciones de la Asociaci\u00f3n ALS, comparti\u00f3 el apoyo de la organizaci\u00f3n al movimiento revivido.<\/p>\n<p><strong><u>Haga clic aqu\u00ed para registrarse en nuestro bolet\u00edn de salud<\/u><\/strong><\/p>\n<p>\u00abEstamos encantados de ver a los j\u00f3venes asumir el esp\u00edritu de activismo para la salud mental, pero tambi\u00e9n queremos que las personas sepan que ALS todav\u00eda es fatal y necesita urgentemente una cura\u00bb, dijo Frederick en un comunicado a Fox News Digital.<\/p>\n<p>\u00abLa salud mental es un tema importante en la comunidad de ELA, dado el devastador peaje f\u00edsico, emocional y financiero que ALS asume de familias enteras\u00bb.<\/p>\n<p>Frederick coment\u00f3 que el desaf\u00edo original de ALS Ice Bucket \u00abaceler\u00f3 dr\u00e1sticamente\u00bb la lucha contra ALS, lo que condujo a \u00abnuevos genes descubiertos, nuevos tratamientos en la tuber\u00eda\u00bb y un aumento significativo en los servicios de atenci\u00f3n.<\/p>\n<p>Desde el desaf\u00edo, la Asociaci\u00f3n ALS ha invertido m\u00e1s de $ 150 millones en investigaci\u00f3n de ALS, seguido de casi $ 1 mil millones en fondos de investigaci\u00f3n adicionales de ALS, seg\u00fan Frederick.<\/p>\n<p><i><strong><u>Para m\u00e1s art\u00edculos de salud, visite www.foxnews.com\/Health<\/u><\/strong><\/i><\/p>\n<p>\u00abTodav\u00eda tenemos un largo camino por recorrer para pasar de ALS de fatal a habitable y curarlo, pero estamos agradecidos con todos por tomar el desaf\u00edo de cubos de hielo y crear conciencia sobre la ELA y la salud mental\u00bb, agreg\u00f3.<\/p>\n<div class=\"image-ct inline\">\n<div class=\"m\"><picture><source media=\"(max-width: 767px)\" srcset=\"https:\/\/a57.foxnews.com\/static.foxnews.com\/foxnews.com\/content\/uploads\/2025\/05\/343\/192\/gettyimages-1260538949.jpg?ve=1&amp;tl=1, https:\/\/a57.foxnews.com\/static.foxnews.com\/foxnews.com\/content\/uploads\/2025\/05\/686\/384\/gettyimages-1260538949.jpg?ve=1&amp;tl=1 2x\" height=\"192\" width=\"343\"><source media=\"(min-width: 768px) and (max-width: 1023px)\" srcset=\"https:\/\/a57.foxnews.com\/static.foxnews.com\/foxnews.com\/content\/uploads\/2025\/05\/672\/378\/gettyimages-1260538949.jpg?ve=1&amp;tl=1, https:\/\/a57.foxnews.com\/static.foxnews.com\/foxnews.com\/content\/uploads\/2025\/05\/1344\/756\/gettyimages-1260538949.jpg?ve=1&amp;tl=1 2x\" height=\"378\" width=\"672\"><source media=\"(min-width: 1024px) and (max-width: 1279px)\" srcset=\"https:\/\/a57.foxnews.com\/static.foxnews.com\/foxnews.com\/content\/uploads\/2025\/05\/931\/523\/gettyimages-1260538949.jpg?ve=1&amp;tl=1, https:\/\/a57.foxnews.com\/static.foxnews.com\/foxnews.com\/content\/uploads\/2025\/05\/1862\/1046\/gettyimages-1260538949.jpg?ve=1&amp;tl=1 2x\" height=\"523\" width=\"931\"><source media=\"(min-width: 1280px)\" srcset=\"https:\/\/a57.foxnews.com\/static.foxnews.com\/foxnews.com\/content\/uploads\/2025\/05\/720\/405\/gettyimages-1260538949.jpg?ve=1&amp;tl=1, https:\/\/a57.foxnews.com\/static.foxnews.com\/foxnews.com\/content\/uploads\/2025\/05\/1440\/810\/gettyimages-1260538949.jpg?ve=1&amp;tl=1 2x\" height=\"405\" width=\"720\"><img loading=\"lazy\" decoding=\"async\" src=\"https:\/\/a57.foxnews.com\/static.foxnews.com\/foxnews.com\/content\/uploads\/2025\/05\/1200\/675\/gettyimages-1260538949.jpg?ve=1&amp;tl=1\" alt=\"Ni\u00f1os haciendo un desaf\u00edo de cubo de hielo\" width=\"1200\" height=\"675\"\/><\/source><\/source><\/source><\/source><\/picture><\/div>\n<div class=\"info\">\n<div class=\"caption\">\n<p><span>Un grupo de ni\u00f1os arroja cubos de agua helada sus cabezas en el quinto aniversario del ALS Ice Bucket Challenge el 15 de julio de 2019, en Boston, Massachusetts.    <\/span> <span>(Nancy Lane\/Medianews Group\/Boston Herald a trav\u00e9s de Getty Images)<\/span><\/p>\n<\/div>\n<\/div>\n<\/div>\n<p>Cathy Cummings, CEO de la Alianza Internacional de Asociaciones de ALS\/MND, se\u00f1al\u00f3 que muchas personas con ELA y sus cuidadores pueden enfrentar \u00abdesaf\u00edos graves de salud mental\u00bb, como la depresi\u00f3n y la ansiedad.<\/p>\n<p>\u00abUsar el desaf\u00edo de cubierta de hielo para crear conciencia sobre la salud mental tambi\u00e9n apoya a nuestra comunidad\u00bb, dijo a Fox News Digital. \u00abNos gustar\u00eda mantener espacio para las experiencias de varias personas, sin necesidad de elegir, lo cual es m\u00e1s merecedor\u00bb. <\/p>\n<p><strong><u>Haga clic aqu\u00ed para obtener la aplicaci\u00f3n Fox News<\/u><\/strong>   <\/p>\n<p>En un comunicado de prensa el jueves, tanto la Asociaci\u00f3n ALS como la Mentalidad Activa anunciaron que se est\u00e1n asociando en este nuevo desaf\u00edo de cubo de hielo para el mes de mayo, que es tanto el mes de concientizaci\u00f3n sobre la salud mental como el mes de concientizaci\u00f3n de ALS.<\/p>\n<p> <!----> <\/p>\n<div class=\"article-meta\">\n<div class=\"author-bio\">\n<p>Angelica Stabile es una reportera de estilo de vida para Fox News Digital.<\/p>\n<\/div>\n<\/div>\n<\/div>\n\n","protected":false},"excerpt":{"rendered":"<p>El desaf\u00edo del cubo de hielo ha vuelto, pero esta vez para una nueva causa. El desaf\u00edo de bucket de hielo de ALS que se volvi\u00f3 mega-viral en el verano de 2014 tuvo m\u00e1s de 17 millones de personas en las redes sociales, e incluso celebridades en programas de entrevistas, arrojando agua helada sobre sus &hellip;<\/p>\n","protected":false},"author":1,"featured_media":25505,"comment_status":"open","ping_status":"open","sticky":false,"template":"","format":"standard","meta":{"fifu_image_url":"https:\/\/a57.foxnews.com\/static.foxnews.com\/foxnews.com\/content\/uploads\/2025\/05\/1200\/675\/gettyimages-453538644.jpg?ve=1&tl=1","fifu_image_alt":"","footnotes":""},"categories":[8],"tags":[],"class_list":["post-25503","post","type-post","status-publish","format-standard","has-post-thumbnail","","category-salud"],"_links":{"self":[{"href":"https:\/\/noticiasveraces.com\/index.php?rest_route=\/wp\/v2\/posts\/25503","targetHints":{"allow":["GET"]}}],"collection":[{"href":"https:\/\/noticiasveraces.com\/index.php?rest_route=\/wp\/v2\/posts"}],"about":[{"href":"https:\/\/noticiasveraces.com\/index.php?rest_route=\/wp\/v2\/types\/post"}],"author":[{"embeddable":true,"href":"https:\/\/noticiasveraces.com\/index.php?rest_route=\/wp\/v2\/users\/1"}],"replies":[{"embeddable":true,"href":"https:\/\/noticiasveraces.com\/index.php?rest_route=%2Fwp%2Fv2%2Fcomments&post=25503"}],"version-history":[{"count":0,"href":"https:\/\/noticiasveraces.com\/index.php?rest_route=\/wp\/v2\/posts\/25503\/revisions"}],"wp:featuredmedia":[{"embeddable":true,"href":"https:\/\/noticiasveraces.com\/index.php?rest_route=\/wp\/v2\/media\/25505"}],"wp:attachment":[{"href":"https:\/\/noticiasveraces.com\/index.php?rest_route=%2Fwp%2Fv2%2Fmedia&parent=25503"}],"wp:term":[{"taxonomy":"category","embeddable":true,"href":"https:\/\/noticiasveraces.com\/index.php?rest_route=%2Fwp%2Fv2%2Fcategories&post=25503"},{"taxonomy":"post_tag","embeddable":true,"href":"https:\/\/noticiasveraces.com\/index.php?rest_route=%2Fwp%2Fv2%2Ftags&post=25503"}],"curies":[{"name":"wp","href":"https:\/\/api.w.org\/{rel}","templated":true}]}}