{"id":25494,"date":"2025-05-02T12:52:23","date_gmt":"2025-05-02T16:52:23","guid":{"rendered":"https:\/\/noticiasveraces.com\/?p=25494"},"modified":"2025-05-02T12:52:23","modified_gmt":"2025-05-02T16:52:23","slug":"chimenea-instalada-en-el-techo-de-la-capilla-de-sistine-por-delante-del-conclave-vaticano","status":"publish","type":"post","link":"https:\/\/noticiasveraces.com\/?p=25494","title":{"rendered":"Chimenea instalada en el techo de la capilla de SiStine por delante del C\u00f3nclave Vaticano"},"content":{"rendered":"<p> \n<\/p>\n<div>\n<p class=\"speakable\">La chimenea que le informar\u00e1 al mundo cuando los Cardenales han elegido un sucesor del Papa Francisco se instalaron el viernes en el techo de la Capilla Sixtina.  <\/p>\n<p class=\"speakable\">Se vio a los bomberos colocando el accesorio antes del c\u00f3nclave que comenzar\u00e1 el pr\u00f3ximo mi\u00e9rcoles. <\/p>\n<p>Durante un c\u00f3nclave, los cardenales votan a trav\u00e9s de una votaci\u00f3n secreta. Se requiere una mayor\u00eda de dos tercios para la elecci\u00f3n. Despu\u00e9s de cada ronda de presentaciones, se leen en voz alta y luego se queman. Las cenizas se utilizan para notificar al p\u00fablico en todo el mundo y a los espectadores en la Plaza de San Pedro del estado de las elecciones. <\/p>\n<p>El humo negro de la Capilla Sixtina en el Vaticano indica que se desarrolla una nueva ronda de votaci\u00f3n. White Smoke se\u00f1ala que se selecciona un nuevo l\u00edder de la Iglesia Cat\u00f3lica Romana. <\/p>\n<p><strong>JD Vance explica por qu\u00e9 conocer al Papa Francisco horas antes de que su muerte fuera &#8216;una se\u00f1al de Dios&#8217;<\/strong><strong> <\/strong><\/p>\n<div class=\"image-ct inline\">\n<div class=\"m\"><picture><source media=\"(max-width: 767px)\" srcset=\"https:\/\/a57.foxnews.com\/static.foxnews.com\/foxnews.com\/content\/uploads\/2025\/05\/343\/192\/sistene-chapel-chimney.jpg?ve=1&amp;tl=1, https:\/\/a57.foxnews.com\/static.foxnews.com\/foxnews.com\/content\/uploads\/2025\/05\/686\/384\/sistene-chapel-chimney.jpg?ve=1&amp;tl=1 2x\" height=\"192\" width=\"343\"><source media=\"(min-width: 768px) and (max-width: 1023px)\" srcset=\"https:\/\/a57.foxnews.com\/static.foxnews.com\/foxnews.com\/content\/uploads\/2025\/05\/672\/378\/sistene-chapel-chimney.jpg?ve=1&amp;tl=1, https:\/\/a57.foxnews.com\/static.foxnews.com\/foxnews.com\/content\/uploads\/2025\/05\/1344\/756\/sistene-chapel-chimney.jpg?ve=1&amp;tl=1 2x\" height=\"378\" width=\"672\"><source media=\"(min-width: 1024px) and (max-width: 1279px)\" srcset=\"https:\/\/a57.foxnews.com\/static.foxnews.com\/foxnews.com\/content\/uploads\/2025\/05\/931\/523\/sistene-chapel-chimney.jpg?ve=1&amp;tl=1, https:\/\/a57.foxnews.com\/static.foxnews.com\/foxnews.com\/content\/uploads\/2025\/05\/1862\/1046\/sistene-chapel-chimney.jpg?ve=1&amp;tl=1 2x\" height=\"523\" width=\"931\"><source media=\"(min-width: 1280px)\" srcset=\"https:\/\/a57.foxnews.com\/static.foxnews.com\/foxnews.com\/content\/uploads\/2025\/05\/720\/405\/sistene-chapel-chimney.jpg?ve=1&amp;tl=1, https:\/\/a57.foxnews.com\/static.foxnews.com\/foxnews.com\/content\/uploads\/2025\/05\/1440\/810\/sistene-chapel-chimney.jpg?ve=1&amp;tl=1 2x\" height=\"405\" width=\"720\"><img loading=\"lazy\" decoding=\"async\" src=\"https:\/\/a57.foxnews.com\/static.foxnews.com\/foxnews.com\/content\/uploads\/2025\/05\/1200\/675\/sistene-chapel-chimney.jpg?ve=1&amp;tl=1\" alt=\"Chimenea de la capilla de Sistene\" width=\"1200\" height=\"675\"\/><\/source><\/source><\/source><\/source><\/picture><\/div>\n<div class=\"info\">\n<div class=\"caption\">\n<p><span>Los bomberos colocan la chimenea en el techo de la Capilla Sixtina, donde los Cardenales se reunir\u00e1n para elegir al nuevo Papa en el Vaticano, el viernes 2 de mayo.<\/span> <span>(AP\/Gregorio Borgia)<\/span><\/p>\n<\/div>\n<\/div>\n<\/div>\n<p>La Capilla Sixtina ha estado cerrada al p\u00fablico durante m\u00e1s de una semana, ya que el Vaticano se est\u00e1 preparando para el C\u00f3nclave. <\/p>\n<p>El Papa Francisco muri\u00f3 el 21 de abril a la edad de 88 a\u00f1os. <\/p>\n<p><strong>El cardenal condenado anuncia que no formar\u00e1 parte del c\u00f3nclave para elegir el sucesor del Papa Francisco<\/strong><strong> <\/strong><\/p>\n<div class=\"image-ct inline\">\n<div class=\"m\"><picture><source media=\"(max-width: 767px)\" srcset=\"https:\/\/a57.foxnews.com\/static.foxnews.com\/foxnews.com\/content\/uploads\/2025\/04\/343\/192\/71c9abec-pope-francis-easter-sunday.jpg?ve=1&amp;tl=1, https:\/\/a57.foxnews.com\/static.foxnews.com\/foxnews.com\/content\/uploads\/2025\/04\/686\/384\/71c9abec-pope-francis-easter-sunday.jpg?ve=1&amp;tl=1 2x\" height=\"192\" width=\"343\"><source media=\"(min-width: 768px) and (max-width: 1023px)\" srcset=\"https:\/\/a57.foxnews.com\/static.foxnews.com\/foxnews.com\/content\/uploads\/2025\/04\/672\/378\/71c9abec-pope-francis-easter-sunday.jpg?ve=1&amp;tl=1, https:\/\/a57.foxnews.com\/static.foxnews.com\/foxnews.com\/content\/uploads\/2025\/04\/1344\/756\/71c9abec-pope-francis-easter-sunday.jpg?ve=1&amp;tl=1 2x\" height=\"378\" width=\"672\"><source media=\"(min-width: 1024px) and (max-width: 1279px)\" srcset=\"https:\/\/a57.foxnews.com\/static.foxnews.com\/foxnews.com\/content\/uploads\/2025\/04\/931\/523\/71c9abec-pope-francis-easter-sunday.jpg?ve=1&amp;tl=1, https:\/\/a57.foxnews.com\/static.foxnews.com\/foxnews.com\/content\/uploads\/2025\/04\/1862\/1046\/71c9abec-pope-francis-easter-sunday.jpg?ve=1&amp;tl=1 2x\" height=\"523\" width=\"931\"><source media=\"(min-width: 1280px)\" srcset=\"https:\/\/a57.foxnews.com\/static.foxnews.com\/foxnews.com\/content\/uploads\/2025\/04\/720\/405\/71c9abec-pope-francis-easter-sunday.jpg?ve=1&amp;tl=1, https:\/\/a57.foxnews.com\/static.foxnews.com\/foxnews.com\/content\/uploads\/2025\/04\/1440\/810\/71c9abec-pope-francis-easter-sunday.jpg?ve=1&amp;tl=1 2x\" height=\"405\" width=\"720\"><img loading=\"lazy\" decoding=\"async\" src=\"https:\/\/a57.foxnews.com\/static.foxnews.com\/foxnews.com\/content\/uploads\/2025\/04\/1200\/675\/71c9abec-pope-francis-easter-sunday.jpg?ve=1&amp;tl=1\" alt=\"Papa Francisco el domingo de Pascua\" width=\"1200\" height=\"675\"\/><\/source><\/source><\/source><\/source><\/picture><\/div>\n<div class=\"info\">\n<div class=\"caption\">\n<p><span>El Papa Francisco aparece en el albergue central de la Bas\u00edlica de San Pedro para otorgar la bendici\u00f3n Urbi et Orbi (lat\u00edn para la ciudad y el mundo) al final de la misa de Pascua presidida por el cardenal Angelo Comastri en la Plaza de San Pedro en el Vaticano el domingo 20 de abril.<\/span> <span>(AP\/Gregorio Borgia))<\/span><\/p>\n<\/div>\n<\/div>\n<\/div>\n<p>\u00abLos m\u00e1s queridos hermanos y hermanas, con una profunda tristeza, debo anunciar la muerte de nuestro Santo Padre Francisco. A las 7:35 de esta ma\u00f1ana, el obispo de Roma, Francisco, regres\u00f3 a la casa del Padre. Toda su vida se dedic\u00f3 al servicio del Se\u00f1or y su iglesia,\u00bb Camera Vaticana Camera Cardinal Kevin Farrell anunci\u00f3 esa ma\u00f1ana. <\/p>\n<div class=\"image-ct inline\">\n<div class=\"m\"><picture><source media=\"(max-width: 767px)\" srcset=\"https:\/\/a57.foxnews.com\/static.foxnews.com\/foxnews.com\/content\/uploads\/2025\/05\/343\/192\/sistene-chapel-2.jpg?ve=1&amp;tl=1, https:\/\/a57.foxnews.com\/static.foxnews.com\/foxnews.com\/content\/uploads\/2025\/05\/686\/384\/sistene-chapel-2.jpg?ve=1&amp;tl=1 2x\" height=\"192\" width=\"343\"><source media=\"(min-width: 768px) and (max-width: 1023px)\" srcset=\"https:\/\/a57.foxnews.com\/static.foxnews.com\/foxnews.com\/content\/uploads\/2025\/05\/672\/378\/sistene-chapel-2.jpg?ve=1&amp;tl=1, https:\/\/a57.foxnews.com\/static.foxnews.com\/foxnews.com\/content\/uploads\/2025\/05\/1344\/756\/sistene-chapel-2.jpg?ve=1&amp;tl=1 2x\" height=\"378\" width=\"672\"><source media=\"(min-width: 1024px) and (max-width: 1279px)\" srcset=\"https:\/\/a57.foxnews.com\/static.foxnews.com\/foxnews.com\/content\/uploads\/2025\/05\/931\/523\/sistene-chapel-2.jpg?ve=1&amp;tl=1, https:\/\/a57.foxnews.com\/static.foxnews.com\/foxnews.com\/content\/uploads\/2025\/05\/1862\/1046\/sistene-chapel-2.jpg?ve=1&amp;tl=1 2x\" height=\"523\" width=\"931\"><source media=\"(min-width: 1280px)\" srcset=\"https:\/\/a57.foxnews.com\/static.foxnews.com\/foxnews.com\/content\/uploads\/2025\/05\/720\/405\/sistene-chapel-2.jpg?ve=1&amp;tl=1, https:\/\/a57.foxnews.com\/static.foxnews.com\/foxnews.com\/content\/uploads\/2025\/05\/1440\/810\/sistene-chapel-2.jpg?ve=1&amp;tl=1 2x\" height=\"405\" width=\"720\"><img loading=\"lazy\" decoding=\"async\" src=\"https:\/\/a57.foxnews.com\/static.foxnews.com\/foxnews.com\/content\/uploads\/2025\/05\/1200\/675\/sistene-chapel-2.jpg?ve=1&amp;tl=1\" alt=\"Techo de la capilla Sixtina\" width=\"1200\" height=\"675\"\/><\/source><\/source><\/source><\/source><\/picture><\/div>\n<div class=\"info\">\n<div class=\"caption\">\n<p><span>Los visitantes admiran la Capilla Sixtina en mayo de 2021. El C\u00f3nclave comenzar\u00e1 dentro de la Capilla Sixtina el mi\u00e9rcoles 7 de mayo.<\/span> <span>(AP\/Alessandra Tarantino)<\/span><\/p>\n<\/div>\n<\/div>\n<\/div>\n<p><strong>Haga clic aqu\u00ed para obtener la aplicaci\u00f3n Fox News<\/strong><strong> <\/strong><\/p>\n<p>\u00abNos ense\u00f1\u00f3 a vivir los valores del Evangelio con fidelidad, coraje y amor universal, especialmente a favor de los m\u00e1s pobres y marginados. Con inmensa gratitud por su ejemplo como un verdadero disc\u00edpulo del Se\u00f1or Jes\u00fas, elogiamos el alma del Papa Francisco al infinito amor misericordioso de un Dios y Triune\u00bb. <\/p>\n<p><i>Gabriele Regalbuto de Fox News y Caitlin McFall contribuyeron a este informe. <\/i><\/p>\n<p> <!----> <\/p>\n<div class=\"article-meta\">\n<div class=\"author-bio\">\n<p>Greg Norman es reportero de Fox News Digital.<\/p>\n<\/div>\n<\/div>\n<\/div>\n\n","protected":false},"excerpt":{"rendered":"<p>La chimenea que le informar\u00e1 al mundo cuando los Cardenales han elegido un sucesor del Papa Francisco se instalaron el viernes en el techo de la Capilla Sixtina. Se vio a los bomberos colocando el accesorio antes del c\u00f3nclave que comenzar\u00e1 el pr\u00f3ximo mi\u00e9rcoles. Durante un c\u00f3nclave, los cardenales votan a trav\u00e9s de una votaci\u00f3n &hellip;<\/p>\n","protected":false},"author":1,"featured_media":25496,"comment_status":"open","ping_status":"open","sticky":false,"template":"","format":"standard","meta":{"fifu_image_url":"https:\/\/static.foxnews.com\/foxnews.com\/content\/uploads\/2025\/05\/sistene-chapel-chimney.jpg","fifu_image_alt":"","footnotes":""},"categories":[13],"tags":[],"class_list":["post-25494","post","type-post","status-publish","format-standard","has-post-thumbnail","","category-mundo"],"_links":{"self":[{"href":"https:\/\/noticiasveraces.com\/index.php?rest_route=\/wp\/v2\/posts\/25494","targetHints":{"allow":["GET"]}}],"collection":[{"href":"https:\/\/noticiasveraces.com\/index.php?rest_route=\/wp\/v2\/posts"}],"about":[{"href":"https:\/\/noticiasveraces.com\/index.php?rest_route=\/wp\/v2\/types\/post"}],"author":[{"embeddable":true,"href":"https:\/\/noticiasveraces.com\/index.php?rest_route=\/wp\/v2\/users\/1"}],"replies":[{"embeddable":true,"href":"https:\/\/noticiasveraces.com\/index.php?rest_route=%2Fwp%2Fv2%2Fcomments&post=25494"}],"version-history":[{"count":0,"href":"https:\/\/noticiasveraces.com\/index.php?rest_route=\/wp\/v2\/posts\/25494\/revisions"}],"wp:featuredmedia":[{"embeddable":true,"href":"https:\/\/noticiasveraces.com\/index.php?rest_route=\/wp\/v2\/media\/25496"}],"wp:attachment":[{"href":"https:\/\/noticiasveraces.com\/index.php?rest_route=%2Fwp%2Fv2%2Fmedia&parent=25494"}],"wp:term":[{"taxonomy":"category","embeddable":true,"href":"https:\/\/noticiasveraces.com\/index.php?rest_route=%2Fwp%2Fv2%2Fcategories&post=25494"},{"taxonomy":"post_tag","embeddable":true,"href":"https:\/\/noticiasveraces.com\/index.php?rest_route=%2Fwp%2Fv2%2Ftags&post=25494"}],"curies":[{"name":"wp","href":"https:\/\/api.w.org\/{rel}","templated":true}]}}