{"id":25488,"date":"2025-05-02T10:50:11","date_gmt":"2025-05-02T14:50:11","guid":{"rendered":"https:\/\/noticiasveraces.com\/?p=25488"},"modified":"2025-05-02T10:50:11","modified_gmt":"2025-05-02T14:50:11","slug":"el-ex-funcionario-de-trump-llama-a-los-esfuerzos-de-reforma-de-la-onu-como-anos-demasiado-tarde","status":"publish","type":"post","link":"https:\/\/noticiasveraces.com\/?p=25488","title":{"rendered":"El ex funcionario de Trump llama a los esfuerzos de reforma de la ONU como a\u00f1os demasiado tarde"},"content":{"rendered":"<p> \n<\/p>\n<div>\n<p class=\"speakable\">Primero en Fox: la Fuerza de Tarea de la UN80 de las Naciones Unidas est\u00e1 examinando m\u00faltiples m\u00e9todos sugeridos para reorganizar la instituci\u00f3n, seg\u00fan un documento confidencial filtrado compartido con Fox News Digital. El art\u00edculo de seis p\u00e1ginas cita m\u00faltiples ineficiencias y \u00e1reas de mejora necesarias para combatir \u00abcambios geopol\u00edticos y reducciones sustanciales en los presupuestos de ayuda extranjera\u00bb que est\u00e1n \u00abdesafiando la legitimidad y la efectividad de la organizaci\u00f3n\u00bb.<\/p>\n<p class=\"speakable\">El esfuerzo es \u00abocho a\u00f1os y medio tarde\u00bb, dijo Hugh Dugan, ex asistente especial del Consejo de Seguridad Nacional del Presidente y Director Senior de Asuntos de Organizaci\u00f3n Internacional. [Secretary-General Ant\u00f3nio] Guterres realmente comprende que el sistema necesita una revisi\u00f3n importante, debe renunciar y facilitar una elecci\u00f3n del secretario general temprano de la ONU. \u00abDugan dijo que\u00bb la persona con el mandato fresco \u00abdeber\u00eda revisar a la ONU.<\/p>\n<p><strong>Watchdog Org pide sanciones contra la designaci\u00f3n de la ONU acusada de antisemitismo<\/strong><\/p>\n<div class=\"image-ct inline\">\n<div class=\"m\"><picture><source media=\"(max-width: 767px)\" srcset=\"https:\/\/a57.foxnews.com\/static.foxnews.com\/foxnews.com\/content\/uploads\/2025\/03\/343\/192\/un-us-flags--scaled.jpg?ve=1&amp;tl=1, https:\/\/a57.foxnews.com\/static.foxnews.com\/foxnews.com\/content\/uploads\/2025\/03\/686\/384\/un-us-flags--scaled.jpg?ve=1&amp;tl=1 2x\" height=\"192\" width=\"343\"><source media=\"(min-width: 768px) and (max-width: 1023px)\" srcset=\"https:\/\/a57.foxnews.com\/static.foxnews.com\/foxnews.com\/content\/uploads\/2025\/03\/672\/378\/un-us-flags--scaled.jpg?ve=1&amp;tl=1, https:\/\/a57.foxnews.com\/static.foxnews.com\/foxnews.com\/content\/uploads\/2025\/03\/1344\/756\/un-us-flags--scaled.jpg?ve=1&amp;tl=1 2x\" height=\"378\" width=\"672\"><source media=\"(min-width: 1024px) and (max-width: 1279px)\" srcset=\"https:\/\/a57.foxnews.com\/static.foxnews.com\/foxnews.com\/content\/uploads\/2025\/03\/931\/523\/un-us-flags--scaled.jpg?ve=1&amp;tl=1, https:\/\/a57.foxnews.com\/static.foxnews.com\/foxnews.com\/content\/uploads\/2025\/03\/1862\/1046\/un-us-flags--scaled.jpg?ve=1&amp;tl=1 2x\" height=\"523\" width=\"931\"><source media=\"(min-width: 1280px)\" srcset=\"https:\/\/a57.foxnews.com\/static.foxnews.com\/foxnews.com\/content\/uploads\/2025\/03\/720\/405\/un-us-flags--scaled.jpg?ve=1&amp;tl=1, https:\/\/a57.foxnews.com\/static.foxnews.com\/foxnews.com\/content\/uploads\/2025\/03\/1440\/810\/un-us-flags--scaled.jpg?ve=1&amp;tl=1 2x\" height=\"405\" width=\"720\"><img loading=\"lazy\" decoding=\"async\" src=\"https:\/\/a57.foxnews.com\/static.foxnews.com\/foxnews.com\/content\/uploads\/2025\/03\/1200\/675\/un-us-flags--scaled.jpg?ve=1&amp;tl=1\" alt=\"Las banderas de la ONU y los Estados Unidos vuelan fuera de la sede de las Naciones Unidas antes de la 78\u00aa sesi\u00f3n de la Asamblea General de las Naciones Unidas en la ciudad de Nueva York el 15 de septiembre de 2023.\" width=\"1200\" height=\"675\"\/><\/source><\/source><\/source><\/source><\/picture><\/div>\n<div class=\"info\">\n<div class=\"caption\">\n<p><span>Las banderas de la ONU y los Estados Unidos vuelan fuera de la sede de las Naciones Unidas antes de la 78\u00aa sesi\u00f3n de la Asamblea General de las Naciones Unidas en la ciudad de Nueva York el 15 de septiembre de 2023.<\/span> <span>(Angela Weiss\/AFP a trav\u00e9s de Getty Images)<\/span><\/p>\n<\/div>\n<\/div>\n<\/div>\n<p>El documento del Grupo de Tarea de la UN80 se\u00f1ala que \u00ablos mandatos superpuestos, el uso ineficiente de los recursos y la entrega inconsistente de servicios\u00bb se encuentran entre los problemas con las agencias, fondos y programas de proliferaci\u00f3n, y notas formas de integrar, consolidar y coordinar entre las entidades reformadas para maximizar el beneficio para aquellos que conf\u00edan en la ONU de la ONU. <\/p>\n<p>Como otro medio para reducir los desembolsos, el grupo de trabajo tambi\u00e9n recomend\u00f3 reducir la cantidad de puestos de alto nivel, establecer entidades individuales para coordinar la paz y la seguridad, los asuntos humanitarios y los derechos humanos, y \u00abreducir[ing] El n\u00famero de entidades del sistema de desarrollo de la ONU \u00ab. <\/p>\n<p>Dugan dijo que el documento \u00abse parece m\u00e1s a un enfoque de flujo de conciencia de pizarra que se encuentra el primer d\u00eda de un retiro de negocios\u00bb. Dijo que carece de menci\u00f3n de las mejoras en los recursos humanos, encontrar formas de reclutar \u00ablo mejor en el mundo\u00bb o \u00abidentificar mediciones o m\u00e9tricas de rendimiento contra los l\u00edderes de la organizaci\u00f3n, ramas, ramas, ramas, ramas. [or] oficinas \u00ab. <\/p>\n<p>Dugan dijo que el grupo de trabajo tambi\u00e9n est\u00e1 perdiendo las importantes medidas de construcci\u00f3n de confianza necesarias para aumentar la aceptaci\u00f3n de los miembros, para mantenerlos \u00abimpresionados y entusiastas\u00bb sobre los programas de la ONU. \u00abAsumen que son los l\u00edderes que son las personas adecuadas en el momento adecuado\u00bb. Dugan dijo que esto es \u00abuna verdadera deficiencia\u00bb. <\/p>\n<div class=\"image-ct inline\">\n<div class=\"m\"><picture><source media=\"(max-width: 767px)\" srcset=\"https:\/\/a57.foxnews.com\/static.foxnews.com\/foxnews.com\/content\/uploads\/2021\/12\/343\/192\/GettyImages-1237076576-1.jpg?ve=1&amp;tl=1, https:\/\/a57.foxnews.com\/static.foxnews.com\/foxnews.com\/content\/uploads\/2021\/12\/686\/384\/GettyImages-1237076576-1.jpg?ve=1&amp;tl=1 2x\" height=\"192\" width=\"343\"><source media=\"(min-width: 768px) and (max-width: 1023px)\" srcset=\"https:\/\/a57.foxnews.com\/static.foxnews.com\/foxnews.com\/content\/uploads\/2021\/12\/672\/378\/GettyImages-1237076576-1.jpg?ve=1&amp;tl=1, https:\/\/a57.foxnews.com\/static.foxnews.com\/foxnews.com\/content\/uploads\/2021\/12\/1344\/756\/GettyImages-1237076576-1.jpg?ve=1&amp;tl=1 2x\" height=\"378\" width=\"672\"><source media=\"(min-width: 1024px) and (max-width: 1279px)\" srcset=\"https:\/\/a57.foxnews.com\/static.foxnews.com\/foxnews.com\/content\/uploads\/2021\/12\/931\/523\/GettyImages-1237076576-1.jpg?ve=1&amp;tl=1, https:\/\/a57.foxnews.com\/static.foxnews.com\/foxnews.com\/content\/uploads\/2021\/12\/1862\/1046\/GettyImages-1237076576-1.jpg?ve=1&amp;tl=1 2x\" height=\"523\" width=\"931\"><source media=\"(min-width: 1280px)\" srcset=\"https:\/\/a57.foxnews.com\/static.foxnews.com\/foxnews.com\/content\/uploads\/2021\/12\/720\/405\/GettyImages-1237076576-1.jpg?ve=1&amp;tl=1, https:\/\/a57.foxnews.com\/static.foxnews.com\/foxnews.com\/content\/uploads\/2021\/12\/1440\/810\/GettyImages-1237076576-1.jpg?ve=1&amp;tl=1 2x\" height=\"405\" width=\"720\"><img loading=\"lazy\" decoding=\"async\" src=\"https:\/\/a57.foxnews.com\/static.foxnews.com\/foxnews.com\/content\/uploads\/2021\/12\/1200\/675\/GettyImages-1237076576-1.jpg?ve=1&amp;tl=1\" alt=\"El secretario general de las Naciones Unidas, Ant\u00f3nio Guterres, se muestra en la pantalla mientras habla en la ceremonia de apertura del Foro de Gobierno de Internet de la ONU - IGF 2021 en el Centro Internacional del Congreso en Katowice, Polonia, el 7 de diciembre de 2021. \" width=\"1200\" height=\"675\"\/><\/source><\/source><\/source><\/source><\/picture><\/div>\n<div class=\"info\">\n<div class=\"caption\">\n<p><span>El secretario general de las Naciones Unidas, Ant\u00f3nio Guterres, se muestra en la pantalla mientras habla en la ceremonia de apertura del Foro de Gobierno de Internet de la ONU &#8211; IGF 2021 en el Centro Internacional del Congreso en Katowice, Polonia, el 7 de diciembre de 2021. <\/span> <span>(Beata zawrzel\/nurphoto)<\/span><\/p>\n<\/div>\n<\/div>\n<\/div>\n<p>\u00abNo creo que tengan la confianza de la comunidad mundial o los talentos o los recursos para mantener otro a\u00f1o y medio bajo este r\u00e9gimen del Secretario Guterres\u00bb, dijo Dugan. En lugar de utilizar la \u00abmentalidad de gesti\u00f3n del arca de No\u00e9\u00bb de intentar \u00abclima la tormenta\u00bb, Dugan dijo que la ONU debe \u00abser muy creativa muy r\u00e1pidamente con lo que tienen a mano\u00bb. <\/p>\n<p>Dugan se\u00f1al\u00f3 que la ONU ha pasado por una \u00abca\u00edda de relevancia\u00bb con su falta de participaci\u00f3n en la \u00abdin\u00e1mica del mundo real entre los Estados miembros\u00bb. Inst\u00f3 a la organizaci\u00f3n a identificar \u00abla garant\u00eda multilateral, lo que significa que tenemos que identificar lo que es bueno, y luego tenemos que deshacernos de lo que est\u00e1 da\u00f1ado despu\u00e9s de ocho a\u00f1os\u00bb.<\/p>\n<p><strong>Los recortes presupuestarios de Dege USAID golpean a la ONU en la \u00abpeor crisis de liquidez desde su establecimiento\u00bb<\/strong><\/p>\n<p>En respuesta a las preocupaciones compartidas por Dugan, St\u00e9phane Dujarric, portavoz del secretario general de la ONU, Ant\u00f3nio Guterres, dijo que el memorando \u00abes el resultado de un ejercicio para generar ideas y pensamientos de altos funcionarios sobre c\u00f3mo lograr la visi\u00f3n del secretario general\u00bb y es una \u00abde las tres corrientes de trabajo en las que estamos trabajando\u00bb.<\/p>\n<p>Dujarric se\u00f1al\u00f3 un discurso que Guterres pronunci\u00f3 en marzo al presentar la iniciativa UN80, en la que pidi\u00f3 una \u00abagenda de reforma ambiciosa para fortalecer la forma en que trabajamos y entregamos\u00bb. Guterres dijo que esto implica aumentar la transparencia y la responsabilidad, ser m\u00e1s efectivos y reducir los costos, y descentralizar las decisiones de servir a quienes conf\u00edan en la ONU.<\/p>\n<div class=\"image-ct inline\">\n<div class=\"m\"><picture><source media=\"(max-width: 767px)\" srcset=\"https:\/\/a57.foxnews.com\/static.foxnews.com\/foxnews.com\/content\/uploads\/2023\/04\/343\/192\/AP23095583330298.jpg?ve=1&amp;tl=1, https:\/\/a57.foxnews.com\/static.foxnews.com\/foxnews.com\/content\/uploads\/2023\/04\/686\/384\/AP23095583330298.jpg?ve=1&amp;tl=1 2x\" height=\"192\" width=\"343\"><source media=\"(min-width: 768px) and (max-width: 1023px)\" srcset=\"https:\/\/a57.foxnews.com\/static.foxnews.com\/foxnews.com\/content\/uploads\/2023\/04\/672\/378\/AP23095583330298.jpg?ve=1&amp;tl=1, https:\/\/a57.foxnews.com\/static.foxnews.com\/foxnews.com\/content\/uploads\/2023\/04\/1344\/756\/AP23095583330298.jpg?ve=1&amp;tl=1 2x\" height=\"378\" width=\"672\"><source media=\"(min-width: 1024px) and (max-width: 1279px)\" srcset=\"https:\/\/a57.foxnews.com\/static.foxnews.com\/foxnews.com\/content\/uploads\/2023\/04\/931\/523\/AP23095583330298.jpg?ve=1&amp;tl=1, https:\/\/a57.foxnews.com\/static.foxnews.com\/foxnews.com\/content\/uploads\/2023\/04\/1862\/1046\/AP23095583330298.jpg?ve=1&amp;tl=1 2x\" height=\"523\" width=\"931\"><source media=\"(min-width: 1280px)\" srcset=\"https:\/\/a57.foxnews.com\/static.foxnews.com\/foxnews.com\/content\/uploads\/2023\/04\/720\/405\/AP23095583330298.jpg?ve=1&amp;tl=1, https:\/\/a57.foxnews.com\/static.foxnews.com\/foxnews.com\/content\/uploads\/2023\/04\/1440\/810\/AP23095583330298.jpg?ve=1&amp;tl=1 2x\" height=\"405\" width=\"720\"><img loading=\"lazy\" decoding=\"async\" src=\"https:\/\/a57.foxnews.com\/static.foxnews.com\/foxnews.com\/content\/uploads\/2023\/04\/1200\/675\/AP23095583330298.jpg?ve=1&amp;tl=1\" alt=\"S\u00edmbolo de las Naciones Unidas\" width=\"1200\" height=\"675\"\/><\/source><\/source><\/source><\/source><\/picture><\/div>\n<div class=\"info\">\n<div class=\"caption\">\n<p><span>El s\u00edmbolo de las Naciones Unidas fuera del edificio de la Secretar\u00eda en la sede de las Naciones Unidas. (AP Photo\/John Minchillo, archivo)<\/span> <span>(AP Photo\/John Minchillo, archivo)<\/span><\/p>\n<\/div>\n<\/div>\n<\/div>\n<p>Dujarric tambi\u00e9n mencion\u00f3 un discurso que Guterres dio hace ocho a\u00f1os en septiembre de 2017, cuando lament\u00f3 la burocracia bizantina que obstaculiza el progreso en la ONU, y dijo que estaba \u00abbuscando una reforma de gesti\u00f3n radical, para simplificar los procedimientos y descentralizar las decisiones, con mayor transparencia, eficiencia y responsabilidad\u00bb.<\/p>\n<p>Para Dugan, el fracaso de Guterres en intentar esas reformas \u00abbarridas\u00bb antes de 2025 es una indicaci\u00f3n de que se necesita un cambio de r\u00e9gimen. Reiter\u00f3 que \u00abel escaparate &#8216;Confiar en m\u00ed&#8217; del Secretario General ya no nos convence de que paguemos el comercio minorista completo\u00bb. <\/p>\n<p><strong>Haga clic aqu\u00ed para obtener la aplicaci\u00f3n Fox News<\/strong><\/p>\n<p>Las contribuciones estadounidenses a la ONU tambi\u00e9n pueden recibir un \u00e9xito. En abril, una oficina de gesti\u00f3n de la Casa Blanca y una pasas de presupuesto al Departamento de Estado indic\u00f3 el deseo de poner fin a los fondos para organizaciones internacionales, incluida la ONU <\/p>\n<p>Otros pa\u00edses tambi\u00e9n se est\u00e1n quedando cortos con contribuciones. En marzo, el portavoz de Guterres, Farhan Haq, dijo a Fox News Digital que la falta de pago de las cuotas de los Estados miembros hab\u00eda obligado al cierre de una entrada al personal a la sede de la ONU en la ciudad de Nueva York en ese momento.<\/p>\n<p> <\/p>\n<p> <!----> <\/p>\n<div class=\"article-meta\">\n<div class=\"author-bio\">\n<p>Beth Bailey es una reportera que cubre Afganist\u00e1n, Oriente Medio, Asia y Am\u00e9rica Central. Anteriormente fue analista de inteligencia civil del Departamento del Ej\u00e9rcito. Puedes seguir a Beth en Twitter @bwbailey85<\/p>\n<\/div>\n<\/div>\n<\/div>\n\n","protected":false},"excerpt":{"rendered":"<p>Primero en Fox: la Fuerza de Tarea de la UN80 de las Naciones Unidas est\u00e1 examinando m\u00faltiples m\u00e9todos sugeridos para reorganizar la instituci\u00f3n, seg\u00fan un documento confidencial filtrado compartido con Fox News Digital. El art\u00edculo de seis p\u00e1ginas cita m\u00faltiples ineficiencias y \u00e1reas de mejora necesarias para combatir \u00abcambios geopol\u00edticos y reducciones sustanciales en los &hellip;<\/p>\n","protected":false},"author":1,"featured_media":25490,"comment_status":"open","ping_status":"open","sticky":false,"template":"","format":"standard","meta":{"fifu_image_url":"https:\/\/static.foxnews.com\/foxnews.com\/content\/uploads\/2024\/08\/GettyImages-2161729346-scaled.jpg","fifu_image_alt":"","footnotes":""},"categories":[13],"tags":[],"class_list":["post-25488","post","type-post","status-publish","format-standard","has-post-thumbnail","","category-mundo"],"_links":{"self":[{"href":"https:\/\/noticiasveraces.com\/index.php?rest_route=\/wp\/v2\/posts\/25488","targetHints":{"allow":["GET"]}}],"collection":[{"href":"https:\/\/noticiasveraces.com\/index.php?rest_route=\/wp\/v2\/posts"}],"about":[{"href":"https:\/\/noticiasveraces.com\/index.php?rest_route=\/wp\/v2\/types\/post"}],"author":[{"embeddable":true,"href":"https:\/\/noticiasveraces.com\/index.php?rest_route=\/wp\/v2\/users\/1"}],"replies":[{"embeddable":true,"href":"https:\/\/noticiasveraces.com\/index.php?rest_route=%2Fwp%2Fv2%2Fcomments&post=25488"}],"version-history":[{"count":0,"href":"https:\/\/noticiasveraces.com\/index.php?rest_route=\/wp\/v2\/posts\/25488\/revisions"}],"wp:featuredmedia":[{"embeddable":true,"href":"https:\/\/noticiasveraces.com\/index.php?rest_route=\/wp\/v2\/media\/25490"}],"wp:attachment":[{"href":"https:\/\/noticiasveraces.com\/index.php?rest_route=%2Fwp%2Fv2%2Fmedia&parent=25488"}],"wp:term":[{"taxonomy":"category","embeddable":true,"href":"https:\/\/noticiasveraces.com\/index.php?rest_route=%2Fwp%2Fv2%2Fcategories&post=25488"},{"taxonomy":"post_tag","embeddable":true,"href":"https:\/\/noticiasveraces.com\/index.php?rest_route=%2Fwp%2Fv2%2Ftags&post=25488"}],"curies":[{"name":"wp","href":"https:\/\/api.w.org\/{rel}","templated":true}]}}