{"id":25485,"date":"2025-05-02T10:37:47","date_gmt":"2025-05-02T14:37:47","guid":{"rendered":"https:\/\/noticiasveraces.com\/?p=25485"},"modified":"2025-05-02T10:37:47","modified_gmt":"2025-05-02T14:37:47","slug":"juan-fernando-quintero-reacciono-al-video-viral-antes-del-clasico-america-vs-deportivo-cali-futbol-colombiano-liga-betplay","status":"publish","type":"post","link":"https:\/\/noticiasveraces.com\/?p=25485","title":{"rendered":"Juan Fernando Quintero reaccion\u00f3 al video viral antes del cl\u00e1sico Am\u00e9rica vs Deportivo Cali | Futbol Colombiano | Liga Betplay"},"content":{"rendered":"<p> \n<br \/><img decoding=\"async\" src=\"https:\/\/www.futbolred.com\/files\/article_graphic\/uploads\/2025\/05\/01\/6813de966a58d.jpeg\" \/><\/p>\n<div id=\"cuerpoArticulo\">\n<p class=\"texto intro\" id=\"p244162-m807-806-808\">Juan Fernando Quintero decidi\u00f3 ponerle fin a la pol\u00e9mica que gener\u00f3 un video que public\u00f3 el Am\u00e9rica de Cali, en la que aparece haciendo una arenga para motivar a sus compa\u00f1eros antes del cl\u00e1sico contra Deportivo Cali.<\/p>\n<p>Sus palabras se hicieron virales y generaron todo tipo de comentarios, pues Juanfer le pidi\u00f3 a sus compa\u00f1eros que les pisen la cabeza a los jugadores del Cali. As\u00ed, Quintero se disculp\u00f3 pero dijo que fue malinterpretado.<\/p>\n<p class=\"texto contenido-parrafo-articulo\" id=\"p244162-m819-1-820\">\u201cCabeza fr\u00eda y coraz\u00f3n caliente, muchachos. Los c\u00e1sicos no se juegan, se ganan. Aqu\u00ed tenemos la oportunidad de pisarles la cabeza. No pueden tener m\u00e1s ganas que nosotros, les deben dos meses. Vamos a pisarles la cabeza. Que vengan a nuestro campo y nos respeten, de entrada hasta el final. Los suplentes preparados, cualquiera puede decidir el partido, es un equipo de todos. Concentrados y vamos a ganar este partido\u201d, fueron las palabras de Juan Fernando en el vestuario del Am\u00e9rica, antes de enfrentar a los azucareros.<\/p>\n<p class=\"texto contenido-parrafo-articulo\" id=\"p244162-m837-4-838\">Juan Fernando Quintero decidi\u00f3 expresarse este 1 de mayo en sus redes sociales y explicar que no quiso promover la violencia.<\/p>\n<p>\u201cA ra\u00edz del video viralizado antes del cl\u00e1sico, quiero decir algo: nuestra cultura, nuestro esp\u00edritu competitivo, nuestro l\u00e9xico al interior del grupo es claro y contundente: COMPETIR PARA GANAR\u201d, comenz\u00f3 Juanfer en su publicaci\u00f3n.<\/p>\n<p>\u201cAclaro que no promuevo la violencia, ni algo por el estilo, el f\u00fatbol nos une, es un deporte competitivo y de estrategia. Si mis palabras fueron malinterpretadas, ofrezco disculpas, esa no era mi intenci\u00f3n; es la mentalidad con la que vivimos a diario, competir para ganar. Siempre dar lo mejor a mis compa\u00f1eros e inculcar esto a todos. A los clubes y colegas del f\u00fatbol, siempre mi respeto por encima de todo. F\u00fatbol en paz\u201d, finaliz\u00f3 el comunicado.<\/p>\n<\/p><\/div>\n\n","protected":false},"excerpt":{"rendered":"<p>Juan Fernando Quintero decidi\u00f3 ponerle fin a la pol\u00e9mica que gener\u00f3 un video que public\u00f3 el Am\u00e9rica de Cali, en la que aparece haciendo una arenga para motivar a sus compa\u00f1eros antes del cl\u00e1sico contra Deportivo Cali. Sus palabras se hicieron virales y generaron todo tipo de comentarios, pues Juanfer le pidi\u00f3 a sus compa\u00f1eros &hellip;<\/p>\n","protected":false},"author":1,"featured_media":25487,"comment_status":"open","ping_status":"open","sticky":false,"template":"","format":"standard","meta":{"fifu_image_url":"https:\/\/www.futbolred.com\/files\/og_thumbnail\/uploads\/2025\/05\/01\/6813de966a58d.jpeg","fifu_image_alt":"","footnotes":""},"categories":[6],"tags":[],"class_list":["post-25485","post","type-post","status-publish","format-standard","has-post-thumbnail","","category-deportes"],"_links":{"self":[{"href":"https:\/\/noticiasveraces.com\/index.php?rest_route=\/wp\/v2\/posts\/25485","targetHints":{"allow":["GET"]}}],"collection":[{"href":"https:\/\/noticiasveraces.com\/index.php?rest_route=\/wp\/v2\/posts"}],"about":[{"href":"https:\/\/noticiasveraces.com\/index.php?rest_route=\/wp\/v2\/types\/post"}],"author":[{"embeddable":true,"href":"https:\/\/noticiasveraces.com\/index.php?rest_route=\/wp\/v2\/users\/1"}],"replies":[{"embeddable":true,"href":"https:\/\/noticiasveraces.com\/index.php?rest_route=%2Fwp%2Fv2%2Fcomments&post=25485"}],"version-history":[{"count":0,"href":"https:\/\/noticiasveraces.com\/index.php?rest_route=\/wp\/v2\/posts\/25485\/revisions"}],"wp:featuredmedia":[{"embeddable":true,"href":"https:\/\/noticiasveraces.com\/index.php?rest_route=\/wp\/v2\/media\/25487"}],"wp:attachment":[{"href":"https:\/\/noticiasveraces.com\/index.php?rest_route=%2Fwp%2Fv2%2Fmedia&parent=25485"}],"wp:term":[{"taxonomy":"category","embeddable":true,"href":"https:\/\/noticiasveraces.com\/index.php?rest_route=%2Fwp%2Fv2%2Fcategories&post=25485"},{"taxonomy":"post_tag","embeddable":true,"href":"https:\/\/noticiasveraces.com\/index.php?rest_route=%2Fwp%2Fv2%2Ftags&post=25485"}],"curies":[{"name":"wp","href":"https:\/\/api.w.org\/{rel}","templated":true}]}}