{"id":25465,"date":"2025-05-02T07:44:59","date_gmt":"2025-05-02T11:44:59","guid":{"rendered":"https:\/\/noticiasveraces.com\/?p=25465"},"modified":"2025-05-02T07:44:59","modified_gmt":"2025-05-02T11:44:59","slug":"jueza-anula-orden-de-captura-contra-evo-morales-a-pocas-semanas-para-el-inicio-de-campana-en-bolivia","status":"publish","type":"post","link":"https:\/\/noticiasveraces.com\/?p=25465","title":{"rendered":"Jueza anula orden de captura contra Evo Morales a pocas semanas para el inicio de campa\u00f1a en Bolivia"},"content":{"rendered":"<p> \n<br \/><img decoding=\"async\" src=\"https:\/\/s.france24.com\/media\/display\/64b951e8-d513-11ef-9abf-005056a97e36\/w:1024\/p:16x9\/148cd4f72ba8f87674be8d8ea5a66aa22171d199.jpg\" \/><br \/>Una jueza de Bolivia dej\u00f3 este mi\u00e9rcoles 30 de abril sin efecto la orden de captura y la investigaci\u00f3n penal contra el exmandatario Evo Morales por trata de personas, a ra\u00edz de un caso relacionado con el presunto abuso de una menor cuando era presidente. Tras el fallo, Morales,\u00a0 quien insiste en ser candidato presidencial, dijo que \u00ablleg\u00f3 la justicia\u00bb.<br \/>\n<br \/>\n","protected":false},"excerpt":{"rendered":"<p>Una jueza de Bolivia dej\u00f3 este mi\u00e9rcoles 30 de abril sin efecto la orden de captura y la investigaci\u00f3n penal contra el exmandatario Evo Morales por trata de personas, a ra\u00edz de un caso relacionado con el presunto abuso de una menor cuando era presidente. Tras el fallo, Morales,\u00a0 quien insiste en ser candidato presidencial, &hellip;<\/p>\n","protected":false},"author":1,"featured_media":25467,"comment_status":"open","ping_status":"open","sticky":false,"template":"","format":"standard","meta":{"fifu_image_url":"https:\/\/s.france24.com\/media\/display\/64b951e8-d513-11ef-9abf-005056a97e36\/w:1024\/p:16x9\/148cd4f72ba8f87674be8d8ea5a66aa22171d199.jpg","fifu_image_alt":"","footnotes":""},"categories":[13],"tags":[],"class_list":["post-25465","post","type-post","status-publish","format-standard","has-post-thumbnail","","category-mundo"],"_links":{"self":[{"href":"https:\/\/noticiasveraces.com\/index.php?rest_route=\/wp\/v2\/posts\/25465","targetHints":{"allow":["GET"]}}],"collection":[{"href":"https:\/\/noticiasveraces.com\/index.php?rest_route=\/wp\/v2\/posts"}],"about":[{"href":"https:\/\/noticiasveraces.com\/index.php?rest_route=\/wp\/v2\/types\/post"}],"author":[{"embeddable":true,"href":"https:\/\/noticiasveraces.com\/index.php?rest_route=\/wp\/v2\/users\/1"}],"replies":[{"embeddable":true,"href":"https:\/\/noticiasveraces.com\/index.php?rest_route=%2Fwp%2Fv2%2Fcomments&post=25465"}],"version-history":[{"count":0,"href":"https:\/\/noticiasveraces.com\/index.php?rest_route=\/wp\/v2\/posts\/25465\/revisions"}],"wp:featuredmedia":[{"embeddable":true,"href":"https:\/\/noticiasveraces.com\/index.php?rest_route=\/wp\/v2\/media\/25467"}],"wp:attachment":[{"href":"https:\/\/noticiasveraces.com\/index.php?rest_route=%2Fwp%2Fv2%2Fmedia&parent=25465"}],"wp:term":[{"taxonomy":"category","embeddable":true,"href":"https:\/\/noticiasveraces.com\/index.php?rest_route=%2Fwp%2Fv2%2Fcategories&post=25465"},{"taxonomy":"post_tag","embeddable":true,"href":"https:\/\/noticiasveraces.com\/index.php?rest_route=%2Fwp%2Fv2%2Ftags&post=25465"}],"curies":[{"name":"wp","href":"https:\/\/api.w.org\/{rel}","templated":true}]}}