{"id":25454,"date":"2025-05-02T06:43:44","date_gmt":"2025-05-02T10:43:44","guid":{"rendered":"https:\/\/noticiasveraces.com\/?p=25454"},"modified":"2025-05-02T06:43:44","modified_gmt":"2025-05-02T10:43:44","slug":"alemaniatodo-el-partido-afd-clasificado-de-extrema-derecha-dw-02-05-2025","status":"publish","type":"post","link":"https:\/\/noticiasveraces.com\/?p=25454","title":{"rendered":"Alemania:todo el partido AfD, clasificado de extrema derecha \u2013 DW \u2013 02\/05\/2025"},"content":{"rendered":"<p> \n<\/p>\n<div>\n<p>La Oficina Federal para la Protecci\u00f3n de la Constituci\u00f3n (BfV) de Alemania ha clasificado al partido AfD\u00a0, el principal partido de oposici\u00f3n, como organizaci\u00f3n de extrema derecha confirmada. El servicio de inteligencia nacional argumenta su decisi\u00f3n diciendo que se han constatado las sospechas de que algunos fines del partido en \u00e1mbitos clave violan el orden constitucional democr\u00e1tico.<\/p>\n<p>\u00abLa concepci\u00f3n \u00e9tnico-descendiente del pueblo que prevalece en el partido no es compatible con el orden b\u00e1sico libre y democr\u00e1tico\u00bb anuci\u00f3 la BfV. Su objetivo, agrega, es excluir a determinados grupos de poblaci\u00f3n de la igualdad de participaci\u00f3n en la sociedad. \u00abEn concreto, el partido AfD considera a los ciudadanos alemanes con historial de migraci\u00f3n de pa\u00edses de mayor\u00eda musulmana como no miembros iguales del pueblo alem\u00e1n, seg\u00fan la definici\u00f3n \u00e9tnica del partido\u00bb, se lee\u00a0en el comunicado del servicio de inteligencia nacional.<\/p>\n<figure class=\"placeholder-image master_landscape big\"><img data-format=\"MASTER_LANDSCAPE\" data-id=\"72026420\" data-url=\"https:\/\/static.dw.com\/image\/72026420_${formatId}.jpg\" data-aspect-ratio=\"16\/9\" alt=\"Asientos vac\u00edos en el Parlamento alem\u00e1n.\" style=\"padding-bottom: 56.25%; height: 0; max-height: 0;\"\/><figcaption class=\"img-caption\">El partido AfD es la principal fuerza de oposici\u00f3n en el Bundestag alem\u00e1n.<small class=\"copyright\">Imagen: Michael Kappeler\/DPA\/Picture Alliance<\/small><\/figcaption><\/figure>\n<p>Las declaraciones y posiciones del partido y de los principales representantes de AfD\u00a0violan el principio de la dignidad humana, explican adem\u00e1s los vicepresidentes de la agencia, Sinan Selen y Silke Willems. Esto fue clave para hacer la clasificaci\u00f3n que ahora se ha hecho.<\/p>\n<p>MS (DPA\/Reuters)<\/p>\n<\/p>\n<\/div>\n\n","protected":false},"excerpt":{"rendered":"<p>La Oficina Federal para la Protecci\u00f3n de la Constituci\u00f3n (BfV) de Alemania ha clasificado al partido AfD\u00a0, el principal partido de oposici\u00f3n, como organizaci\u00f3n de extrema derecha confirmada. El servicio de inteligencia nacional argumenta su decisi\u00f3n diciendo que se han constatado las sospechas de que algunos fines del partido en \u00e1mbitos clave violan el orden &hellip;<\/p>\n","protected":false},"author":1,"featured_media":25455,"comment_status":"open","ping_status":"open","sticky":false,"template":"","format":"standard","meta":{"fifu_image_url":"https:\/\/static.dw.com\/image\/71753758_6.jpg","fifu_image_alt":"","footnotes":""},"categories":[13],"tags":[],"class_list":["post-25454","post","type-post","status-publish","format-standard","has-post-thumbnail","","category-mundo"],"_links":{"self":[{"href":"https:\/\/noticiasveraces.com\/index.php?rest_route=\/wp\/v2\/posts\/25454","targetHints":{"allow":["GET"]}}],"collection":[{"href":"https:\/\/noticiasveraces.com\/index.php?rest_route=\/wp\/v2\/posts"}],"about":[{"href":"https:\/\/noticiasveraces.com\/index.php?rest_route=\/wp\/v2\/types\/post"}],"author":[{"embeddable":true,"href":"https:\/\/noticiasveraces.com\/index.php?rest_route=\/wp\/v2\/users\/1"}],"replies":[{"embeddable":true,"href":"https:\/\/noticiasveraces.com\/index.php?rest_route=%2Fwp%2Fv2%2Fcomments&post=25454"}],"version-history":[{"count":0,"href":"https:\/\/noticiasveraces.com\/index.php?rest_route=\/wp\/v2\/posts\/25454\/revisions"}],"wp:featuredmedia":[{"embeddable":true,"href":"https:\/\/noticiasveraces.com\/index.php?rest_route=\/wp\/v2\/media\/25455"}],"wp:attachment":[{"href":"https:\/\/noticiasveraces.com\/index.php?rest_route=%2Fwp%2Fv2%2Fmedia&parent=25454"}],"wp:term":[{"taxonomy":"category","embeddable":true,"href":"https:\/\/noticiasveraces.com\/index.php?rest_route=%2Fwp%2Fv2%2Fcategories&post=25454"},{"taxonomy":"post_tag","embeddable":true,"href":"https:\/\/noticiasveraces.com\/index.php?rest_route=%2Fwp%2Fv2%2Ftags&post=25454"}],"curies":[{"name":"wp","href":"https:\/\/api.w.org\/{rel}","templated":true}]}}