{"id":25449,"date":"2025-05-02T05:43:02","date_gmt":"2025-05-02T09:43:02","guid":{"rendered":"https:\/\/noticiasveraces.com\/?p=25449"},"modified":"2025-05-02T05:43:02","modified_gmt":"2025-05-02T09:43:02","slug":"empeora-la-libertad-de-prensa-en-ee-uu-y-america-latina-dw-02-05-2025","status":"publish","type":"post","link":"https:\/\/noticiasveraces.com\/?p=25449","title":{"rendered":"Empeora la libertad de prensa en EE. UU. y Am\u00e9rica Latina \u2013 DW \u2013 02\/05\/2025"},"content":{"rendered":"<p> \n<\/p>\n<div>\n<p>La situaci\u00f3n de la libertad de prensa empeor\u00f3 en 2024 en Argentina, El Salvador y, especialmente, en Nicaragua. Adem\u00e1s, el regreso de Donald Trump al poder provoc\u00f3 un \u00abalarmante deterioro\u00bb de la libertad de prensa en Estados Unidos. De todo esto alerta el informe m\u00e1s reciente de la oeneg\u00e9 Reporteros Sin Fronteras (RSF), publicado el 3 de mayo de 2025.<\/p>\n<p>El deterioro en Am\u00e9rica se inscribe en una din\u00e1mica mundial. Por primera vez desde el lanzamiento de su clasificaci\u00f3n sobre la libertad de prensa, en 2002, RSF alerta de una situaci\u00f3n global \u00abdif\u00edcil\u00bb.<\/p>\n<h2>Trump y la libertad de prensa<\/h2>\n<p>Estados Unidos retrocede dos posiciones en la clasificaci\u00f3n, hasta el 57\u00ba lugar de 180. En 2024, ya perdi\u00f3 10, pero el regreso a la Casa Blanca del republicano en enero ha provocado un \u00abalarmante deterioro\u00bb de la libertad de prensa, seg\u00fan la organizaci\u00f3n, con sede en Par\u00eds.<\/p>\n<p> \u00abSu administraci\u00f3n ha politizado las instituciones, reducido el apoyo a los medios independientes y marginado a los periodistas\u00bb, que sufren una \u00abhostilidad creciente\u00bb y una menor confianza hacia los medios, resume su \u00faltimo informe. Adem\u00e1s, Trump\u00a0ces\u00f3 tambi\u00e9n la financiaci\u00f3n de sus medios p\u00fablicos en el extranjero, como Voice of America, y sumi\u00f3 a \u00abcientos\u00a0 de medios\u00bb en el mundo \u00aben una situaci\u00f3n econ\u00f3mica cr\u00edtica\u00bb, tras congelar fondos de ayuda al desarrollo de su agencia USAID.<\/p>\n<p><span data-slot-id=\"Article_InContent-1\" class=\"rich-text-ad\"\/><\/p>\n<h2>Argentina, Per\u00fa y El Salvador<\/h2>\n<p>M\u00e1s all\u00e1 de EE. UU., el \u00abgiro autoritario\u00bb en varios pa\u00edses del continente tambi\u00e9n se deterior\u00f3 la libertad de prensa. En ese sentido, RSF destaca la Argentina de Javier Milei, el Per\u00fa de Dina Boluarte y El Salvador de Nayib Bukele.<\/p>\n<p>Milei \u00abha estigmatizado a los periodistas, desmantelado los medios p\u00fablicos y utilizado la publicidad estatal como arma pol\u00edtica\u00bb, subraya el informe, que destaca las presiones a medios independientes en Per\u00fa, as\u00ed como la propaganda y los ataques a medios cr\u00edticos en El Salvador.<\/p>\n<h2>Nicaragua, Brasil y M\u00e9xico<\/h2>\n<p>Por su parte, el Gobierno de Daniel Ortega en Nicaragua \u00abha erradicado los medios independientes, ha retirado la nacionalidad a numerosos periodistas y ha empujado a cientos al exilio\u00bb, detalla el informe. Nicaragua arrebat\u00f3 a Cuba el \u00faltimo lugar de Am\u00e9rica Latina en la clasificaci\u00f3n. Venezuela cay\u00f3 cuatro lugares hasta el 160\u00ba.<\/p>\n<p>RSF destaca, en cambio, la mejor situaci\u00f3n en Brasil, que \u00abprosigue su remontada tras la era [del ultraderechista Jair] Bolsonaro\u00bb.       <\/p>\n<p>M\u00e9xico, por su parte se mantiene como el pa\u00eds sin guerra m\u00e1s peligroso para ejercer el periodismo en Am\u00e9rica Latina, debido, principalmente, a la \u00abcreciente fragilidad de su ecosistema medi\u00e1tico\u00bb, seg\u00fan el informe.<\/p>\n<p>El pa\u00eds, donde seg\u00fan la organizaci\u00f3n, desde 2019 se han asesinado a 37 periodistas, se ubic\u00f3 en el lugar 124 de 180 pa\u00edses y territorios en la Clasificaci\u00f3n Mundial de la Libertad de Prensa, con lo que perdi\u00f3 tres lugar respecto a la lista de 2024, en la que se ubic\u00f3 en el escalaf\u00f3n 121.<\/p>\n<p>MS (AFP\/EFE)<\/p>\n<\/p>\n<\/div>\n\n","protected":false},"excerpt":{"rendered":"<p>La situaci\u00f3n de la libertad de prensa empeor\u00f3 en 2024 en Argentina, El Salvador y, especialmente, en Nicaragua. Adem\u00e1s, el regreso de Donald Trump al poder provoc\u00f3 un \u00abalarmante deterioro\u00bb de la libertad de prensa en Estados Unidos. De todo esto alerta el informe m\u00e1s reciente de la oeneg\u00e9 Reporteros Sin Fronteras (RSF), publicado el &hellip;<\/p>\n","protected":false},"author":1,"featured_media":25450,"comment_status":"open","ping_status":"open","sticky":false,"template":"","format":"standard","meta":{"fifu_image_url":"https:\/\/static.dw.com\/image\/66710894_6.jpg","fifu_image_alt":"","footnotes":""},"categories":[13],"tags":[],"class_list":["post-25449","post","type-post","status-publish","format-standard","has-post-thumbnail","","category-mundo"],"_links":{"self":[{"href":"https:\/\/noticiasveraces.com\/index.php?rest_route=\/wp\/v2\/posts\/25449","targetHints":{"allow":["GET"]}}],"collection":[{"href":"https:\/\/noticiasveraces.com\/index.php?rest_route=\/wp\/v2\/posts"}],"about":[{"href":"https:\/\/noticiasveraces.com\/index.php?rest_route=\/wp\/v2\/types\/post"}],"author":[{"embeddable":true,"href":"https:\/\/noticiasveraces.com\/index.php?rest_route=\/wp\/v2\/users\/1"}],"replies":[{"embeddable":true,"href":"https:\/\/noticiasveraces.com\/index.php?rest_route=%2Fwp%2Fv2%2Fcomments&post=25449"}],"version-history":[{"count":0,"href":"https:\/\/noticiasveraces.com\/index.php?rest_route=\/wp\/v2\/posts\/25449\/revisions"}],"wp:featuredmedia":[{"embeddable":true,"href":"https:\/\/noticiasveraces.com\/index.php?rest_route=\/wp\/v2\/media\/25450"}],"wp:attachment":[{"href":"https:\/\/noticiasveraces.com\/index.php?rest_route=%2Fwp%2Fv2%2Fmedia&parent=25449"}],"wp:term":[{"taxonomy":"category","embeddable":true,"href":"https:\/\/noticiasveraces.com\/index.php?rest_route=%2Fwp%2Fv2%2Fcategories&post=25449"},{"taxonomy":"post_tag","embeddable":true,"href":"https:\/\/noticiasveraces.com\/index.php?rest_route=%2Fwp%2Fv2%2Ftags&post=25449"}],"curies":[{"name":"wp","href":"https:\/\/api.w.org\/{rel}","templated":true}]}}