{"id":25430,"date":"2025-05-02T02:21:29","date_gmt":"2025-05-02T06:21:29","guid":{"rendered":"https:\/\/noticiasveraces.com\/?p=25430"},"modified":"2025-05-02T02:21:29","modified_gmt":"2025-05-02T06:21:29","slug":"que-causo-el-apagon-explicacion-visual-y-breve-de-lo-que-sabemos-clima-y-medio-ambiente","status":"publish","type":"post","link":"https:\/\/noticiasveraces.com\/?p=25430","title":{"rendered":"\u00bfQu\u00e9 caus\u00f3 el apag\u00f3n? Explicaci\u00f3n visual y breve de lo que sabemos | Clima y Medio Ambiente"},"content":{"rendered":"<p> \n<\/p>\n<div data-dtm-region=\"articulo_cuerpo\">\n<p class=\"\">El lunes alrededor de las 12:33<b> <\/b>la red el\u00e9ctrica colaps\u00f3. Uno o m\u00e1s eventos todav\u00eda por determinar causaron una cadena de problemas que \u2014en cinco segundos\u2014 desencaden\u00f3<b> <\/b>la desconexi\u00f3n con Europa y tumb\u00f3 el suministro peninsular. <\/p>\n<p class=\"\">\u00bfPor qu\u00e9 fall\u00f3 el sistema? Cuatro d\u00edas despu\u00e9s del apag\u00f3n sigue habiendo grandes inc\u00f3gnitas. Este primer gr\u00e1fico resume la informaci\u00f3n firme sobre la secuencia temporal:<\/p>\n<p class=\"\">La cronolog\u00eda anterior es un trabajo en construcci\u00f3n, pendiente de informaci\u00f3n e investigaci\u00f3n que llegar\u00e1. Pero de momento hay tres inc\u00f3gnitas esenciales:<\/p>\n<p class=\"\"><b>1. \u00bfQu\u00e9 ocasion\u00f3 esas ca\u00eddas de la generaci\u00f3n? <\/b><\/p>\n<p class=\"\">Red El\u00e9ctrica apunta al suroeste al hablar de las ca\u00eddas de las 12.33.16 y dice que es \u201cmuy posible\u201d que la generaci\u00f3n afectada fuese solar. Pero se desconoce las plantas afectadas y la causa de su desconexi\u00f3n. El motivo podr\u00eda ser un fallo en la red o problemas en las l\u00edneas de alta tensi\u00f3n. Pero tambi\u00e9n un suceso en alguna gran central o planta de generaci\u00f3n, como un cortocircuito u otra cosa.<\/p>\n<p class=\"\">Como nos confirmaba Marta Victoria, investigadora en la Universidad T\u00e9cnica de Dinamarca: \u201cCreo que ocurri\u00f3 una cascada de eventos que acab\u00f3 produciendo el apag\u00f3n, pero todav\u00eda no sabemos cu\u00e1l fue el evento inicial\u201d.<\/p>\n<p class=\"\">Lo que s\u00ed hemos podido identificar son las dos ca\u00eddas, por sus presumibles efectos sobre la frecuencia en la red. En los datos de Gridradar, se pueden ver dos bajadas bruscas de frecuencia, separadas por esos 1,5 segundos aproximadamente.<\/p>\n<div class=\"raw_html\">\n<div><link rel=\"stylesheet\" href=\"https:\/\/ep00.epimg.net\/infografias\/css\/infografia\/2.1\/graficos.css\"\/>\n<div class=\"width-especial\">\n<div style=\"min-height:454px\" id=\"datawrapper-vis-f98eJ\"><img decoding=\"async\" src=\"https:\/\/datawrapper.dwcdn.net\/f98eJ\/full.png\" alt=\"\"\/><\/div>\n<\/div>\n<\/div>\n<\/div>\n<p class=\"\">Una inc\u00f3gnita en este punto es el momento exacto de la desconexi\u00f3n con Europa. Tras esas dos primeras ca\u00eddas abruptas, se produjo presumiblemente una cascada de desconexiones, hasta que la p\u00e9rdida total alcanz\u00f3 un nivel descomunal: al menos, 15 gigavatios (el 60% de la demanda en ese instante). Superado ese umbral, y por dise\u00f1o, es cuando la Pen\u00ednsula se desconect\u00f3 de la red europea para evitar un posible apag\u00f3n en todo el continente, como explican en el Ministerio para la Transici\u00f3n Ecol\u00f3gica. <\/p>\n<p class=\"\"><b>2. \u00bfLa primera ca\u00edda de generaci\u00f3n fue el primer evento de la cascada o hubo una causa anterior?<\/b><\/p>\n<p class=\"\">En la red hay indicios de una posible inestabilidad previa. Alrededor de las 12:20, los datos de frecuencia muestran oscilaciones en puntos de medici\u00f3n en M\u00e1laga (seg\u00fan Gridradar y el laboratorio suizo ZHAW).<\/p>\n<p class=\"\">As\u00ed lo explica Luis Badesa, profesor de ingenier\u00eda el\u00e9ctrica en la UPM: \u201cNo se puede saber ahora mismo si realmente afectaron, porque el \u00faltimo tren de oscilaciones se atenu\u00f3 casi diez minutos antes de los fallos de generaci\u00f3n, pero sugieren que el sistema no estaba operando en condiciones de total normalidad en los minutos previos al apag\u00f3n\u201d.<\/p>\n<p class=\"\">Por su parte, REE ha dado a entender que las ca\u00eddas de generaci\u00f3n en el suroeste fueron el inicio de todo. Y el Ministerio para la Transici\u00f3n Ecol\u00f3gica dice que los datos preliminares con los que cuenta apuntan a que el sistema estaba estable en el momento previo a la presunta p\u00e9rdida de generaci\u00f3n. Pero son sus impresiones preliminares. El ministerio ha reclamado todos los datos brutos a las compa\u00f1\u00edas el\u00e9ctricas (que producen la energ\u00eda) y a Red El\u00e9ctrica (que la transporta y opera el sistema).<\/p>\n<p class=\"\"><b>3. \u00bfPor qu\u00e9 el sistema el\u00e9ctrico no pudo reaccionar para compensar esas dos ca\u00eddas de generaci\u00f3n?<\/b> <\/p>\n<p class=\"\">Es la pregunta fundamental. Mientras no se se\u00f1ale un fallo t\u00e9cnico o accidente que sea aislado y de gran magnitud, todo apunta a un fallo sist\u00e9mico. La red fall\u00f3 por concatenaci\u00f3n de problemas en lugar de resistir.<\/p>\n<p class=\"\">La red el\u00e9ctrica est\u00e1 dise\u00f1ada y operada para funcionar aunque falle un elemento (lo que se conoce como seguridad N-1). Puede aguantar la p\u00e9rdida de una gran planta de generaci\u00f3n de hasta un gigavatio (el equivalente a un reactor nuclear), una l\u00ednea, un centro de transformaci\u00f3n, etc\u00e9tera. \u00bfPor qu\u00e9 cay\u00f3 entonces? Marta Victoria ofrece dos alternativas: \u201cNo sabemos si la contingencia inicial fue excepcionalmente grande, o de lo contrario, si los mecanismos de compensaci\u00f3n no funcionaron correctamente\u201d.<\/p>\n<p class=\"\">El expresidente de Red El\u00e9ctrica Luis Atienza tambi\u00e9n ha recordado que el sistema cuenta con \u201ccortafuegos\u201d, que no actuaron en este caso. \u00bfPor qu\u00e9? Atienza ha mostrado su sorpresa porque no saltaran los automatismos para encapsular el apag\u00f3n, limit\u00e1ndolo a una zona, igual que media decena de especialistas consultados por EL PA\u00cdS. Es inevitable preguntarse por la fiabilidad y la resiliencia de un sistema que se fue completo a tensi\u00f3n cero.<\/p>\n<h3 class=\"\">\u00bfQu\u00e9 otros factores han podido contribuir?<\/h3>\n<p class=\"\"><b>La falta de inercia en el sistema<\/b><\/p>\n<p class=\"\">Muchos expertos creen que el peso de la solar y la e\u00f3lica en el momento del apag\u00f3n pudo ser un elemento que contribuyese a la cascada de fallos despu\u00e9s de la primera inestabilidad. Antes del incidente, la red espa\u00f1ola se alimentaba mayoritariamente con energ\u00eda solar (59%) y e\u00f3lica (11%). No son los niveles m\u00e1s altos de las \u00faltimas semanas, pero s\u00ed altos con perspectiva hist\u00f3rica \u2014la red tiene d\u00e9cadas\u2014. Espa\u00f1a estaba operando con relativa escasez de \u201cinercia s\u00edncrona\u201d.<\/p>\n<div class=\"raw_html\">\n<div><link rel=\"stylesheet\" href=\"https:\/\/ep00.epimg.net\/infografias\/css\/infografia\/2.1\/graficos.css\"\/>\n<div class=\"width-especial\">\n<div style=\"min-height:490px\" id=\"datawrapper-vis-e4Rc7\"><img decoding=\"async\" src=\"https:\/\/datawrapper.dwcdn.net\/e4Rc7\/full.png\" alt=\"\"\/><\/div>\n<\/div>\n<\/div>\n<\/div>\n<p class=\"\">Los generadores rotatorios gigantescos de las plantas hidroel\u00e9ctricas, nucleares y el resto de t\u00e9rmicas tienen gran cantidad de inercia y energ\u00eda cin\u00e9tica acumulada en su giro, y eso ayuda a autoestabilizar la red cuando baja la generaci\u00f3n. Pero, de manera clave, las centrales solares y e\u00f3licas no aportan esa inercia s\u00edncrona de manera natural. Es decir, que la falta de inercia pudo limitar la capacidad de compensar perturbaciones en la red.<\/p>\n<p class=\"\">Manuel Alc\u00e1zar Ortega, profesor del departamento de ingenier\u00eda el\u00e9ctrica de la UPV, lo asegura: \u201cHab\u00eda una reducida contribuci\u00f3n de generadores que pudieran proporcionar inercia\u201d. Y se\u00f1ala la alta producci\u00f3n fotovoltaica como un factor: \u201creduce la inercia f\u00edsica del sistema \u2014que proporciona la generaci\u00f3n rodante\u2014 y la capacidad de gesti\u00f3n de energ\u00eda reactiva, lo que reduce su capacidad de reacci\u00f3n\u201d.<\/p>\n<p class=\"\">Esta problem\u00e1tica es conocida en el sector. Por ejemplo, la asociaci\u00f3n europea de operadores de transporte, ENTSO-E, tiene un proyecto, <i>Inercia del proyecto<\/i>para \u201cofrecer la explotaci\u00f3n segura y eficiente de un sistema descarbonizado y preparado para el futuro\u201d.<\/p>\n<p class=\"\">No es en absoluto una enmienda a las renovables. Hay soluciones tecnol\u00f3gicas para generar inercia sint\u00e9tica que acompa\u00f1e la generaci\u00f3n solar y e\u00f3lica, como convertidores electr\u00f3nicos o bater\u00edas. Lo apunta Alc\u00e1zar: \u201cson elementos que permiten compensar esta falta de inercia f\u00edsica\u201d. Adem\u00e1s, la inercia se puede conseguir tambi\u00e9n con una renovable: la hidr\u00e1ulica. Espa\u00f1a puede aumentar los bombeos \u2014es decir, los circuitos de dos embalses que sirven para acumular energ\u00eda, que se puede volcar a la red el\u00e9ctrica cuando se necesite\u2014. Son elementos nuevos. Javier Blas en Bloomberg hablaba de hacer ajustes: \u201cEl mundo no abandon\u00f3 las centrales de combustibles f\u00f3siles y nucleares porque Nueva York sufriera un gran apag\u00f3n en 1977. Y no deber\u00eda renunciar a la energ\u00eda solar y e\u00f3lica porque Espa\u00f1a y Portugal se quedaran sin suministro el\u00e9ctrico durante unas horas. Pero deber\u00edamos aprender que el dise\u00f1o de las redes, las pol\u00edticas y el mapeo de riesgos a\u00fan no est\u00e1n preparados\u201d.<\/p>\n<p class=\"\">Un ejemplo de medida ser\u00eda paliar el retraso de Espa\u00f1a en el despliegue masivo de bater\u00edas que s\u00ed se ha producido en Alemania o en California. Lo apuntaba Pedro Fresco, director general de la Asociaci\u00f3n Valenciana del Sector de la Energ\u00eda y exdirector general de Transici\u00f3n Ecol\u00f3gica de esa comunidad: \u201cBater\u00edas e interconexiones fuertes son los mejores ant\u00eddotos contra los apagones. Hay que instalar m\u00e1s de las primeras, que convierten en s\u00edncronas a la fotovoltaica y la e\u00f3lica, y mejorar las segundas\u201d.<\/p>\n<p class=\"\"><b>La poca interconexi\u00f3n con Europa<\/b><\/p>\n<p class=\"\">Tambi\u00e9n se apunta un problema hist\u00f3rico de nuestra red: la falta de interconexi\u00f3n de la pen\u00ednsula Ib\u00e9rica con el sistema europeo. Lo hizo Eduardo Prieto, director de servicios para la operaci\u00f3n de Red El\u00e9ctrica, destacando la seguridad: \u201clos sistemas el\u00e9ctricos cuanto m\u00e1s interconectados est\u00e1n, son m\u00e1s seguros, m\u00e1s robustos, m\u00e1s capaces de hacer frente en mejores condiciones a las perturbaciones\u201d. \u200b <\/p>\n<p class=\"\">En Espa\u00f1a la capacidad de interconexi\u00f3n equival\u00eda en 2023 al<b> <\/b>4,4% de nuestra capacidad de producci\u00f3n, una cifra muy por debajo del 15% que la Uni\u00f3n Europea marc\u00f3 como objetivo para 2030.<\/p>\n<h3 class=\"\"><b>\u00bfC\u00f3mo se opera la red el\u00e9ctrica?<\/b><\/h3>\n<p class=\"\">El sistema se puede ver con tres componentes: los elementos de generaci\u00f3n (como las centrales nucleares o las granjas de placas solares), los elementos de transporte de alta tensi\u00f3n y de distribuci\u00f3n y, por \u00faltimo, el consumo de industria y hogares. Por encima, coordinando el correcto funcionamiento de todo, est\u00e1 el Centro de Control de Red El\u00e9ctrica.<\/p>\n<p class=\"\">El Centro de Control tiene una labor esencial: garantiza el balance instant\u00e1neo entre la electricidad que demandan los usuarios y la que se produce en las centrales. Esto implica prever la energ\u00eda que va a demandar el pa\u00eds, programar la producci\u00f3n correspondiente, y luego actuar en tiempo real ante cualquier desequilibrio.<\/p>\n<h3 class=\"\"><b>\u00bfPor qu\u00e9 se tarda horas en recuperar la red?<\/b><\/h3>\n<p class=\"\">El arranque completo desde cero es una operaci\u00f3n compleja y poco frecuente \u2014porque los apagones totales son raros\u2014. Ayer muchos expertos internacionales miraban el proceso casi con curiosidad. \u200bPrieto explic\u00f3 c\u00f3mo fue ese \u201cproceso coordinado\u201d de reposici\u00f3n. <\/p>\n<p class=\"\">Consisti\u00f3 primero en buscar las \u201cfuentes de tensi\u00f3n sanas\u201d, en frontera con Francia y Marruecos. Desde esas fronteras, actuaron para energizar una parte de la red espa\u00f1ola (en Pa\u00eds Vasco, Catalu\u00f1a y el sur de Andaluc\u00eda). El objetivo era \u201cllegar a los servicios auxiliares de las centrales de generaci\u00f3n para que pudieran comenzar los procesos de arranque y acoplamiento\u201d. Una vez arrancados esos servicios, continu\u00f3 propag\u00e1ndose la tensi\u00f3n al resto de elementos de la red y a las centrales de generaci\u00f3n, para que el sistema \u201cpudiera crecer\u201d.<\/p>\n<p class=\"\">Se sigui\u00f3 una estrategia de arranque en isla o por zonas.\u200b \u00bfPor qu\u00e9? Porque solo algunos grupos de generaci\u00f3n pueden iniciarse por s\u00ed mismos desde cero tensi\u00f3n: \u201cson centrales hidr\u00e1ulicas ubicadas en las distintas cuencas\u201d, explic\u00f3 Prieto. Estas centrales fueron arrancando, y estabiliz\u00e1ndose con algunas cargas \u2014suministros de consumidores\u2014 de manera paulatina. Esas islas fueron luego ganando generaci\u00f3n y consumo en paralelo, creciendo en tama\u00f1o y estabilidad, para luego unirse unas con otras, hasta retejer la red. <\/p>\n<section class=\"w w-cr\">\n<h3 class=\"w_t\">Cr\u00e9ditos<\/h3>\n<div class=\"w_b\">\n<p><span\/>    Con informaci\u00f3n y desarrollo de <strong>Jos\u00e9 A. \u00c1lvarez<\/strong>, <strong>Borja Andrino<\/strong>, <strong>Montse Hidalgo <\/strong>Y <strong>Luis Sevillano Pires<\/strong>.<\/p>\n<\/div>\n<\/section>\n<\/div>\n\n","protected":false},"excerpt":{"rendered":"<p>El lunes alrededor de las 12:33 la red el\u00e9ctrica colaps\u00f3. Uno o m\u00e1s eventos todav\u00eda por determinar causaron una cadena de problemas que \u2014en cinco segundos\u2014 desencaden\u00f3 la desconexi\u00f3n con Europa y tumb\u00f3 el suministro peninsular. \u00bfPor qu\u00e9 fall\u00f3 el sistema? Cuatro d\u00edas despu\u00e9s del apag\u00f3n sigue habiendo grandes inc\u00f3gnitas. Este primer gr\u00e1fico resume la &hellip;<\/p>\n","protected":false},"author":1,"featured_media":25432,"comment_status":"open","ping_status":"open","sticky":false,"template":"","format":"standard","meta":{"fifu_image_url":"https:\/\/imagenes.elpais.com\/resizer\/v2\/J4MJFKRXIVHV3AHRO7AXXITOWQ.png?auth=d866e5f20dc3baeee9e9d440f312dd7dffe7a0b519008cbbe3682c608f688a60&width=1200","fifu_image_alt":"","footnotes":""},"categories":[11],"tags":[],"class_list":["post-25430","post","type-post","status-publish","format-standard","has-post-thumbnail","","category-viaje"],"_links":{"self":[{"href":"https:\/\/noticiasveraces.com\/index.php?rest_route=\/wp\/v2\/posts\/25430","targetHints":{"allow":["GET"]}}],"collection":[{"href":"https:\/\/noticiasveraces.com\/index.php?rest_route=\/wp\/v2\/posts"}],"about":[{"href":"https:\/\/noticiasveraces.com\/index.php?rest_route=\/wp\/v2\/types\/post"}],"author":[{"embeddable":true,"href":"https:\/\/noticiasveraces.com\/index.php?rest_route=\/wp\/v2\/users\/1"}],"replies":[{"embeddable":true,"href":"https:\/\/noticiasveraces.com\/index.php?rest_route=%2Fwp%2Fv2%2Fcomments&post=25430"}],"version-history":[{"count":0,"href":"https:\/\/noticiasveraces.com\/index.php?rest_route=\/wp\/v2\/posts\/25430\/revisions"}],"wp:featuredmedia":[{"embeddable":true,"href":"https:\/\/noticiasveraces.com\/index.php?rest_route=\/wp\/v2\/media\/25432"}],"wp:attachment":[{"href":"https:\/\/noticiasveraces.com\/index.php?rest_route=%2Fwp%2Fv2%2Fmedia&parent=25430"}],"wp:term":[{"taxonomy":"category","embeddable":true,"href":"https:\/\/noticiasveraces.com\/index.php?rest_route=%2Fwp%2Fv2%2Fcategories&post=25430"},{"taxonomy":"post_tag","embeddable":true,"href":"https:\/\/noticiasveraces.com\/index.php?rest_route=%2Fwp%2Fv2%2Ftags&post=25430"}],"curies":[{"name":"wp","href":"https:\/\/api.w.org\/{rel}","templated":true}]}}