{"id":25420,"date":"2025-05-01T23:27:23","date_gmt":"2025-05-02T03:27:23","guid":{"rendered":"https:\/\/noticiasveraces.com\/?p=25420"},"modified":"2025-05-01T23:27:23","modified_gmt":"2025-05-02T03:27:23","slug":"el-pib-de-alemania-crece-un-02-por-ciento-dw-30-04-2025","status":"publish","type":"post","link":"https:\/\/noticiasveraces.com\/?p=25420","title":{"rendered":"El PIB de Alemania crece un 0,2 por ciento \u2013 DW \u2013 30\/04\/2025"},"content":{"rendered":"<p> \n<\/p>\n<div>\n<p>El producto interno bruto de Alemania progres\u00f3 ligeramente en el primer trimestre de 2025. El dato ofrece un peque\u00f1o alivio, despu\u00e9s de dos a\u00f1os de recesi\u00f3n en la primera econom\u00eda europea, fragilizada por la crisis industrial y los aranceles estadounidenses.<\/p>\n<p>Seg\u00fan un comunicado de la oficina estad\u00edstica Destatis, el PIB creci\u00f3 un 0,2 por ciento respecto al trimestre anterior, en el que la econom\u00eda se contrajo\u00a0un 0,2 por ciento. Por su parte, la plataforma de an\u00e1lisis financiero Factset preve\u00eda un crecimiento del 0,1 por ciento.<\/p>\n<p>MS (DPA\/Reuters)<\/p>\n<\/p>\n<\/div>\n\n","protected":false},"excerpt":{"rendered":"<p>El producto interno bruto de Alemania progres\u00f3 ligeramente en el primer trimestre de 2025. El dato ofrece un peque\u00f1o alivio, despu\u00e9s de dos a\u00f1os de recesi\u00f3n en la primera econom\u00eda europea, fragilizada por la crisis industrial y los aranceles estadounidenses. Seg\u00fan un comunicado de la oficina estad\u00edstica Destatis, el PIB creci\u00f3 un 0,2 por ciento &hellip;<\/p>\n","protected":false},"author":1,"featured_media":25421,"comment_status":"open","ping_status":"open","sticky":false,"template":"","format":"standard","meta":{"fifu_image_url":"https:\/\/static.dw.com\/image\/72337268_6.jpg","fifu_image_alt":"","footnotes":""},"categories":[13],"tags":[],"class_list":["post-25420","post","type-post","status-publish","format-standard","has-post-thumbnail","","category-mundo"],"_links":{"self":[{"href":"https:\/\/noticiasveraces.com\/index.php?rest_route=\/wp\/v2\/posts\/25420","targetHints":{"allow":["GET"]}}],"collection":[{"href":"https:\/\/noticiasveraces.com\/index.php?rest_route=\/wp\/v2\/posts"}],"about":[{"href":"https:\/\/noticiasveraces.com\/index.php?rest_route=\/wp\/v2\/types\/post"}],"author":[{"embeddable":true,"href":"https:\/\/noticiasveraces.com\/index.php?rest_route=\/wp\/v2\/users\/1"}],"replies":[{"embeddable":true,"href":"https:\/\/noticiasveraces.com\/index.php?rest_route=%2Fwp%2Fv2%2Fcomments&post=25420"}],"version-history":[{"count":0,"href":"https:\/\/noticiasveraces.com\/index.php?rest_route=\/wp\/v2\/posts\/25420\/revisions"}],"wp:featuredmedia":[{"embeddable":true,"href":"https:\/\/noticiasveraces.com\/index.php?rest_route=\/wp\/v2\/media\/25421"}],"wp:attachment":[{"href":"https:\/\/noticiasveraces.com\/index.php?rest_route=%2Fwp%2Fv2%2Fmedia&parent=25420"}],"wp:term":[{"taxonomy":"category","embeddable":true,"href":"https:\/\/noticiasveraces.com\/index.php?rest_route=%2Fwp%2Fv2%2Fcategories&post=25420"},{"taxonomy":"post_tag","embeddable":true,"href":"https:\/\/noticiasveraces.com\/index.php?rest_route=%2Fwp%2Fv2%2Ftags&post=25420"}],"curies":[{"name":"wp","href":"https:\/\/api.w.org\/{rel}","templated":true}]}}