{"id":25415,"date":"2025-05-01T23:22:42","date_gmt":"2025-05-02T03:22:42","guid":{"rendered":"https:\/\/noticiasveraces.com\/?p=25415"},"modified":"2025-05-01T23:22:42","modified_gmt":"2025-05-02T03:22:42","slug":"claves-del-incidente-mas-grave-en-decadas","status":"publish","type":"post","link":"https:\/\/noticiasveraces.com\/?p=25415","title":{"rendered":"claves del incidente m\u00e1s grave en d\u00e9cadas"},"content":{"rendered":"<p> \n<\/p>\n<div>\n<p><picture class=\"aligncenter first-post-image\" title=\"energ\u00edas renovables y apag\u00f3n en Espa\u00f1a\" data-no-lazy=\"true\"><source type=\"image\/webp\" srcset=\"https:\/\/www.economiafinanzas.com\/wp-content\/uploads\/2025\/05\/energias-renovables-y-el-apagon-en-Espana-0-scaled.jpg.webp\"\/><img decoding=\"async\" fetchpriority=\"high\" src=\"https:\/\/www.economiafinanzas.com\/wp-content\/uploads\/2025\/05\/energias-renovables-y-el-apagon-en-Espana-0-scaled.jpg\" alt=\"energ\u00edas renovables y apag\u00f3n en Espa\u00f1a\" data-no-lazy=\"true\"\/>\n<\/picture><\/p>\n<p><strong>El reciente apag\u00f3n que dej\u00f3 a oscuras a millones de ciudadanos en la Pen\u00ednsula Ib\u00e9rica<\/strong> ha reavivado el debate sobre el papel de las energ\u00edas renovables en la seguridad del suministro el\u00e9ctrico. Con el incidente del pasado 28 de abril de 2025, Espa\u00f1a y Portugal experimentaron una de sus mayores crisis energ\u00e9ticas, cuyas causas a\u00fan se est\u00e1n desglosando y generando controversia tanto en el \u00e1mbito t\u00e9cnico como pol\u00edtico.<\/p>\n<p><strong>Aunque el suministro se recuper\u00f3 a las pocas horas en la mayor parte de la red, el incidente ha dejado al descubierto vulnerabilidades estructurales<\/strong> en el sistema el\u00e9ctrico nacional. Mientras se avanza en las investigaciones, el foco se ha puesto en las energ\u00edas renovables, que han sido se\u00f1aladas por su dificultad para aportar estabilidad frente a fuentes tradicionales como la nuclear o la t\u00e9rmica.<\/p>\n<h2>\u00bfQu\u00e9 ocurri\u00f3 durante el apag\u00f3n del 28 de abril?<\/h2>\n<p>Sobre las 12:32 horas, un <strong>colapso el\u00e9ctrico desconect\u00f3 a la pen\u00ednsula del sistema europeo<\/strong>dejando sin electricidad a millones de usuarios en Espa\u00f1a, Portugal y algunos puntos del sur de Francia. Seg\u00fan Red El\u00e9ctrica de Espa\u00f1a (REE), se produjo una ca\u00edda s\u00fabita de la generaci\u00f3n fotovoltaica, con p\u00e9rdidas de 15 gigavatios de potencia en solo cinco segundos en el suroeste peninsular, que arrastr\u00f3 al resto del sistema en cuesti\u00f3n de instantes.<\/p>\n<p><strong>La interrupci\u00f3n coincidi\u00f3 con una alta presencia de fuentes renovables en la red, especialmente solar y e\u00f3lica<\/strong>. En ese momento, m\u00e1s del 60% de la electricidad espa\u00f1ola proced\u00eda de renovables. Sin embargo, expertos y organismos como la Fundaci\u00f3n Renovables subrayan que la desconexi\u00f3n masiva fue una consecuencia, no necesariamente el detonante, de la crisis.<\/p>\n<p>Las primeras hip\u00f3tesis apuntaban a un posible ciberataque o a fen\u00f3menos atmosf\u00e9ricos extremos; no obstante, tanto REE como autoridades europeas y portuguesas <strong>descartaron el sabotaje inform\u00e1tico<\/strong>. Otros an\u00e1lisis sugieren que el origen fue una combinaci\u00f3n de fallos en l\u00edneas de alta tensi\u00f3n, baja interconexi\u00f3n con Francia y la complejidad de gestionar una red dominada por energ\u00edas renovables.<\/p>\n<p><picture decoding=\"async\" class=\"aligncenter\" title=\"debate sobre energ\u00edas renovables y apag\u00f3n\"><source type=\"image\/webp\" data-lazy-srcset=\"https:\/\/www.economiafinanzas.com\/wp-content\/uploads\/2025\/05\/energias-renovables-y-el-apagon-en-Espana-6.jpg.webp\"\/><img decoding=\"async\" alt=\"debate sobre energ\u00edas renovables y apag\u00f3n\" src=\"https:\/\/www.economiafinanzas.com\/wp-content\/uploads\/2025\/05\/energias-renovables-y-el-apagon-en-Espana-6.jpg\"\/><img decoding=\"async\" src=\"https:\/\/www.economiafinanzas.com\/wp-content\/uploads\/2025\/05\/energias-renovables-y-el-apagon-en-Espana-6.jpg\" alt=\"debate sobre energ\u00edas renovables y apag\u00f3n\"\/>\n<\/picture><\/p>\n<h2>El debate sobre la estabilidad de las energ\u00edas renovables<\/h2>\n<p><strong>La dificultad de las renovables para aportar inercia y robustez a la red ha sido objeto de discusi\u00f3n<\/strong> en los d\u00edas posteriores al apag\u00f3n. Las fuentes convencionales como las centrales nucleares, t\u00e9rmicas o hidr\u00e1ulicas aportan una inercia mec\u00e1nica natural que ayuda a amortiguar oscilaciones y mantener la frecuencia de la red. Las renovables, por el contrario, suelen conectarse mediante sistemas electr\u00f3nicos que no aportan esta estabilidad de forma directa, lo que las hace m\u00e1s vulnerables ante cambios bruscos en la demanda o la oferta.<\/p>\n<p>Expertos consultados subrayan la necesidad de contar con sistemas de almacenamiento y tecnolog\u00edas de control avanzadas (como el Power Oscillation Damping, POD) para amortiguar fluctuaciones. Sin embargo, gran parte del parque renovable en Espa\u00f1a todav\u00eda carece de estos dispositivos, dado que su adopci\u00f3n a\u00fan no es obligatoria para la nueva capacidad instalada.<\/p>\n<p><strong>Distintos an\u00e1lisis t\u00e9cnicos coinciden en que el sistema espa\u00f1ol se encontraba operando con un margen de seguridad adecuado<\/strong>contando con respaldo convencional suficiente. Adem\u00e1s, REE suele limitar la inyecci\u00f3n de renovables para mantener la estabilidad ante posibles riesgos. La desconexi\u00f3n masiva de centrales solares y nucleares fue, en parte, una reacci\u00f3n operativa ante la bajada de frecuencia y la p\u00e9rdida de sincron\u00eda, m\u00e1s que el origen de la crisis.<\/p>\n<p>El fen\u00f3meno de la baja inercia se acent\u00faa cuando la red depende de muchas plantas renovables sin suficiente aporte convencional. Este hecho, junto a la escasa interconexi\u00f3n con Europa (apenas un 3-5% de la potencia instalada, muy por debajo del objetivo de la UE), impide importar energ\u00eda suficiente para reequilibrar la red en situaciones cr\u00edticas. <strong>La pen\u00ednsula ib\u00e9rica sigue siendo una \u201cisla el\u00e9ctrica\u201d<\/strong>especialmente vulnerable ante colapsos de este tipo.<\/p>\n<p><picture decoding=\"async\" class=\"aligncenter\" title=\"red el\u00e9ctrica y vulnerabilidades renovables\"><source type=\"image\/webp\" data-lazy-srcset=\"https:\/\/www.economiafinanzas.com\/wp-content\/uploads\/2025\/05\/energias-renovables-y-el-apagon-en-Espana-7.jpg.webp\"\/><img decoding=\"async\" alt=\"red el\u00e9ctrica y vulnerabilidades renovables\" src=\"https:\/\/www.economiafinanzas.com\/wp-content\/uploads\/2025\/05\/energias-renovables-y-el-apagon-en-Espana-7.jpg\"\/><img decoding=\"async\" src=\"https:\/\/www.economiafinanzas.com\/wp-content\/uploads\/2025\/05\/energias-renovables-y-el-apagon-en-Espana-7.jpg\" alt=\"red el\u00e9ctrica y vulnerabilidades renovables\"\/>\n<\/picture><\/p>\n<h2>Factores t\u00e9cnicos y humanos: \u00bfQu\u00e9 fall\u00f3?<\/h2>\n<p>En la investigaci\u00f3n preliminar, se ha detectado que <strong>la desconexi\u00f3n autom\u00e1tica de centrales solares y nucleares se produjo al bajar la frecuencia de la red<\/strong> fuera de los l\u00edmites seguros. Esta reacci\u00f3n, prevista por los protocolos, evit\u00f3 da\u00f1os mayores en infraestructuras, pero agrav\u00f3 el efecto domin\u00f3 que provoc\u00f3 el apag\u00f3n total.<\/p>\n<p>Muchos expertos se\u00f1alan la falta de modernizaci\u00f3n de infraestructuras, la limitada presencia de sistemas de almacenamiento de energ\u00eda y la lentitud en incorporar tecnolog\u00edas de control avanzadas como puntos clave a corregir. Asimismo, la falta de protocolos de coordinaci\u00f3n y comunicaci\u00f3n efectiva entre operadores, t\u00e9cnicos y organismos tambi\u00e9n influy\u00f3 en la dificultad para anticipar y gestionar la emergencia.<\/p>\n<p>Algunos t\u00e9cnicos de Red El\u00e9ctrica advierten que la normativa vigente a\u00fan no exige la implantaci\u00f3n generalizada de sistemas como el POD en parques renovables, lo que dificulta amortiguar oscilaciones ante perturbaciones graves. Por el contrario, la eliminaci\u00f3n progresiva de fuentes convencionales como la nuclear y el gas podr\u00eda, seg\u00fan varios informes, reducir la resiliencia del sistema si la transici\u00f3n no se acompa\u00f1a de medidas t\u00e9cnicas adecuadas.<\/p>\n<p>El an\u00e1lisis de la CNMC y Redeia ya advert\u00eda sobre los riesgos de un sistema dominado por renovables sin la infraestructura de respaldo suficiente, especialmente en d\u00edas de baja demanda y alta producci\u00f3n solar, como ocurri\u00f3 el d\u00eda del apag\u00f3n.<\/p>\n<p><picture decoding=\"async\" class=\"aligncenter\" title=\"instalaciones renovables en Espa\u00f1a\"><source type=\"image\/webp\" data-lazy-srcset=\"https:\/\/www.economiafinanzas.com\/wp-content\/uploads\/2025\/05\/energias-renovables-y-el-apagon-en-Espana-8.jpg.webp\"\/><img decoding=\"async\" alt=\"instalaciones renovables en Espa\u00f1a\" src=\"https:\/\/www.economiafinanzas.com\/wp-content\/uploads\/2025\/05\/energias-renovables-y-el-apagon-en-Espana-8.jpg\"\/><img decoding=\"async\" src=\"https:\/\/www.economiafinanzas.com\/wp-content\/uploads\/2025\/05\/energias-renovables-y-el-apagon-en-Espana-8.jpg\" alt=\"instalaciones renovables en Espa\u00f1a\"\/>\n<\/picture><\/p>\n<h2>Respuestas institucionales e iniciativas para el futuro<\/h2>\n<p><strong>El presidente Pedro S\u00e1nchez anunci\u00f3 la creaci\u00f3n de una comisi\u00f3n de investigaci\u00f3n para esclarecer las causas del fallo<\/strong> y exigi\u00f3 la colaboraci\u00f3n de todas las el\u00e9ctricas en aras de adoptar mejoras y garantizar el suministro. De manera paralela, la Uni\u00f3n Europea y ENTSO-E (Red Europea de Gestores de Transporte de Electricidad) ya han puesto en marcha paneles de expertos para elaborar recomendaciones y reforzar la resiliencia de los sistemas interconectados.<\/p>\n<p>Por su parte, los operadores de red ib\u00e9ricos y franceses trabajaron en la creaci\u00f3n de <strong>\u201cislas el\u00e9ctricas\u201d<\/strong> y en la restauraci\u00f3n progresiva mediante flujos desde Francia y Marruecos, activando protocolos de crisis sin precedentes en la regi\u00f3n.<\/p>\n<p><strong>El apag\u00f3n ha servido como recordatorio de la necesidad de acelerar inversiones<\/strong> en interconexiones internacionales, almacenamiento energ\u00e9tico y adaptaciones tecnol\u00f3gicas para una gesti\u00f3n eficiente de renovables en la red. Organizaciones como Greenpeace, la Fundaci\u00f3n Renovables o Ecologistas en Acci\u00f3n insisten en que la transici\u00f3n energ\u00e9tica no debe detenerse, pero s\u00ed ir acompa\u00f1ada de una modernizaci\u00f3n a pruebas de incidentes, mayor capacidad de almacenamiento y regulaciones que aseguren el equilibrio t\u00e9cnico de la red.<\/p>\n<p><img loading=\"lazy\" width=\"1200\" height=\"800\" decoding=\"async\" class=\"aligncenter\" title=\"interconexiones el\u00e9ctricas y energ\u00eda limpia\" alt=\"interconexiones el\u00e9ctricas y energ\u00eda limpia\" src=\"https:\/\/www.economiafinanzas.com\/wp-content\/uploads\/2025\/05\/energias-renovables-y-el-apagon-en-Espana-9.jpg\"\/><img loading=\"lazy\" width=\"1200\" height=\"800\" decoding=\"async\" class=\"aligncenter\" title=\"interconexiones el\u00e9ctricas y energ\u00eda limpia\" src=\"https:\/\/www.economiafinanzas.com\/wp-content\/uploads\/2025\/05\/energias-renovables-y-el-apagon-en-Espana-9.jpg\" alt=\"interconexiones el\u00e9ctricas y energ\u00eda limpia\"\/><\/p>\n<div class=\"post-relacionado-wrapper\"><picture fetchpriority=\"high\" decoding=\"async\" class=\"attachment-medium size-medium wp-post-image\"><source type=\"image\/webp\" data-lazy-srcset=\"https:\/\/www.economiafinanzas.com\/wp-content\/uploads\/2022\/05\/Gran-apagon-300x200.jpg.webp 300w, https:\/\/www.economiafinanzas.com\/wp-content\/uploads\/2022\/05\/Gran-apagon-1024x681.jpg.webp 1024w, https:\/\/www.economiafinanzas.com\/wp-content\/uploads\/2022\/05\/Gran-apagon-768x511.jpg.webp 768w, https:\/\/www.economiafinanzas.com\/wp-content\/uploads\/2022\/05\/Gran-apagon-400x266.jpg.webp 400w, https:\/\/www.economiafinanzas.com\/wp-content\/uploads\/2022\/05\/Gran-apagon-451x300.jpg.webp 451w, https:\/\/www.economiafinanzas.com\/wp-content\/uploads\/2022\/05\/Gran-apagon-420x279.jpg.webp 420w, https:\/\/www.economiafinanzas.com\/wp-content\/uploads\/2022\/05\/Gran-apagon-840x559.jpg.webp 840w, https:\/\/www.economiafinanzas.com\/wp-content\/uploads\/2022\/05\/Gran-apagon-150x100.jpg.webp 150w, https:\/\/www.economiafinanzas.com\/wp-content\/uploads\/2022\/05\/Gran-apagon.jpg.webp 1200w\" sizes=\"(max-width: 300px) 100vw, 300px\"\/><img fetchpriority=\"high\" decoding=\"async\" width=\"300\" height=\"200\" alt=\"Bombilla en el gran Apag\u00f3n\" srcset=\"https:\/\/www.economiafinanzas.com\/wp-content\/uploads\/2022\/05\/Gran-apagon-300x200.jpg 300w, https:\/\/www.economiafinanzas.com\/wp-content\/uploads\/2022\/05\/Gran-apagon-1024x681.jpg 1024w, https:\/\/www.economiafinanzas.com\/wp-content\/uploads\/2022\/05\/Gran-apagon-768x511.jpg 768w, https:\/\/www.economiafinanzas.com\/wp-content\/uploads\/2022\/05\/Gran-apagon-400x266.jpg 400w, https:\/\/www.economiafinanzas.com\/wp-content\/uploads\/2022\/05\/Gran-apagon-451x300.jpg 451w, https:\/\/www.economiafinanzas.com\/wp-content\/uploads\/2022\/05\/Gran-apagon-420x279.jpg 420w, https:\/\/www.economiafinanzas.com\/wp-content\/uploads\/2022\/05\/Gran-apagon-840x559.jpg 840w, https:\/\/www.economiafinanzas.com\/wp-content\/uploads\/2022\/05\/Gran-apagon-150x100.jpg 150w, https:\/\/www.economiafinanzas.com\/wp-content\/uploads\/2022\/05\/Gran-apagon.jpg 1200w\" data-lazy-sizes=\"(max-width: 300px) 100vw, 300px\" src=\"https:\/\/www.economiafinanzas.com\/wp-content\/uploads\/2022\/05\/Gran-apagon-300x200.jpg\"\/><img fetchpriority=\"high\" decoding=\"async\" width=\"300\" height=\"200\" src=\"https:\/\/www.economiafinanzas.com\/wp-content\/uploads\/2022\/05\/Gran-apagon-300x200.jpg\" alt=\"Bombilla en el gran Apag\u00f3n\" srcset=\"https:\/\/www.economiafinanzas.com\/wp-content\/uploads\/2022\/05\/Gran-apagon-300x200.jpg 300w, https:\/\/www.economiafinanzas.com\/wp-content\/uploads\/2022\/05\/Gran-apagon-1024x681.jpg 1024w, https:\/\/www.economiafinanzas.com\/wp-content\/uploads\/2022\/05\/Gran-apagon-768x511.jpg 768w, https:\/\/www.economiafinanzas.com\/wp-content\/uploads\/2022\/05\/Gran-apagon-400x266.jpg 400w, https:\/\/www.economiafinanzas.com\/wp-content\/uploads\/2022\/05\/Gran-apagon-451x300.jpg 451w, https:\/\/www.economiafinanzas.com\/wp-content\/uploads\/2022\/05\/Gran-apagon-420x279.jpg 420w, https:\/\/www.economiafinanzas.com\/wp-content\/uploads\/2022\/05\/Gran-apagon-840x559.jpg 840w, https:\/\/www.economiafinanzas.com\/wp-content\/uploads\/2022\/05\/Gran-apagon-150x100.jpg 150w, https:\/\/www.economiafinanzas.com\/wp-content\/uploads\/2022\/05\/Gran-apagon.jpg 1200w\" sizes=\"(max-width: 300px) 100vw, 300px\"\/>\n<\/picture>\n<div>\n<p>Art\u00edculo relacionado:<\/p>\n<p>C\u00f3mo puede afectar a la econom\u00eda el gran apag\u00f3n<\/p>\n<\/div>\n<\/div>\n<p>M\u00e1s all\u00e1 de las causas exactas, este incidente ha puesto de manifiesto <strong>el reto de combinar la apuesta por energ\u00edas limpias con la obligaci\u00f3n de garantizar un suministro seguro y estable<\/strong>. El avance hacia un sistema 100% renovable continuar\u00e1, pero episodios como este muestran la importancia de fortalecer la red, invertir en soluciones de almacenamiento y ajustar la regulaci\u00f3n para que la integraci\u00f3n de renovables no comprometa la fiabilidad del sistema el\u00e9ctrico espa\u00f1ol.<\/p>\n<p><!-- CONTENT END 1 --><br \/>\n\t\t\n\t\t\t<\/div>\n\n","protected":false},"excerpt":{"rendered":"<p>El reciente apag\u00f3n que dej\u00f3 a oscuras a millones de ciudadanos en la Pen\u00ednsula Ib\u00e9rica ha reavivado el debate sobre el papel de las energ\u00edas renovables en la seguridad del suministro el\u00e9ctrico. Con el incidente del pasado 28 de abril de 2025, Espa\u00f1a y Portugal experimentaron una de sus mayores crisis energ\u00e9ticas, cuyas causas a\u00fan &hellip;<\/p>\n","protected":false},"author":1,"featured_media":25417,"comment_status":"open","ping_status":"open","sticky":false,"template":"","format":"standard","meta":{"fifu_image_url":"https:\/\/www.economiafinanzas.com\/wp-content\/uploads\/2025\/05\/energias-renovables-y-el-apagon-en-Espana-0-scaled.jpg","fifu_image_alt":"","footnotes":""},"categories":[3],"tags":[],"class_list":["post-25415","post","type-post","status-publish","format-standard","has-post-thumbnail","","category-negocio"],"_links":{"self":[{"href":"https:\/\/noticiasveraces.com\/index.php?rest_route=\/wp\/v2\/posts\/25415","targetHints":{"allow":["GET"]}}],"collection":[{"href":"https:\/\/noticiasveraces.com\/index.php?rest_route=\/wp\/v2\/posts"}],"about":[{"href":"https:\/\/noticiasveraces.com\/index.php?rest_route=\/wp\/v2\/types\/post"}],"author":[{"embeddable":true,"href":"https:\/\/noticiasveraces.com\/index.php?rest_route=\/wp\/v2\/users\/1"}],"replies":[{"embeddable":true,"href":"https:\/\/noticiasveraces.com\/index.php?rest_route=%2Fwp%2Fv2%2Fcomments&post=25415"}],"version-history":[{"count":0,"href":"https:\/\/noticiasveraces.com\/index.php?rest_route=\/wp\/v2\/posts\/25415\/revisions"}],"wp:featuredmedia":[{"embeddable":true,"href":"https:\/\/noticiasveraces.com\/index.php?rest_route=\/wp\/v2\/media\/25417"}],"wp:attachment":[{"href":"https:\/\/noticiasveraces.com\/index.php?rest_route=%2Fwp%2Fv2%2Fmedia&parent=25415"}],"wp:term":[{"taxonomy":"category","embeddable":true,"href":"https:\/\/noticiasveraces.com\/index.php?rest_route=%2Fwp%2Fv2%2Fcategories&post=25415"},{"taxonomy":"post_tag","embeddable":true,"href":"https:\/\/noticiasveraces.com\/index.php?rest_route=%2Fwp%2Fv2%2Ftags&post=25415"}],"curies":[{"name":"wp","href":"https:\/\/api.w.org\/{rel}","templated":true}]}}