{"id":25390,"date":"2025-05-01T18:20:13","date_gmt":"2025-05-01T22:20:13","guid":{"rendered":"https:\/\/noticiasveraces.com\/?p=25390"},"modified":"2025-05-01T18:20:13","modified_gmt":"2025-05-01T22:20:13","slug":"situacion-en-gaza-es-una-abominacion-lamenta-la-oms-dw-01-05-2025","status":"publish","type":"post","link":"https:\/\/noticiasveraces.com\/?p=25390","title":{"rendered":"Situaci\u00f3n en Gaza \u00abes una abominaci\u00f3n\u00bb, lamenta la OMS \u2013 DW \u2013 01\/05\/2025"},"content":{"rendered":"<p> \n<\/p>\n<div>\n<p>La situaci\u00f3n en Gaza es \u00abuna abominaci\u00f3n\u00bb, denunci\u00f3 este jueves (01.05.2025) Mike Ryan, director general adjunto de la Organizaci\u00f3n Mundial de la Salud (OMS), quien expres\u00f3 su indignaci\u00f3n ante la inacci\u00f3n para socorrer a la poblaci\u00f3n.<\/p>\n<p>\u00ab\u00bfDebemos preguntarnos cu\u00e1nta sangre es suficiente para satisfacer los objetivos pol\u00edticos de ambos bandos?\u00bb, expres\u00f3 en una rueda de prensa.<\/p>\n<p>\u00abEstamos destrozando el cuerpo y el alma de los ni\u00f1os de Gaza. Estamos matando de hambre a los ni\u00f1os, y si no actuamos, seremos c\u00f3mplices de lo que ocurre ante nuestros ojos\u00bb, insisti\u00f3.<\/p>\n<h2><strong>Bloqueo, tragedia humanitaria y alimentos agotados<\/strong><\/h2>\n<p>El viernes se cumplir\u00e1n dos meses del bloqueo a la entrada de ayuda humanitaria impuesto por el ej\u00e9rcito israel\u00ed sobre la Franja de Gaza, una medida que seg\u00fan las autoridades israel\u00edes busca presionar al movimiento terrorista palestino Ham\u00e1s para que libere a los rehenes secuestrados el 7 de octubre y que a\u00fan mantiene en su poder.<\/p>\n<p>De las 251 personas capturadas ese d\u00eda, 58 siguen retenidas en Gaza, y de estas 34 han muerto, seg\u00fan el ej\u00e9rcito israel\u00ed.<\/p>\n<p>Desde el inicio del bloqueo, la ONU no cesa de alertar sobre la cat\u00e1strofe humanitaria y de salud en el enclave, as\u00ed como del riesgo de hambruna que enfrentan sus 2,4 millones de habitantes.<\/p>\n<p>Adem\u00e1s, el Programa Mundial de Alimentos (PMA) anunci\u00f3 hace pocos d\u00edas que \u00abhab\u00eda agotado todas sus reservas\u00bb\u00a0de alimentos en la Franja de Gaza.<\/p>\n<p>RR (AFP\/Reuters)<\/p>\n<\/div>\n\n","protected":false},"excerpt":{"rendered":"<p>La situaci\u00f3n en Gaza es \u00abuna abominaci\u00f3n\u00bb, denunci\u00f3 este jueves (01.05.2025) Mike Ryan, director general adjunto de la Organizaci\u00f3n Mundial de la Salud (OMS), quien expres\u00f3 su indignaci\u00f3n ante la inacci\u00f3n para socorrer a la poblaci\u00f3n. \u00ab\u00bfDebemos preguntarnos cu\u00e1nta sangre es suficiente para satisfacer los objetivos pol\u00edticos de ambos bandos?\u00bb, expres\u00f3 en una rueda de &hellip;<\/p>\n","protected":false},"author":1,"featured_media":25391,"comment_status":"open","ping_status":"open","sticky":false,"template":"","format":"standard","meta":{"fifu_image_url":"https:\/\/static.dw.com\/image\/72357009_6.jpg","fifu_image_alt":"","footnotes":""},"categories":[13],"tags":[],"class_list":["post-25390","post","type-post","status-publish","format-standard","has-post-thumbnail","","category-mundo"],"_links":{"self":[{"href":"https:\/\/noticiasveraces.com\/index.php?rest_route=\/wp\/v2\/posts\/25390","targetHints":{"allow":["GET"]}}],"collection":[{"href":"https:\/\/noticiasveraces.com\/index.php?rest_route=\/wp\/v2\/posts"}],"about":[{"href":"https:\/\/noticiasveraces.com\/index.php?rest_route=\/wp\/v2\/types\/post"}],"author":[{"embeddable":true,"href":"https:\/\/noticiasveraces.com\/index.php?rest_route=\/wp\/v2\/users\/1"}],"replies":[{"embeddable":true,"href":"https:\/\/noticiasveraces.com\/index.php?rest_route=%2Fwp%2Fv2%2Fcomments&post=25390"}],"version-history":[{"count":0,"href":"https:\/\/noticiasveraces.com\/index.php?rest_route=\/wp\/v2\/posts\/25390\/revisions"}],"wp:featuredmedia":[{"embeddable":true,"href":"https:\/\/noticiasveraces.com\/index.php?rest_route=\/wp\/v2\/media\/25391"}],"wp:attachment":[{"href":"https:\/\/noticiasveraces.com\/index.php?rest_route=%2Fwp%2Fv2%2Fmedia&parent=25390"}],"wp:term":[{"taxonomy":"category","embeddable":true,"href":"https:\/\/noticiasveraces.com\/index.php?rest_route=%2Fwp%2Fv2%2Fcategories&post=25390"},{"taxonomy":"post_tag","embeddable":true,"href":"https:\/\/noticiasveraces.com\/index.php?rest_route=%2Fwp%2Fv2%2Ftags&post=25390"}],"curies":[{"name":"wp","href":"https:\/\/api.w.org\/{rel}","templated":true}]}}