{"id":25385,"date":"2025-05-01T16:31:10","date_gmt":"2025-05-01T20:31:10","guid":{"rendered":"https:\/\/noticiasveraces.com\/?p=25385"},"modified":"2025-05-01T16:31:10","modified_gmt":"2025-05-01T20:31:10","slug":"cesar-farias-junior-arreglo-problema-con-periodista-jose-hugo-illera-luego-de-fuerte-discusion-curiosidades-de-futbol","status":"publish","type":"post","link":"https:\/\/noticiasveraces.com\/?p=25385","title":{"rendered":"C\u00e9sar Far\u00edas [Junior] arregl\u00f3 problema con periodista Jos\u00e9 Hugo Illera luego de fuerte discusi\u00f3n | Curiosidades de f\u00fatbol"},"content":{"rendered":"<p> \n<br \/><img decoding=\"async\" src=\"https:\/\/www.futbolred.com\/files\/article_graphic\/uploads\/2025\/04\/30\/6812adbb00f7f.jpeg\" \/><\/p>\n<div id=\"cuerpoArticulo\">\n<p class=\"texto intro\" id=\"p244061-m457-456-458\">C\u00e9sar Far\u00edas explot\u00f3 con el periodista Jos\u00e9 Hugo Illera, luego de una rueda de prensa en la que el entrenador venezolano habl\u00f3 de la actualidad del Atl\u00e9tico Junior de Barranquilla.<\/p>\n<p>Al final de la charla, Far\u00edas se fue hasta el fondo de la sala de prensa para encarar al reportero de Win Sports y reclamarle porque, en su entender, lo estaba culpando de que no se abra espacio en las pr\u00e1cticas para que ingresen los periodistas.<\/p>\n<p>\u201cJos\u00e9 ya est\u00e1 bueno. T\u00fa a m\u00ed me quieres indisponer delante de la gente. Te exijo respeto como yo te respeto a ti\u201d, comenz\u00f3 Far\u00edas en su reclamo, que fue tomando un tono de discusi\u00f3n muy fuerte, pero que termin\u00f3 sin m\u00e1s novedades.<\/p>\n<p class=\"texto contenido-parrafo-articulo\" id=\"p244061-m481-3-482\">Sin embargo, un par de horas m\u00e1s tarde, de este mismo mi\u00e9rcoles 30 de abril, Far\u00edas e Illera tuvieron una charla privada para limar asperezas y solucionar cualquier tipo de inconveniente.<\/p>\n<p>As\u00ed lo revel\u00f3 el el periodista argentino Juan Jos\u00e9 Buscalia, quien cont\u00f3 c\u00f3mo se solucionaron los problemas entre el DT y el periodista: \u201dAlguien del club hizo el contacto para aclarar la situaci\u00f3n. Tuvieron esa conversaci\u00f3n privada\u201d, confirm\u00f3 en \u2018Blog Deportivo\u2019, de Blu Radio. <\/p>\n<p>\u201cA la prensa de Barranquilla les molesta no tener al alcance a los jugadores, est\u00e1n acostumbrados a tener cierta periodicidad para hablar con ellos; entonces Illera lo responsabiliz\u00f3, o eso sinti\u00f3 Far\u00edas, de esa distancia entre el plantel y los periodistas\u201d, coment\u00f3 Buscalia.<\/p>\n<p>\u201cEso fue lo que reclam\u00f3 Far\u00edas, y \u00e9l reconoce que no est\u00e1 bien\u201d, a\u00f1adi\u00f3 el periodista argentino.<\/p>\n<p>El mismo Jos\u00e9 Hugo Illera confirm\u00f3 en sus redes sociales que charl\u00f3 con Far\u00edas y que \u201cel malentendido ha quedado atr\u00e1s\u201d, pues \u201clo realmente importante es el bien del equipo\u201d.<\/p>\n<div id=\"p244061-m487-4-488\" class=\"\">\n<blockquote class=\"twitter-tweet\">\n<p lang=\"es\" dir=\"ltr\">Con relaci\u00f3n a lo hechos sucedidos hoy con el DT C\u00e9sar Far\u00edas en la RP de Junior, he conversado con \u00e9l y el malentendido ha quedado atr\u00e1s.<\/p>\n<p>Ac\u00e1 lo realmente importante es el bien del equipo!<\/p>\n<p>Agradezco a todos los que han mandado su mensaje de apoyo. <\/p>\n<p>\ud83d\udd34\u26aa\ufe0f\ud83e\udd88<\/p>\n<p>\u2014 JOS\u00c9 HUGO ILLERA (@JOSEHUGOILLERA) <a href=\"https:\/\/twitter.com\/JOSEHUGOILLERA\/status\/1917681738706207004?ref_src=twsrc%5Etfw\">30 de abril de 2025<\/a><\/p><\/blockquote><\/div>\n<\/p><\/div>\n<p><script async src=\"https:\/\/platform.twitter.com\/widgets.js\" charset=\"utf-8\"><\/script><br \/>\n<br \/>\n","protected":false},"excerpt":{"rendered":"<p>C\u00e9sar Far\u00edas explot\u00f3 con el periodista Jos\u00e9 Hugo Illera, luego de una rueda de prensa en la que el entrenador venezolano habl\u00f3 de la actualidad del Atl\u00e9tico Junior de Barranquilla. Al final de la charla, Far\u00edas se fue hasta el fondo de la sala de prensa para encarar al reportero de Win Sports y reclamarle &hellip;<\/p>\n","protected":false},"author":1,"featured_media":25387,"comment_status":"open","ping_status":"open","sticky":false,"template":"","format":"standard","meta":{"fifu_image_url":"https:\/\/www.futbolred.com\/files\/og_thumbnail\/uploads\/2025\/04\/30\/6812adbb00f7f.jpeg","fifu_image_alt":"","footnotes":""},"categories":[6],"tags":[],"class_list":["post-25385","post","type-post","status-publish","format-standard","has-post-thumbnail","","category-deportes"],"_links":{"self":[{"href":"https:\/\/noticiasveraces.com\/index.php?rest_route=\/wp\/v2\/posts\/25385","targetHints":{"allow":["GET"]}}],"collection":[{"href":"https:\/\/noticiasveraces.com\/index.php?rest_route=\/wp\/v2\/posts"}],"about":[{"href":"https:\/\/noticiasveraces.com\/index.php?rest_route=\/wp\/v2\/types\/post"}],"author":[{"embeddable":true,"href":"https:\/\/noticiasveraces.com\/index.php?rest_route=\/wp\/v2\/users\/1"}],"replies":[{"embeddable":true,"href":"https:\/\/noticiasveraces.com\/index.php?rest_route=%2Fwp%2Fv2%2Fcomments&post=25385"}],"version-history":[{"count":0,"href":"https:\/\/noticiasveraces.com\/index.php?rest_route=\/wp\/v2\/posts\/25385\/revisions"}],"wp:featuredmedia":[{"embeddable":true,"href":"https:\/\/noticiasveraces.com\/index.php?rest_route=\/wp\/v2\/media\/25387"}],"wp:attachment":[{"href":"https:\/\/noticiasveraces.com\/index.php?rest_route=%2Fwp%2Fv2%2Fmedia&parent=25385"}],"wp:term":[{"taxonomy":"category","embeddable":true,"href":"https:\/\/noticiasveraces.com\/index.php?rest_route=%2Fwp%2Fv2%2Fcategories&post=25385"},{"taxonomy":"post_tag","embeddable":true,"href":"https:\/\/noticiasveraces.com\/index.php?rest_route=%2Fwp%2Fv2%2Ftags&post=25385"}],"curies":[{"name":"wp","href":"https:\/\/api.w.org\/{rel}","templated":true}]}}