{"id":25377,"date":"2025-05-01T15:58:51","date_gmt":"2025-05-01T19:58:51","guid":{"rendered":"https:\/\/noticiasveraces.com\/?p=25377"},"modified":"2025-05-01T15:58:51","modified_gmt":"2025-05-01T19:58:51","slug":"la-campana-de-deportacion-de-trump-esta-capitalizando-un-sello-clave-la-velocidad","status":"publish","type":"post","link":"https:\/\/noticiasveraces.com\/?p=25377","title":{"rendered":"La campa\u00f1a de deportaci\u00f3n de Trump est\u00e1 capitalizando un sello clave: la velocidad"},"content":{"rendered":"<p> \n<\/p>\n<div>\n<p class=\"body-graf\">Un vuelo de deportaci\u00f3n que transportaba inmigrantes a El Salvador despeg\u00f3 mientras un juez dec\u00eda en el caso. Una madre de dos ciudadanos estadounidenses fue enviado a Honduras sin hablar con nadie m\u00e1s que funcionarios de inmigraci\u00f3n. Los estudiantes universitarios han sido arrestados de repente en las calles de la ciudad y enviados a centros de detenci\u00f3n a cientos de millas de distancia.  <\/p>\n<p class=\"body-graf\">La promesa de la administraci\u00f3n Trump de llevar a cabo la mayor campa\u00f1a de deportaci\u00f3n en la historia de Estados Unidos tiene un sello distintivo distinto y potente: la velocidad. Los funcionarios han seguido r\u00e1pidamente los procedimientos de deportaci\u00f3n para que algunas personas sean removidas sin hablar con un abogado, familiares o sin una audiencia judicial.  <\/p>\n<p class=\"body-graf\">Los esfuerzos de inmigraci\u00f3n de Trump han roto las normas y han inclinado la ley mientras promulga su agenda con fervor vertiginoso, buscando mostrar a sus seguidores que est\u00e1 entregando, incluso cuando el n\u00famero general de deportaciones en febrero se qued\u00f3 atr\u00e1s de la administraci\u00f3n Biden durante el mismo per\u00edodo del a\u00f1o pasado. <\/p>\n<p class=\"body-graf\">\u00abUn tema que atraviesa todas las acciones de inmigraci\u00f3n de la administraci\u00f3n Trump este t\u00e9rmino es su intento de sacar a las personas del pa\u00eds sin el debido proceso ni la supervisi\u00f3n de los tribunales\u00bb, dijo Lee Gelernt, abogado de la Uni\u00f3n Americana de Libertades Civiles, quien ha argumentado algunos de los desaf\u00edos relacionados con la inmigraci\u00f3n m\u00e1s alto en ambos t\u00e9rminos. <\/p>\n<p class=\"body-graf\">El impulso de primer t\u00e9rmino de Trump para remodelar dr\u00e1sticamente el sistema de inmigraci\u00f3n de la naci\u00f3n a menudo fue obstaculizado por los tribunales, desacelerados debido a los funcionarios que lo rodean o deshacidos por una marea de cr\u00edticas p\u00fablicas. El presidente ha sido envalentonado en su segundo mandato, rodeado de leales y gobernando una naci\u00f3n que se ha movido a la derecha en inmigraci\u00f3n.  <\/p>\n<p class=\"body-graf\">\u00abEsta es una presidencia mucho m\u00e1s poderosa que la primera vez\u00bb, dijo Trump a The Atlantic en abril.<strong> <\/strong>\u00abLa primera vez, estaba luchando por la supervivencia y estaba luchando para dirigir el pa\u00eds. Esta vez estoy luchando para ayudar al mundo y ayudar al pa\u00eds\u00bb.<\/p>\n<p class=\"body-graf\">Incluso cuando Trump golpea p\u00fablicamente a los jueces individuales, \u00e9l y sus ayudantes han enfatizado que cumplir\u00e1n con las decisiones judiciales. A\u00fan as\u00ed, los funcionarios de la administraci\u00f3n est\u00e1n probando esa l\u00ednea.  <\/p>\n<p class=\"body-graf\">\u00abNo puedo, no puedo tener un juicio, un juicio importante, por cada persona que lleg\u00f3 ilegalmente\u00bb, dijo Trump esta semana en una entrevista con ABC. <\/p>\n<p class=\"body-graf\">En marzo, despu\u00e9s de que Trump firm\u00f3 una orden ejecutiva que invocaba la Ley de Enemigos Alien, una potencia de guerra rara vez usada, para deportar a los hombres que supuestamente son miembros de una pandilla venezolana, un juez federal durante una audiencia de emergencia ordenada de vuelos de deportaci\u00f3n que se cambiar\u00e1n. <\/p>\n<p class=\"body-graf\">Pero dos planeloads de personas fueron deportadas de todos modos, llevadas a una prisi\u00f3n en El Salvador que tiene una historia de abusos de los derechos humanos. Desde entonces, el juez de distrito estadounidense James Boasberg ha sugerido que las deportaciones parec\u00edan estar dise\u00f1adas para \u00absuperar\u00bb el sistema judicial.  <\/p>\n<figure class=\"styles_inlineImage__FvnTh styles_medium__MEKii\"><picture class=\"styles_image__i32F7\" data-testid=\"picture\"><source media=\"(min-width: 1000px)\" srcset=\"https:\/\/media-cldnry.s-nbcnews.com\/image\/upload\/t_fit-560w,f_avif,q_auto:eco,dpr_2\/rockcms\/2025-04\/250401-el-salvador-prison-mn-0930-370cc8.jpg 2x, https:\/\/media-cldnry.s-nbcnews.com\/image\/upload\/t_fit-560w,f_auto,q_auto:best\/rockcms\/2025-04\/250401-el-salvador-prison-mn-0930-370cc8.jpg 1x\"\/><source media=\"(min-width: 320px)\" srcset=\"https:\/\/media-cldnry.s-nbcnews.com\/image\/upload\/t_fit-760w,f_avif,q_auto:eco,dpr_2\/rockcms\/2025-04\/250401-el-salvador-prison-mn-0930-370cc8.jpg 2x, https:\/\/media-cldnry.s-nbcnews.com\/image\/upload\/t_fit-760w,f_auto,q_auto:best\/rockcms\/2025-04\/250401-el-salvador-prison-mn-0930-370cc8.jpg 1x\"\/><img decoding=\"async\" loading=\"lazy\" src=\"https:\/\/media-cldnry.s-nbcnews.com\/image\/upload\/t_fit-760w,f_auto,q_auto:best\/rockcms\/2025-04\/250401-el-salvador-prison-mn-0930-370cc8.jpg\" alt=\"Los presuntos miembros de la organizaci\u00f3n criminal venezolana Tren de Aragua y de la pandilla salvadora MS-13 ser sometidas a su llegada al Centro de Confinamiento del Terrorismo en la ciudad de Tecoluca, El Salvador, en una imagen publicada el 31 de marzo. \" height=\"1334\" width=\"2000\"\/><\/picture><figcaption class=\"caption styles_caption__TCewG\" data-testid=\"caption\"><span class=\"caption__container\" data-testid=\"caption__container\">Prisioneros en el Centro de Confinamiento del Terrorismo en la ciudad de Tecoluca, El Salvador, en una imagen publicada el 31 de marzo. <\/span><span class=\"caption__source\" data-testid=\"caption__source\">Oficina de prensa de presidencia de El Salvador a trav\u00e9s de AFP &#8211; Getty Images<\/span><\/figcaption><\/figure>\n<p class=\"body-graf\">Un juez federal dictamin\u00f3 el jueves que Trump no pod\u00eda confiar en el acto para detener y eliminar a los migrantes. <\/p>\n<p class=\"body-graf\">Los funcionarios de la Casa Blanca argumentan que los votantes eligieron esta agenda; Los estadounidenses informaron constantemente la reforma migratoria como una prioridad. M\u00e1s de 100 d\u00edas despu\u00e9s de su presidencia, el problema a\u00fan resuena, pero los adultos se dividieron, con un 49% de aprobaci\u00f3n de su manejo de la seguridad fronteriza y la inmigraci\u00f3n y el 51% de desaprobaci\u00f3n, seg\u00fan una encuesta de NBC News Stay, impulsada por SurveyMonkey. <\/p>\n<p class=\"body-graf\">Todav\u00eda hay una acumulaci\u00f3n masiva de casos de inmigraci\u00f3n, aunque las pol\u00edticas de la era de Biden que permitieron a los migrantes permanecer en los Estados Unidos y el trabajo ha sido rescindido y los solicitantes de asilo una vez m\u00e1s deben esperar sus casos a trav\u00e9s de la frontera. <\/p>\n<p class=\"body-graf\">El equipo de Trump est\u00e1 tratando de acelerar los casos de deportaci\u00f3n, por lo que no se empantanan esta vez por las disputas legales.  <\/p>\n<p class=\"body-graf\">\u00abNo vas a obtener una onza de simpat\u00eda de esta administraci\u00f3n o presidente Trump\u00bb, dijo el jueves Stephen Miller, subdirector de personal y \u00e1rbitro de pol\u00edticas de inmigraci\u00f3n.  <\/p>\n<p class=\"body-graf\">La administraci\u00f3n ha argumentado que no est\u00e1 obligado a proporcionar a los inmigrantes el debido proceso durante los procedimientos de arresto y deportaci\u00f3n, citando disposiciones raramente utilizadas, incluida la Ley de Enemigos Alien de 1789, dijo Muzaffar Chishti, director del Instituto de Pol\u00edtica de Migraci\u00f3n de la Facultad de Derecho de la NYU.  <\/p>\n<p class=\"body-graf\">El requisito m\u00ednimo para el debido proceso, seg\u00fan lo definido por los jueces con el tiempo, \u00abes que sabe por lo que se le cobra, tiene la capacidad de presentar el caso contra el cargo y tiene derecho a tener un abogado para eso\u00bb, dijo. <\/p>\n<p class=\"body-graf\">Seg\u00fan esa definici\u00f3n, dijo Chishti, dudaba del debido proceso \u00aben la velocidad con la que est\u00e1n ejecutando estas deportaciones\u00bb.<\/p>\n<p class=\"body-graf\">En una entrevista de enero con NBC News, el zar fronterizo de Trump, Tom Homan, reconoci\u00f3 que los planes de deportaci\u00f3n masiva de la administraci\u00f3n incluir\u00edan \u00abarrestos colaterales\u00bb: inmigrantes sin antecedentes penales que se descubren como agentes de inmigraci\u00f3n y cumplimiento de aduanas de la b\u00fasqueda de objetivos.  <\/p>\n<p class=\"body-graf\">Homan dijo que aquellos con antecedentes penales siguen siendo la prioridad, pero cualquier persona en los Estados Unidos ilegalmente deber\u00eda considerarse un objetivo. Pero algunos de estos casos recientes han involucrado a inmigrantes indocumentados arrestados durante un registro de rutina con funcionarios de inmigraci\u00f3n, una escalada significativa de los esfuerzos de deportaci\u00f3n.  <\/p>\n<figure class=\"styles_inlineImage__FvnTh styles_medium__MEKii\"><picture class=\"styles_image__i32F7\" data-testid=\"picture\"><source media=\"(min-width: 1000px)\" srcset=\"https:\/\/media-cldnry.s-nbcnews.com\/image\/upload\/t_fit-560w,f_avif,q_auto:eco,dpr_2\/rockcms\/2025-04\/250428-ice-protest-mn-1030-d50fe5.jpg 2x, https:\/\/media-cldnry.s-nbcnews.com\/image\/upload\/t_fit-560w,f_auto,q_auto:best\/rockcms\/2025-04\/250428-ice-protest-mn-1030-d50fe5.jpg 1x\"\/><source media=\"(min-width: 320px)\" srcset=\"https:\/\/media-cldnry.s-nbcnews.com\/image\/upload\/t_fit-760w,f_avif,q_auto:eco,dpr_2\/rockcms\/2025-04\/250428-ice-protest-mn-1030-d50fe5.jpg 2x, https:\/\/media-cldnry.s-nbcnews.com\/image\/upload\/t_fit-760w,f_auto,q_auto:best\/rockcms\/2025-04\/250428-ice-protest-mn-1030-d50fe5.jpg 1x\"\/><img decoding=\"async\" loading=\"lazy\" src=\"https:\/\/media-cldnry.s-nbcnews.com\/image\/upload\/t_fit-760w,f_auto,q_auto:best\/rockcms\/2025-04\/250428-ice-protest-mn-1030-d50fe5.jpg\" alt=\"Los manifestantes protestan por la deportaci\u00f3n de inmigrantes a El Salvador fuera de la misi\u00f3n permanente de El Salvador ante las Naciones Unidas el 24 de abril de 2025 en la ciudad de Nueva York. \" height=\"1333\" width=\"2000\"\/><\/picture><figcaption class=\"caption styles_caption__TCewG\" data-testid=\"caption\"><span class=\"caption__container\" data-testid=\"caption__container\">Los manifestantes protestan por la deportaci\u00f3n de inmigrantes a El Salvador fuera de la misi\u00f3n permanente de El Salvador a las Naciones Unidas, en la ciudad de Nueva York, el 24 de abril.<\/span><span class=\"caption__source\" data-testid=\"caption__source\">Michael M. Santiago \/ Getty Images<\/span><\/figcaption><\/figure>\n<p class=\"body-graf\">Seg\u00fan el Departamento de Seguridad Nacional, los oficiales de inmigraci\u00f3n hab\u00edan arrestado a 151,000 inmigrantes indocumentados, mucho m\u00e1s que la administraci\u00f3n Biden durante el mismo per\u00edodo del a\u00f1o pasado. <\/p>\n<p class=\"body-graf\">Pero las deportaciones generales se quedan atr\u00e1s de la de la administraci\u00f3n Biden durante el mismo per\u00edodo del a\u00f1o pasado.  <\/p>\n<p class=\"body-graf\">Funcionarios de Trump dicen que se debe a una ca\u00edda dr\u00e1stica en los cruces fronterizos. Pero buscan mantener la presi\u00f3n de otras maneras: a trav\u00e9s de la descarada y los arrestos de alto perfil. <\/p>\n<p class=\"body-graf\">Y a diferencia de su primer t\u00e9rmino, cuando despu\u00e9s de una condena generalizada, Trump retrocedi\u00f3 la \u00abpol\u00edtica de tolerancia cero\u00bb que separ\u00f3 a las familias que cruzaron la frontera para buscar asilo, no ha habido retroceso, incluso cuando algunos esfuerzos provocaron cr\u00edticas.  <\/p>\n<p class=\"body-graf\">La administraci\u00f3n ha revocado m\u00e1s de 300 visas de estudiantes; Los estudiantes universitarios han sido recogidos, en algunos casos por agentes de inmigraci\u00f3n enmascarados, y retenidos en centros de detenci\u00f3n, a veces a mil millas de sus hogares con poca advertencia y, a menudo, con pocos detalles sobre por qu\u00e9 estaban siendo detenidos. <\/p>\n<p class=\"body-graf\">Y la semana pasada en Louisiana, tres ni\u00f1os ciudadanos estadounidenses de dos familias fueron retirados del pa\u00eds con sus madres en medio de la protesta p\u00fablica. Uno de ellos es un ni\u00f1o de 4 a\u00f1os con c\u00e1ncer en estadio 4 que estaba siendo tratado en los Estados Unidos<\/p>\n<p class=\"body-graf\">Homan dijo el lunes que los funcionarios enviaron a los ni\u00f1os porque las madres solicitaron que se vieran con ellos. \u00abEsta fue una decisi\u00f3n de los padres. Parenting 101. Las madres tomaron esa decisi\u00f3n\u00bb, dijo.  <\/p>\n<p class=\"body-graf\">Sin embargo, Sirine Shebaya, directora ejecutiva del Proyecto Nacional de Inmigraci\u00f3n, que ha estado ayudando en los casos, insisti\u00f3 en que las madres no eligieron que sus hijos se hayan retirado de los Estados Unidos y que no se les diera otras alternativas. Ella dijo que no se les dijo que \u00abhab\u00eda gente en el exterior que dec\u00edan que estaban listos para llevar a sus hijos con ellos\u00bb. <\/p>\n<p class=\"body-graf\">Una de las mujeres que vol\u00f3 con su hija ciudadana estadounidense de 2 a\u00f1os est\u00e1 embarazada. Los abogados dijeron que ten\u00eda una llamada telef\u00f3nica de menos de dos minutos con su esposo de que la inmigraci\u00f3n y la aplicaci\u00f3n de la aduana se cortaron abruptamente, por lo que no pod\u00eda arreglar para que su hijo se quedara en los Estados Unidos que hab\u00eda estado en el pa\u00eds varios a\u00f1os y se registraba con hielo regularmente, dijo Shebaya.  <\/p>\n<p class=\"body-graf\">El segundo fue deportado con su hijo de 4 a\u00f1os que tiene c\u00e1ncer en la etapa 4 y su hija, de 7 a\u00f1os, ambos ciudadanos.  Los abogados dijeron que el ni\u00f1o fue enviado sin acceso a sus medicamentos y tratamiento. La abogada de la mujer dijo que no firm\u00f3 ni escribi\u00f3 nada ni dio su consentimiento a sus hijos que fueron retirados del pa\u00eds con ella. Dijo que no le dieron un tel\u00e9fono para llamar a su abogado o familia.  <\/p>\n<p class=\"body-graf\">Shebaya dijo normalmente que hay tiempo para que las personas a las que se les ordena ser deportadas para que se quede, y es muy inusual cuando los ni\u00f1os est\u00e1n involucrados para no hacer tiempo para que se tomen decisiones sobre los ni\u00f1os. <\/p>\n<p class=\"body-graf\">Pero a ambas mujeres se les orden\u00f3 ser deportadas despu\u00e9s de que no se mostraron para citas de inmigraci\u00f3n, convirti\u00e9ndolas en objetivos para una deportaci\u00f3n m\u00e1s r\u00e1pida.  <\/p>\n<p class=\"body-graf\">La madre con la ni\u00f1a de 2 a\u00f1os perdi\u00f3 su cita porque hab\u00eda sido secuestrada mientras esperaba en M\u00e9xico, dijo Mich P. Gonz\u00e1lez, cofundadora de Santuario del Sur, una cooperativa de inmigraci\u00f3n y derechos civiles LGBTQ, quien la representa. Ella finalmente fue liberada. La segunda mujer, que hab\u00eda sido una menor no acompa\u00f1ada a los 13 a\u00f1os y reclam\u00f3 asilo en la frontera, no recibi\u00f3 el aviso para una audiencia, dijo Gonz\u00e1lez.  <\/p>\n<p class=\"body-graf\">La administraci\u00f3n tambi\u00e9n est\u00e1 aumentando sus llamados a inmigrantes indocumentados para que se vayan voluntariamente, o se arriesgan a ser excluido permanentemente del pa\u00eds si las autoridades de inmigraci\u00f3n los encuentran primero.  <\/p>\n<p class=\"body-graf\">Tricia McLaughlin, portavoz del Departamento de Seguridad Nacional, dijo que la administraci\u00f3n ha dado a los padres en los Estados Unidos ilegalmente la oportunidad de \u00abtomar el control de su proceso de partida con la capacidad potencial de devolver la forma legal, correcta y volver a vivir el sue\u00f1o americano\u00bb. <\/p>\n<p class=\"endmark body-graf\">Linda Rivas, una abogada de inmigraci\u00f3n en El Paso, Texas, resumi\u00f3 la agenda de segundo t\u00e9rmino de esta manera: \u00abLa ley se siente como una sugerencia. Las familias y las comunidades est\u00e1n aterrorizadas de lo que viene\u00bb. <\/p>\n<\/div>\n\n","protected":false},"excerpt":{"rendered":"<p>Un vuelo de deportaci\u00f3n que transportaba inmigrantes a El Salvador despeg\u00f3 mientras un juez dec\u00eda en el caso. Una madre de dos ciudadanos estadounidenses fue enviado a Honduras sin hablar con nadie m\u00e1s que funcionarios de inmigraci\u00f3n. Los estudiantes universitarios han sido arrestados de repente en las calles de la ciudad y enviados a centros &hellip;<\/p>\n","protected":false},"author":1,"featured_media":25379,"comment_status":"open","ping_status":"open","sticky":false,"template":"","format":"standard","meta":{"fifu_image_url":"https:\/\/media-cldnry.s-nbcnews.com\/image\/upload\/t_nbcnews-fp-1200-630,f_auto,q_auto:best\/rockcms\/2025-04\/250415-ICE-agent-aa-124-5e367b.jpg","fifu_image_alt":"","footnotes":""},"categories":[4],"tags":[],"class_list":["post-25377","post","type-post","status-publish","format-standard","has-post-thumbnail","","category-historias-destacadas"],"_links":{"self":[{"href":"https:\/\/noticiasveraces.com\/index.php?rest_route=\/wp\/v2\/posts\/25377","targetHints":{"allow":["GET"]}}],"collection":[{"href":"https:\/\/noticiasveraces.com\/index.php?rest_route=\/wp\/v2\/posts"}],"about":[{"href":"https:\/\/noticiasveraces.com\/index.php?rest_route=\/wp\/v2\/types\/post"}],"author":[{"embeddable":true,"href":"https:\/\/noticiasveraces.com\/index.php?rest_route=\/wp\/v2\/users\/1"}],"replies":[{"embeddable":true,"href":"https:\/\/noticiasveraces.com\/index.php?rest_route=%2Fwp%2Fv2%2Fcomments&post=25377"}],"version-history":[{"count":0,"href":"https:\/\/noticiasveraces.com\/index.php?rest_route=\/wp\/v2\/posts\/25377\/revisions"}],"wp:featuredmedia":[{"embeddable":true,"href":"https:\/\/noticiasveraces.com\/index.php?rest_route=\/wp\/v2\/media\/25379"}],"wp:attachment":[{"href":"https:\/\/noticiasveraces.com\/index.php?rest_route=%2Fwp%2Fv2%2Fmedia&parent=25377"}],"wp:term":[{"taxonomy":"category","embeddable":true,"href":"https:\/\/noticiasveraces.com\/index.php?rest_route=%2Fwp%2Fv2%2Fcategories&post=25377"},{"taxonomy":"post_tag","embeddable":true,"href":"https:\/\/noticiasveraces.com\/index.php?rest_route=%2Fwp%2Fv2%2Ftags&post=25377"}],"curies":[{"name":"wp","href":"https:\/\/api.w.org\/{rel}","templated":true}]}}