{"id":25363,"date":"2025-05-01T14:58:01","date_gmt":"2025-05-01T18:58:01","guid":{"rendered":"https:\/\/noticiasveraces.com\/?p=25363"},"modified":"2025-05-01T14:58:01","modified_gmt":"2025-05-01T18:58:01","slug":"andrea-bocelli-sang-ave-maria-para-el-papa-juan-pablo-ii-solo-unas-horas-despues-de-la-muerte-del-padre-musica-entretenimiento","status":"publish","type":"post","link":"https:\/\/noticiasveraces.com\/?p=25363","title":{"rendered":"Andrea Bocelli Sang Ave Maria para el Papa Juan Pablo II solo unas horas despu\u00e9s de la muerte del padre | M\u00fasica | Entretenimiento"},"content":{"rendered":"<p> \n<\/p>\n<div>\n<p>Andrea Bocelli ha actuado en vivo durante los \u00faltimos tres papas, incluido el Papa Juan Pablo II, quien muri\u00f3 en 2005.<\/p>\n<p>Hoy se cumple el 25 aniversario del tenor italiano que canta para el jefe de la Iglesia Cat\u00f3lica Romana el 1 de mayo de 2000.<\/p>\n<p>El evento fue un gran espect\u00e1culo al aire libre en Roma llamado el Gran Concierto de Jubileo para un mundo libre de deudas, sol\u00eda beneficiar a los pa\u00edses m\u00e1s pobres del mundo y atraer a medio mill\u00f3n de fan\u00e1ticos.<\/p>\n<p>Lou Reed y Eurythmics actuaron en el programa junto a Bocelli, quien cant\u00f3 Ave Maria y otros himnos religiosos solo unas horas despu\u00e9s de la muerte repentina de su padre, Alessandro Bocelli.<\/p>\n<p>Despu\u00e9s de haber sido trasladado especialmente desde el Hospital Pisa, el tenor italiano tambi\u00e9n se acerc\u00f3 al pont\u00edfice para besar su anillo.<\/p>\n<\/div>\n\n","protected":false},"excerpt":{"rendered":"<p>Andrea Bocelli ha actuado en vivo durante los \u00faltimos tres papas, incluido el Papa Juan Pablo II, quien muri\u00f3 en 2005. Hoy se cumple el 25 aniversario del tenor italiano que canta para el jefe de la Iglesia Cat\u00f3lica Romana el 1 de mayo de 2000. El evento fue un gran espect\u00e1culo al aire libre &hellip;<\/p>\n","protected":false},"author":1,"featured_media":25364,"comment_status":"open","ping_status":"open","sticky":false,"template":"","format":"standard","meta":{"fifu_image_url":"https:\/\/cdn.images.express.co.uk\/img\/dynamic\/35\/1200x630\/6133229.jpg","fifu_image_alt":"","footnotes":""},"categories":[766],"tags":[],"class_list":["post-25363","post","type-post","status-publish","format-standard","has-post-thumbnail","","category-musica"],"_links":{"self":[{"href":"https:\/\/noticiasveraces.com\/index.php?rest_route=\/wp\/v2\/posts\/25363","targetHints":{"allow":["GET"]}}],"collection":[{"href":"https:\/\/noticiasveraces.com\/index.php?rest_route=\/wp\/v2\/posts"}],"about":[{"href":"https:\/\/noticiasveraces.com\/index.php?rest_route=\/wp\/v2\/types\/post"}],"author":[{"embeddable":true,"href":"https:\/\/noticiasveraces.com\/index.php?rest_route=\/wp\/v2\/users\/1"}],"replies":[{"embeddable":true,"href":"https:\/\/noticiasveraces.com\/index.php?rest_route=%2Fwp%2Fv2%2Fcomments&post=25363"}],"version-history":[{"count":0,"href":"https:\/\/noticiasveraces.com\/index.php?rest_route=\/wp\/v2\/posts\/25363\/revisions"}],"wp:featuredmedia":[{"embeddable":true,"href":"https:\/\/noticiasveraces.com\/index.php?rest_route=\/wp\/v2\/media\/25364"}],"wp:attachment":[{"href":"https:\/\/noticiasveraces.com\/index.php?rest_route=%2Fwp%2Fv2%2Fmedia&parent=25363"}],"wp:term":[{"taxonomy":"category","embeddable":true,"href":"https:\/\/noticiasveraces.com\/index.php?rest_route=%2Fwp%2Fv2%2Fcategories&post=25363"},{"taxonomy":"post_tag","embeddable":true,"href":"https:\/\/noticiasveraces.com\/index.php?rest_route=%2Fwp%2Fv2%2Ftags&post=25363"}],"curies":[{"name":"wp","href":"https:\/\/api.w.org\/{rel}","templated":true}]}}