{"id":25355,"date":"2025-05-01T14:20:18","date_gmt":"2025-05-01T18:20:18","guid":{"rendered":"https:\/\/noticiasveraces.com\/?p=25355"},"modified":"2025-05-01T14:20:18","modified_gmt":"2025-05-01T18:20:18","slug":"la-persecucion-del-oso-avanza-en-europa-rumania-solicita-a-la-ue-su-desproteccion-clima-y-medio-ambiente","status":"publish","type":"post","link":"https:\/\/noticiasveraces.com\/?p=25355","title":{"rendered":"La persecuci\u00f3n del oso avanza en Europa: Rumania solicita a la UE su desprotecci\u00f3n | Clima y Medio Ambiente"},"content":{"rendered":"<p> \n<br \/><img decoding=\"async\" src=\"https:\/\/imagenes.elpais.com\/resizer\/v2\/335QWH34CBFQJDQGKNHANKCWQU.jpg?auth=39b4a0cfa380d6763cf6767daa4b50aee302cc87a8ee6c06546220cb02f30f55\" \/><\/p>\n<div data-dtm-region=\"articulo_cuerpo\">\n<p class=\"\">Las autoridades rumanas han iniciado el proceso para desproteger el oso pardo y estudian aumentar la caza de esta especie en respuesta al aumento de ataques a personas. Entre 2024 y 2025 la ley rumana permite matar a 46 plant\u00edgrados, pero este pa\u00eds sigue los pasos de Eslovaquia, que a principios de abril dio el visto bueno para abatir hasta 350 ejemplares, un n\u00famero similar al total de osos que hay en Espa\u00f1a, unos 370 entre la cornisa Cant\u00e1brica y los Pirineos. <\/p>\n<p class=\"\">Un estudio reciente del Instituto de Investigaci\u00f3n y Desarrollo Forestal de Rumania, basado en un an\u00e1lisis en 25 de los 41 condados del pa\u00eds, estima que existen entre 10.419 y 12.770 osos pardos. Esta cifra es mucho mayor de los 4.000 que el Ministerio de Medio Ambiente considera como n\u00famero ideal y de los 8.000 que estimaban las organizaciones ecologistas y las asociaciones de cazadores. Y esto unido al aumento de encontronazos con humanos desde hace un lustro ha empujado al Gobierno a abrir el debate para eliminar su protecci\u00f3n y emprender actuaciones como colocar cercas el\u00e9ctricas que los ahuyenten de las \u00e1reas urbanas.<\/p>\n<p class=\"\">\u201cEl oso debe ser eliminado de la lista de especies estrictamente protegidas en Rumania y nada nos impide tomar medidas para proteger a la poblaci\u00f3n siempre que la situaci\u00f3n lo requiera, porque la vida humana tiene prioridad\u201d, afirm\u00f3 el ministro de Medio Ambiente, Aguas y Bosques, Mircea Fechet, hace unos d\u00edas.<\/p>\n<p class=\"\">El responsable de la cartera medioambiental admiti\u00f3 que el tr\u00e1mite ya ha sido solicitado ante la Uni\u00f3n Europea. \u201cYa se ha iniciado la exenci\u00f3n del oso pardo de la lista de especies estrictamente protegidas, seg\u00fan lo definido por la Directiva europea sobre h\u00e1bitats, algo que se ha llevado a buen puerto para el lobo, tras un consenso a nivel del Parlamento Europeo, el Consejo y la Comisi\u00f3n Europea\u201d, asever\u00f3 el ministro, que defendi\u00f3 el nuevo censo no como un resultado estad\u00edstico sino como un punto de inflexi\u00f3n en la gesti\u00f3n de esta especie. <\/p>\n<p class=\"\">Fechet expres\u00f3 su preocupaci\u00f3n por el creciente conflicto que existe entre los osos pardos y los humanos. Este aumento lo achacan a la presi\u00f3n urban\u00edstica, la p\u00e9rdida de su h\u00e1bitat natural y la escasez de alimento, que ha conllevado que los plant\u00edgrados bajen, incluso madres con sus oseznos, para encontrar comida en contenedores de basura. Seg\u00fan datos oficiales, veintis\u00e9is personas murieron entre 2004 y 2024 al ser atacadas por estos animales, mientras que 274 resultaron heridas. <\/p>\n<p class=\"\">Para contrarrestar estos ataques, el Ejecutivo ha abierto un debate p\u00fablico sobre un proyecto que simplificar\u00e1 la intervenci\u00f3n de las autoridades cuando un oso pardo entre en una localidad. En concreto, se dejar\u00eda v\u00eda libre para matar al animal r\u00e1pidamente si existe un peligro inminente para la seguridad de las personas. \u201cNuestra propuesta pasa por dejar al alcalde la libertad de decidir, dependiendo del riesgo m\u00e1s alto o m\u00e1s bajo que \u00e9l aprecie sobre el terreno\u201d, explic\u00f3 Fechet. <\/p>\n<p class=\"\">En la actualidad, las autoridades locales deben alejar al oso de la zona urbana; luego, reubicarlo y, si contin\u00faa con un comportamiento peligroso, abatirlo. <\/p>\n<p class=\"\">\u201cHemos transmitido a Bruselas en numerosas ocasiones que la vida humana tiene prioridad tanto en Rumania como en cualquier otro Estado miembro de la UE\u201d, incidi\u00f3 el ministro, consciente de que necesita el permiso del bloque comunitario. \u201cNadie puede prohibirnos defendernos cuando existe el riesgo de que una persona sea gravemente herida o incluso asesinada por un oso cuando se encuentra enfrente de su casa o en la calle, no necesariamente en el bosque\u201d, insisti\u00f3. <\/p>\n<p class=\"\">Tambi\u00e9n se\u00f1al\u00f3 que adoptar este decreto podr\u00eda acarrear un procedimiento de infracci\u00f3n por parte de la UE. Su ministerio ya ha anunciado algunas de las medidas que implementar\u00e1n como las cercas el\u00e9ctricas en zonas consideradas de riesgo, la formaci\u00f3n para tomar muestras gen\u00e9ticas y la modernizaci\u00f3n de los equipos de intervenci\u00f3n. Por ahora, las poblaciones en el centro del pa\u00eds reciben alertas en sus tel\u00e9fonos m\u00f3viles sobre la presencia de animales, ya sea en bosques o en n\u00facleos urbanos.<\/p>\n<p class=\"\">Seg\u00fan Ovidiu Ionescu, profesor de la Facultad de Silvicultura y Explotaci\u00f3n Forestal de la Universidad de Transilvania de Brasov, solo el 29% de la superficie del pa\u00eds est\u00e1 cubierta por bosques. \u201cEsta \u00e1rea tiene un \u00f3ptimo ecol\u00f3gico, econ\u00f3mico y social para unos 4.000 osos\u201d, afirma el experto, pero recalc\u00f3 que parte de este territorio es un h\u00e1bitat adaptado a la agricultura, una \u201cfuente de alimentos\u201d tambi\u00e9n para los animales. <\/p>\n<p class=\"\">\u201cNumerosos osos con oseznos llegan a zonas agr\u00edcolas e, incluso, a localidades, expulsados de los bosques por los machos\u201d, remarca. \u201cMatan a los cachorros para aparearse con ellas. Tambi\u00e9n es un m\u00e9todo de autorregulaci\u00f3n de su poblaci\u00f3n. Las hembras se marchan y se acercan a \u00e1reas agr\u00edcolas para proteger a las cr\u00edas y evitar espacios con mucha densidad de machos alfa\u201d, detalla Ionescu.<\/p>\n<p class=\"\">Rumania, que tiene la mayor poblaci\u00f3n de osos pardos en Europa despu\u00e9s de Rusia, duplic\u00f3 su cuota de sacrificio de esta especie el a\u00f1o pasado, a trav\u00e9s de una directiva europea, tras la muerte de una chica de 19 a\u00f1os en una popular ruta tur\u00edstica en Transilvania, donde fue atacada de repente por un ejemplar agresivo. La agresi\u00f3n m\u00e1s reciente la sufri\u00f3 a finales de marzo un agente forestal de 51 a\u00f1os, cuando regresaba a su casa en el municipio de Predeal, un peque\u00f1o pueblo incrustado en el coraz\u00f3n de los C\u00e1rpatos. Estuvo en estado cr\u00edtico y el oso acab\u00f3 abatido por las autoridades, lo que provoc\u00f3 protestas y mensajes de odio contra el servicio de monta\u00f1a de la zona al que pertenec\u00eda el agredido.<\/p>\n<p class=\"\">Entre febrero de 2024 y marzo de 2025, los operadores de emergencias recibieron 5.553 llamadas en el 112 por la presencia de un oso, de acuerdo el Servicio Especial de Telecomunicaciones para Europa Libre, y las llamadas van en aumento, advierte.<\/p>\n<p class=\"\">Las organizaciones defensoras de los animales opinan que la caza no solucionar\u00e1 la situaci\u00f3n \u201cporque se seguir\u00e1n buscando grandes ejemplares como trofeos\u201d, recalca Cristian-Remus Papp, coordinador de WWF Rumania. Desvela que el 55% de los 381 osos que fueron cazados el a\u00f1o pasado terminaron como premios de caza y cree que se deben talar todos los \u00e1rboles con frutos en zonas p\u00fablicas. \u201cParece una medida extrema, pero ayuda mucho como se ha comprobado en una peque\u00f1a aldea\u201d, sostiene Baile Tusnad. Adem\u00e1s, el Ayuntamiento ha actuado sobre el espacio verde de manera que el oso no puede permanecer escondido. <\/p>\n<p class=\"\">\u201cLa reducci\u00f3n del n\u00famero de incidentes con osos en esa localidad ha contribuido al traslado de los individuos problem\u00e1ticos; se capturaron y monitorearon con collares GPS, y los datos fueron transmitidos a los miembros del equipo de intervenci\u00f3n\u201d, dice Papp. A ello se a\u00f1ade que la tecnolog\u00eda de vallas virtuales permite detectar a los osos monitoreados y enviar autom\u00e1ticamente la ubicaci\u00f3n a los miembros del equipo de intervenci\u00f3n. \u201cAs\u00ed la comunidad local ni siquiera sabe que hay un oso en la zona\u201d, concreta. <\/p>\n<p class=\"\">Sin embargo, alerta de un fen\u00f3meno que va en aumento: las agencias de viajes que captan turistas que desean sacarse una foto mientras les ofrecen comida. \u201cSe deber\u00eda multar tambi\u00e9n a los que alimenten a los osos\u201d, zanja Papp.<\/p>\n<\/div>\n\n","protected":false},"excerpt":{"rendered":"<p>Las autoridades rumanas han iniciado el proceso para desproteger el oso pardo y estudian aumentar la caza de esta especie en respuesta al aumento de ataques a personas. Entre 2024 y 2025 la ley rumana permite matar a 46 plant\u00edgrados, pero este pa\u00eds sigue los pasos de Eslovaquia, que a principios de abril dio el &hellip;<\/p>\n","protected":false},"author":1,"featured_media":25357,"comment_status":"open","ping_status":"open","sticky":false,"template":"","format":"standard","meta":{"fifu_image_url":"https:\/\/imagenes.elpais.com\/resizer\/v2\/335QWH34CBFQJDQGKNHANKCWQU.jpg?auth=39b4a0cfa380d6763cf6767daa4b50aee302cc87a8ee6c06546220cb02f30f55&width=1200","fifu_image_alt":"","footnotes":""},"categories":[11],"tags":[],"class_list":["post-25355","post","type-post","status-publish","format-standard","has-post-thumbnail","","category-viaje"],"_links":{"self":[{"href":"https:\/\/noticiasveraces.com\/index.php?rest_route=\/wp\/v2\/posts\/25355","targetHints":{"allow":["GET"]}}],"collection":[{"href":"https:\/\/noticiasveraces.com\/index.php?rest_route=\/wp\/v2\/posts"}],"about":[{"href":"https:\/\/noticiasveraces.com\/index.php?rest_route=\/wp\/v2\/types\/post"}],"author":[{"embeddable":true,"href":"https:\/\/noticiasveraces.com\/index.php?rest_route=\/wp\/v2\/users\/1"}],"replies":[{"embeddable":true,"href":"https:\/\/noticiasveraces.com\/index.php?rest_route=%2Fwp%2Fv2%2Fcomments&post=25355"}],"version-history":[{"count":0,"href":"https:\/\/noticiasveraces.com\/index.php?rest_route=\/wp\/v2\/posts\/25355\/revisions"}],"wp:featuredmedia":[{"embeddable":true,"href":"https:\/\/noticiasveraces.com\/index.php?rest_route=\/wp\/v2\/media\/25357"}],"wp:attachment":[{"href":"https:\/\/noticiasveraces.com\/index.php?rest_route=%2Fwp%2Fv2%2Fmedia&parent=25355"}],"wp:term":[{"taxonomy":"category","embeddable":true,"href":"https:\/\/noticiasveraces.com\/index.php?rest_route=%2Fwp%2Fv2%2Fcategories&post=25355"},{"taxonomy":"post_tag","embeddable":true,"href":"https:\/\/noticiasveraces.com\/index.php?rest_route=%2Fwp%2Fv2%2Ftags&post=25355"}],"curies":[{"name":"wp","href":"https:\/\/api.w.org\/{rel}","templated":true}]}}