{"id":25349,"date":"2025-05-01T12:11:07","date_gmt":"2025-05-01T16:11:07","guid":{"rendered":"https:\/\/noticiasveraces.com\/?p=25349"},"modified":"2025-05-01T12:11:07","modified_gmt":"2025-05-01T16:11:07","slug":"paramilitares-atacan-palacio-presidencial-de-sudan-dw-01-05-2025","status":"publish","type":"post","link":"https:\/\/noticiasveraces.com\/?p=25349","title":{"rendered":"Paramilitares atacan palacio presidencial de Sud\u00e1n \u2013 DW \u2013 01\/05\/2025"},"content":{"rendered":"<p> \n<\/p>\n<div>\n<p>El grupo paramilitar Fuerzas de Apoyo R\u00e1pido (FAR), que se enfrenta al Ej\u00e9rcito regular de Sud\u00e1n en una cruenta guerra, atac\u00f3 este jueves (01.05.2025) el Palacio Presidencial de Jartum con \u00abartiller\u00eda pesada\u00bb, sin que hasta el momento se hayan reportado v\u00edctimas, en un repunte de ataques contra la capital de Sud\u00e1n recuperada por el Ej\u00e9rcito a finales de marzo.<\/p>\n<p>Fuentes militares informaron que los paramilitares lanzaron su ataque desde la zona de Salha, en el extremo sur de la ciudad de Omdurm\u00e1n, vecina de Jartum y uno de los \u00faltimos bastiones de las FAR en el \u00e1rea metropolitana de la capital. Los proyectiles impactaron contra la sede del Ministerio de Minerales y causaron da\u00f1os en el edificio. El pasado s\u00e1bado, el cuartel general del Ej\u00e9rcito hab\u00eda sido blanco de ataques similares.<\/p>\n<p>Asimismo, las FAR intensificaron sus ataques contra posiciones del Ej\u00e9rcito en diversos puntos de Sud\u00e1n, como en el estado meridional de Nilo Blanco, donde atacaron el cuartel general de la 18\u00aa divisi\u00f3n de las Fuerzas Armadas Sudanesas. Tambi\u00e9n asaltaron con m\u00e1s de 300 veh\u00edculos armados la ciudad de Nahud, la nueva capital administrativa del estado de Kordof\u00e1n Occidental y fronteriza con la vasta regi\u00f3n de Darfur, el principal basti\u00f3n de las FAR en todo el pa\u00eds.<\/p>\n<h2>Cat\u00e1strofe humanitaria<\/h2>\n<p>De acuerdo con el Ej\u00e9rcito sudan\u00e9s, sus soldados y tropas aliadas lograron repeler el ataque, aunque los combates todav\u00eda contin\u00faan. En octubre de 2023, las FAR tomaron el control de la capital de Kordof\u00e1n Occidental, Al Fula, por lo que el Gobierno traslad\u00f3 sus operaciones a Nahud, la segunda ciudad m\u00e1s grande del estado y un importante centro para el comercio de ganado, cacahuates y goma ar\u00e1biga.<\/p>\n<p>En la castigada regi\u00f3n de Darfur, al menos cuatro civiles murieron y otros nueve resultaron heridos en un ataque de artiller\u00eda de las FAR contra Al Fasher, el \u00faltimo basti\u00f3n del Ej\u00e9rcito sudan\u00e9s en esta zona.<\/p>\n<p>La guerra en Sud\u00e1n estall\u00f3 el 15 de abril de 2023 y, desde entonces, decenas de miles de personas han muerto y otras m\u00e1s de 12,5 millones han sido obligadas a abandonar sus hogares, lo que ha convertido al pa\u00eds en el escenario de la peor crisis de desplazados del planeta, seg\u00fan Naciones Unidas.<\/p>\n<p>DZC (EFE, AFP)<\/p>\n<\/div>\n\n","protected":false},"excerpt":{"rendered":"<p>El grupo paramilitar Fuerzas de Apoyo R\u00e1pido (FAR), que se enfrenta al Ej\u00e9rcito regular de Sud\u00e1n en una cruenta guerra, atac\u00f3 este jueves (01.05.2025) el Palacio Presidencial de Jartum con \u00abartiller\u00eda pesada\u00bb, sin que hasta el momento se hayan reportado v\u00edctimas, en un repunte de ataques contra la capital de Sud\u00e1n recuperada por el Ej\u00e9rcito &hellip;<\/p>\n","protected":false},"author":1,"featured_media":25350,"comment_status":"open","ping_status":"open","sticky":false,"template":"","format":"standard","meta":{"fifu_image_url":"https:\/\/static.dw.com\/image\/72044205_6.jpg","fifu_image_alt":"","footnotes":""},"categories":[13],"tags":[],"class_list":["post-25349","post","type-post","status-publish","format-standard","has-post-thumbnail","","category-mundo"],"_links":{"self":[{"href":"https:\/\/noticiasveraces.com\/index.php?rest_route=\/wp\/v2\/posts\/25349","targetHints":{"allow":["GET"]}}],"collection":[{"href":"https:\/\/noticiasveraces.com\/index.php?rest_route=\/wp\/v2\/posts"}],"about":[{"href":"https:\/\/noticiasveraces.com\/index.php?rest_route=\/wp\/v2\/types\/post"}],"author":[{"embeddable":true,"href":"https:\/\/noticiasveraces.com\/index.php?rest_route=\/wp\/v2\/users\/1"}],"replies":[{"embeddable":true,"href":"https:\/\/noticiasveraces.com\/index.php?rest_route=%2Fwp%2Fv2%2Fcomments&post=25349"}],"version-history":[{"count":0,"href":"https:\/\/noticiasveraces.com\/index.php?rest_route=\/wp\/v2\/posts\/25349\/revisions"}],"wp:featuredmedia":[{"embeddable":true,"href":"https:\/\/noticiasveraces.com\/index.php?rest_route=\/wp\/v2\/media\/25350"}],"wp:attachment":[{"href":"https:\/\/noticiasveraces.com\/index.php?rest_route=%2Fwp%2Fv2%2Fmedia&parent=25349"}],"wp:term":[{"taxonomy":"category","embeddable":true,"href":"https:\/\/noticiasveraces.com\/index.php?rest_route=%2Fwp%2Fv2%2Fcategories&post=25349"},{"taxonomy":"post_tag","embeddable":true,"href":"https:\/\/noticiasveraces.com\/index.php?rest_route=%2Fwp%2Fv2%2Ftags&post=25349"}],"curies":[{"name":"wp","href":"https:\/\/api.w.org\/{rel}","templated":true}]}}