{"id":25346,"date":"2025-05-01T11:09:23","date_gmt":"2025-05-01T15:09:23","guid":{"rendered":"https:\/\/noticiasveraces.com\/?p=25346"},"modified":"2025-05-01T11:09:23","modified_gmt":"2025-05-01T15:09:23","slug":"el-ministro-de-relaciones-exteriores-de-estonia-advierte-a-rusia-se-dirige-a-los-estados-unidos-en-la-guerra-de-ucrania","status":"publish","type":"post","link":"https:\/\/noticiasveraces.com\/?p=25346","title":{"rendered":"El ministro de Relaciones Exteriores de Estonia advierte a Rusia se dirige a los Estados Unidos en la guerra de Ucrania"},"content":{"rendered":"<p> \n<\/p>\n<div>\n<p class=\"speakable\">El principal diplom\u00e1tico de Estonia cree que la guerra de Rusia en Ucrania va mucho m\u00e1s all\u00e1 de la primera l\u00ednea.<\/p>\n<p class=\"speakable\">\u00abNo se trata de Europa. Creo que para Putin y para Rusia, Estados Unidos es el principal enemigo, como hist\u00f3ricamente\u00bb, dijo el ministro de Relaciones Exteriores, Margus Tsahkna, a Fox News en una entrevista exclusiva en la capital de Estonia, Tallin. <\/p>\n<p>\u00abTiene un plan para restaurar el imperio sovi\u00e9tico, y esto es exactamente lo que est\u00e1 haciendo. Ucrania es solo un ejemplo\u00bb, agreg\u00f3. <\/p>\n<p>Hace nueve a\u00f1os, Tsahkna, que se desempe\u00f1\u00f3 como el Ministro de Defensa de Estonia, observ\u00f3 que 120,000 soldados rusos se enfrentaron justo al otro lado de la frontera, listos para invadir su pa\u00eds en solo 48 horas. <\/p>\n<p><strong>Advertencia a los negociadores nucleares de Trump sobre la versi\u00f3n enga\u00f1osa de Ir\u00e1n del &#8216;arte del acuerdo&#8217;<\/strong><\/p>\n<div class=\"image-ct inline\">\n<div class=\"m\"><picture><source media=\"(max-width: 767px)\" srcset=\"https:\/\/a57.foxnews.com\/static.foxnews.com\/foxnews.com\/content\/uploads\/2025\/05\/343\/192\/russian-soldiers.jpg?ve=1&amp;tl=1, https:\/\/a57.foxnews.com\/static.foxnews.com\/foxnews.com\/content\/uploads\/2025\/05\/686\/384\/russian-soldiers.jpg?ve=1&amp;tl=1 2x\" height=\"192\" width=\"343\"><source media=\"(min-width: 768px) and (max-width: 1023px)\" srcset=\"https:\/\/a57.foxnews.com\/static.foxnews.com\/foxnews.com\/content\/uploads\/2025\/05\/672\/378\/russian-soldiers.jpg?ve=1&amp;tl=1, https:\/\/a57.foxnews.com\/static.foxnews.com\/foxnews.com\/content\/uploads\/2025\/05\/1344\/756\/russian-soldiers.jpg?ve=1&amp;tl=1 2x\" height=\"378\" width=\"672\"><source media=\"(min-width: 1024px) and (max-width: 1279px)\" srcset=\"https:\/\/a57.foxnews.com\/static.foxnews.com\/foxnews.com\/content\/uploads\/2025\/05\/931\/523\/russian-soldiers.jpg?ve=1&amp;tl=1, https:\/\/a57.foxnews.com\/static.foxnews.com\/foxnews.com\/content\/uploads\/2025\/05\/1862\/1046\/russian-soldiers.jpg?ve=1&amp;tl=1 2x\" height=\"523\" width=\"931\"><source media=\"(min-width: 1280px)\" srcset=\"https:\/\/a57.foxnews.com\/static.foxnews.com\/foxnews.com\/content\/uploads\/2025\/05\/720\/405\/russian-soldiers.jpg?ve=1&amp;tl=1, https:\/\/a57.foxnews.com\/static.foxnews.com\/foxnews.com\/content\/uploads\/2025\/05\/1440\/810\/russian-soldiers.jpg?ve=1&amp;tl=1 2x\" height=\"405\" width=\"720\"><img loading=\"lazy\" decoding=\"async\" src=\"https:\/\/a57.foxnews.com\/static.foxnews.com\/foxnews.com\/content\/uploads\/2025\/05\/1200\/675\/russian-soldiers.jpg?ve=1&amp;tl=1\" alt=\"Soldados rusos alineados\" width=\"1200\" height=\"675\"\/><\/source><\/source><\/source><\/source><\/picture><\/div>\n<div class=\"info\">\n<div class=\"caption\">\n<p><span>Los soldados rusos viajan en un cami\u00f3n durante un ensayo para el desfile militar del D\u00eda de la Victoria en San Petersburgo, el mi\u00e9rcoles 30 de abril de 2025.<\/span> <span>(AP Photo\/Dmitri Lovetsky)<\/span><\/p>\n<\/div>\n<\/div>\n<\/div>\n<p>\u00abAhora estas tropas se han ido. Fueron enviados a Ucrania y est\u00e1n literalmente muertos\u00bb, habl\u00f3 Tsahkna desde el Ministerio de Relaciones Exteriores el mi\u00e9rcoles, donde ahora se desempe\u00f1a como el principal diplom\u00e1tico de Estonia. <\/p>\n<p>\u00abEn este momento, no espero ning\u00fan tipo de agresi\u00f3n militar a gran escala contra la OTAN porque Rusia se est\u00e1 quedando sin poder en Ucrania, para ser honesto\u00bb, agreg\u00f3 Tsahkna. \u00abEcon\u00f3micamente, son muy d\u00e9biles, pero por supuesto, vemos que Rusia se est\u00e1 preparando nuevamente\u00bb. <\/p>\n<p>Estonia no se est\u00e1 arriesgando.<\/p>\n<p>Para evitar cualquier posible invasi\u00f3n en el flanco oriental de la OTAN, Estonia anunci\u00f3 recientemente que gastar\u00eda m\u00e1s del 5% de su PIB en defensa el pr\u00f3ximo a\u00f1o, un gol que el presidente Donald Trump solicit\u00f3 a todos los pa\u00edses de la OTAN. <\/p>\n<p><strong>Europa aumenta para financiar su propia defensa, proporcionar seguridad a Ucrania despu\u00e9s de las amenazas de Trump<\/strong><\/p>\n<p>El mi\u00e9rcoles, Estonia dio la bienvenida oficial a la llegada de seis sistemas de cohetes guiados por sat\u00e9lites himares realizados en los Estados Unidos. Es un arma que se ha utilizado en Ucrania de manera efectiva, destruyendo objetivos de hasta 186 millas de distancia. <\/p>\n<p>\u00abHemos creado, como estonios, la regla de que si Estados Unidos est\u00e1 invirtiendo $ 1, estamos agregando $ 10 adem\u00e1s de eso. Y todo esto se remonta a [sic] Vuelve a la econom\u00eda de los Estados Unidos y estamos obteniendo las capacidades \u00ab, dijo Tsahkna. <\/p>\n<p>En las \u00faltimas semanas, Estonia, Letonia, Lituania, Finlandia y Polonia anunciaron que se retirar\u00edan de la Convenci\u00f3n de Ottawa, que proh\u00edbe el uso de minas terrestres antipersonal. Rusia, que no es parte del tratado, ha desplegado minas en el 20% de Ucrania que ahora ocupa. <\/p>\n<p>Estonia es un peque\u00f1o pa\u00eds de 1.3 millones de personas ubicadas en Europa del Este, con un \u00e1rea aproximadamente el doble del tama\u00f1o de Nueva Jersey, comparte una frontera de 214 millas con Rusia.<\/p>\n<div class=\"image-ct inline\">\n<div class=\"m\"><picture><source media=\"(max-width: 767px)\" srcset=\"https:\/\/a57.foxnews.com\/static.foxnews.com\/foxnews.com\/content\/uploads\/2025\/05\/343\/192\/estonia-fm.jpg?ve=1&amp;tl=1, https:\/\/a57.foxnews.com\/static.foxnews.com\/foxnews.com\/content\/uploads\/2025\/05\/686\/384\/estonia-fm.jpg?ve=1&amp;tl=1 2x\" height=\"192\" width=\"343\"><source media=\"(min-width: 768px) and (max-width: 1023px)\" srcset=\"https:\/\/a57.foxnews.com\/static.foxnews.com\/foxnews.com\/content\/uploads\/2025\/05\/672\/378\/estonia-fm.jpg?ve=1&amp;tl=1, https:\/\/a57.foxnews.com\/static.foxnews.com\/foxnews.com\/content\/uploads\/2025\/05\/1344\/756\/estonia-fm.jpg?ve=1&amp;tl=1 2x\" height=\"378\" width=\"672\"><source media=\"(min-width: 1024px) and (max-width: 1279px)\" srcset=\"https:\/\/a57.foxnews.com\/static.foxnews.com\/foxnews.com\/content\/uploads\/2025\/05\/931\/523\/estonia-fm.jpg?ve=1&amp;tl=1, https:\/\/a57.foxnews.com\/static.foxnews.com\/foxnews.com\/content\/uploads\/2025\/05\/1862\/1046\/estonia-fm.jpg?ve=1&amp;tl=1 2x\" height=\"523\" width=\"931\"><source media=\"(min-width: 1280px)\" srcset=\"https:\/\/a57.foxnews.com\/static.foxnews.com\/foxnews.com\/content\/uploads\/2025\/05\/720\/405\/estonia-fm.jpg?ve=1&amp;tl=1, https:\/\/a57.foxnews.com\/static.foxnews.com\/foxnews.com\/content\/uploads\/2025\/05\/1440\/810\/estonia-fm.jpg?ve=1&amp;tl=1 2x\" height=\"405\" width=\"720\"><img loading=\"lazy\" decoding=\"async\" src=\"https:\/\/a57.foxnews.com\/static.foxnews.com\/foxnews.com\/content\/uploads\/2025\/05\/1200\/675\/estonia-fm.jpg?ve=1&amp;tl=1\" alt=\"Margus tsahkna hablando\" width=\"1200\" height=\"675\"\/><\/source><\/source><\/source><\/source><\/picture><\/div>\n<div class=\"info\">\n<div class=\"caption\">\n<p><span>El ministro de Relaciones Exteriores de Estonia, Margus Tsahkna, asiste a una conferencia de prensa despu\u00e9s de una reuni\u00f3n de ministros de los pa\u00edses miembros de los ocho de la Baltic Nordic-Baltic en la isla de Bornholm, Dinamarca, el 29 de abril de 2025.<\/span> <span>(Thomas Traasdahl\/Ritzau Scanpix)<\/span><\/p>\n<\/div>\n<\/div>\n<\/div>\n<p>Desde que Rusia lanz\u00f3 su invasi\u00f3n a gran escala de Ucrania hace m\u00e1s de tres a\u00f1os, Estonia ha cortado todas las importaciones de energ\u00eda de Rusia. Hoy, recibe el 80% de su gas natural de los Estados Unidos. <\/p>\n<p>No todos los pa\u00edses han sido tan desafiantes. La Uni\u00f3n Europea de 27 naciones, de la cual Estonia es miembro, solo ha reducido el 60% de sus importaciones de energ\u00eda de Rusia. El a\u00f1o pasado, la Uni\u00f3n Europea gast\u00f3 m\u00e1s en petr\u00f3leo y gas ruso que ayuda a Ucrania, seg\u00fan el Instituto Kiel. <\/p>\n<p>El Kremlin tambi\u00e9n est\u00e1 librando la guerra en otro frente. \u00abRusia est\u00e1 usando la religi\u00f3n de la iglesia como una herramienta para sus propios objetivos pol\u00edticos\u00bb, dijo Tsahkna. <\/p>\n<p>El ministro de Relaciones Exteriores tambi\u00e9n intervino en el alto el fuego de tres d\u00edas propuesto por Rusia en torno a sus celebraciones del 9 de mayo que marcan el final de la Segunda Guerra Mundial. \u00abEsto no es tan grave\u00bb, respondi\u00f3 Tsahkna.<\/p>\n<p><strong>Rusia declara el alto el fuego de 3 d\u00edas en Ucrania para el D\u00eda de la Victoria de la Segunda Guerra Mundial<\/strong><\/p>\n<p>Desde finales de 2023, casi una docena de cables submarinos en el Mar B\u00e1ltico y el Golfo de Finlandia han sido cortados. Se sospecha que Rusia, pero \u00abes muy dif\u00edcil decir exactamente\u00bb, dijo Tsahkna. M\u00e1s de 14 personas de la llamada flota de sombras de Rusia han sido arrestadas. Se sospecha que China tambi\u00e9n lleva a cabo al menos un acto de sabotaje. <\/p>\n<div class=\"image-ct inline\">\n<div class=\"m\"><picture><source media=\"(max-width: 767px)\" srcset=\"https:\/\/a57.foxnews.com\/static.foxnews.com\/foxnews.com\/content\/uploads\/2025\/04\/343\/192\/trump-zelenskyy.jpg?ve=1&amp;tl=1, https:\/\/a57.foxnews.com\/static.foxnews.com\/foxnews.com\/content\/uploads\/2025\/04\/686\/384\/trump-zelenskyy.jpg?ve=1&amp;tl=1 2x\" height=\"192\" width=\"343\"><source media=\"(min-width: 768px) and (max-width: 1023px)\" srcset=\"https:\/\/a57.foxnews.com\/static.foxnews.com\/foxnews.com\/content\/uploads\/2025\/04\/672\/378\/trump-zelenskyy.jpg?ve=1&amp;tl=1, https:\/\/a57.foxnews.com\/static.foxnews.com\/foxnews.com\/content\/uploads\/2025\/04\/1344\/756\/trump-zelenskyy.jpg?ve=1&amp;tl=1 2x\" height=\"378\" width=\"672\"><source media=\"(min-width: 1024px) and (max-width: 1279px)\" srcset=\"https:\/\/a57.foxnews.com\/static.foxnews.com\/foxnews.com\/content\/uploads\/2025\/04\/931\/523\/trump-zelenskyy.jpg?ve=1&amp;tl=1, https:\/\/a57.foxnews.com\/static.foxnews.com\/foxnews.com\/content\/uploads\/2025\/04\/1862\/1046\/trump-zelenskyy.jpg?ve=1&amp;tl=1 2x\" height=\"523\" width=\"931\"><source media=\"(min-width: 1280px)\" srcset=\"https:\/\/a57.foxnews.com\/static.foxnews.com\/foxnews.com\/content\/uploads\/2025\/04\/720\/405\/trump-zelenskyy.jpg?ve=1&amp;tl=1, https:\/\/a57.foxnews.com\/static.foxnews.com\/foxnews.com\/content\/uploads\/2025\/04\/1440\/810\/trump-zelenskyy.jpg?ve=1&amp;tl=1 2x\" height=\"405\" width=\"720\"><img loading=\"lazy\" decoding=\"async\" src=\"https:\/\/a57.foxnews.com\/static.foxnews.com\/foxnews.com\/content\/uploads\/2025\/04\/1200\/675\/trump-zelenskyy.jpg?ve=1&amp;tl=1\" alt=\"El presidente Donald Trump y el presidente ucraniano Volodymyr Zlenksyy\" width=\"1200\" height=\"675\"\/><\/source><\/source><\/source><\/source><\/picture><\/div>\n<div class=\"info\">\n<div class=\"caption\">\n<p><span>El presidente Donald Trump se re\u00fane con el presidente ucraniano Volodymyr Zelenskyy por primera vez desde su disputa de la Oficina Oval en febrero.<\/span> <span>(Vaticano y Ucrania Embajador en Santa Sede)<\/span><\/p>\n<\/div>\n<\/div>\n<\/div>\n<p>La OTAN despleg\u00f3 buques de guerra frente a la costa de Estonia en enero, y desde entonces no se han cortado cables, los oficiales le dijeron a Fox mientras estaban en dos barcos en el Golfo de Finlandia el martes. <\/p>\n<p>Cuando se le pregunt\u00f3 sobre las perspectivas de un alto el fuego y un final eventual de las hostilidades en Ucrania, Tsahkna respondi\u00f3 con una advertencia: <\/p>\n<p>\u00abEl presidente Trump ha dicho muy claramente que quiere tener paz. Ucrania [sic] La gente quiere tener un [sic] Paz, y creo que esto es algo que Putin no quiere \u00ab.<\/p>\n<p>Tsahkna no cree que Putin haya usado armas nucleares, llamando a tal movimiento \u00absuicidio pol\u00edtico\u00bb. <\/p>\n<p><strong><u>Haga clic aqu\u00ed para obtener la aplicaci\u00f3n Fox News<\/u><\/strong><\/p>\n<p>\u00abEs brutal, pero tambi\u00e9n a veces, de la parte occidental del mundo, somos demasiado d\u00e9biles\u00bb, agreg\u00f3 Tsahkna. \u00abPutin est\u00e1 jugando con nuestros miedos\u00bb.<\/p>\n<p> <!----> <\/p>\n<div class=\"article-meta\">\n<div class=\"author-bio\">\n<p>Lucas Y. Tomlinson sirve como corresponsal de Fox News Channel (FNC) con sede en Washington, DC. S\u00edguelo en Twitter: @lucasfoxnews<\/p>\n<\/div>\n<\/div>\n<\/div>\n\n","protected":false},"excerpt":{"rendered":"<p>El principal diplom\u00e1tico de Estonia cree que la guerra de Rusia en Ucrania va mucho m\u00e1s all\u00e1 de la primera l\u00ednea. \u00abNo se trata de Europa. Creo que para Putin y para Rusia, Estados Unidos es el principal enemigo, como hist\u00f3ricamente\u00bb, dijo el ministro de Relaciones Exteriores, Margus Tsahkna, a Fox News en una entrevista &hellip;<\/p>\n","protected":false},"author":1,"featured_media":25348,"comment_status":"open","ping_status":"open","sticky":false,"template":"","format":"standard","meta":{"fifu_image_url":"https:\/\/static.foxnews.com\/foxnews.com\/content\/uploads\/2025\/05\/putin-tsahkna-trump.jpg","fifu_image_alt":"","footnotes":""},"categories":[13],"tags":[],"class_list":["post-25346","post","type-post","status-publish","format-standard","has-post-thumbnail","","category-mundo"],"_links":{"self":[{"href":"https:\/\/noticiasveraces.com\/index.php?rest_route=\/wp\/v2\/posts\/25346","targetHints":{"allow":["GET"]}}],"collection":[{"href":"https:\/\/noticiasveraces.com\/index.php?rest_route=\/wp\/v2\/posts"}],"about":[{"href":"https:\/\/noticiasveraces.com\/index.php?rest_route=\/wp\/v2\/types\/post"}],"author":[{"embeddable":true,"href":"https:\/\/noticiasveraces.com\/index.php?rest_route=\/wp\/v2\/users\/1"}],"replies":[{"embeddable":true,"href":"https:\/\/noticiasveraces.com\/index.php?rest_route=%2Fwp%2Fv2%2Fcomments&post=25346"}],"version-history":[{"count":0,"href":"https:\/\/noticiasveraces.com\/index.php?rest_route=\/wp\/v2\/posts\/25346\/revisions"}],"wp:featuredmedia":[{"embeddable":true,"href":"https:\/\/noticiasveraces.com\/index.php?rest_route=\/wp\/v2\/media\/25348"}],"wp:attachment":[{"href":"https:\/\/noticiasveraces.com\/index.php?rest_route=%2Fwp%2Fv2%2Fmedia&parent=25346"}],"wp:term":[{"taxonomy":"category","embeddable":true,"href":"https:\/\/noticiasveraces.com\/index.php?rest_route=%2Fwp%2Fv2%2Fcategories&post=25346"},{"taxonomy":"post_tag","embeddable":true,"href":"https:\/\/noticiasveraces.com\/index.php?rest_route=%2Fwp%2Fv2%2Ftags&post=25346"}],"curies":[{"name":"wp","href":"https:\/\/api.w.org\/{rel}","templated":true}]}}