{"id":25300,"date":"2025-05-01T04:01:26","date_gmt":"2025-05-01T08:01:26","guid":{"rendered":"https:\/\/noticiasveraces.com\/?p=25300"},"modified":"2025-05-01T04:01:26","modified_gmt":"2025-05-01T08:01:26","slug":"autor-del-tiroteo-en-uppsala-es-un-joven-fugado-de-un-centro-dw-30-04-2025","status":"publish","type":"post","link":"https:\/\/noticiasveraces.com\/?p=25300","title":{"rendered":"Autor del tiroteo en Uppsala es un joven fugado de un centro \u2013 DW \u2013 30\/04\/2025"},"content":{"rendered":"<p> \n<\/p>\n<div>\n<p>El sospechoso de ser el autor del tiroteo que caus\u00f3 ayer tres muertos en Suecia, en la ciudad de Uppsala, 70 kil\u00f3metros al norte de Estocolmo, es un joven de 16 a\u00f1os que se hab\u00eda fugado de un centro para menores, inform\u00f3 este mi\u00e9rcoles (30.04.2025) la Polic\u00eda sueca. Horas antes, la Fiscal\u00eda hab\u00eda adelantado en un comunicado: \u00abUn adolescente de 16 fue detenido, sospechosopor la muerte de tres personas abatidas el martes en el centro de Uppsala\u00bb,<\/p>\n<p>El acusado, del que no se ha facilitado su identidad, hab\u00eda abandonado el centro hac\u00eda unos d\u00edas y fue detenido en su casa un par de horas despu\u00e9s del suceso. \u00abPor desgracia es algo que hemos visto en varios casos de delitos violentos con anterioridad\u00bb, se\u00f1al\u00f3 en rueda de prensa el fiscal jefe Magnus Berggren.<\/p>\n<h2>\u00abFue casi una ejecuci\u00f3n\u00bb<\/h2>\n<p>El joven, sospechoso del homicidio m\u00faltiple, llevaba en el radar de los servicios sociales desde hace a\u00f1os. Hab\u00eda abandonado Suecia para residir temporalmente en el pa\u00eds de origen de su padre y regres\u00f3 hace dos meses, aunque fue ingresado en un centro para menores por sus contactos con grupos criminales, seg\u00fan la televisi\u00f3n p\u00fablica SVT. \u00abAhora mismo no podemos decir que haya una conexi\u00f3n clara con bandas criminales\u00bb, dijo el jefe de \u00e1rea de la Polic\u00eda de Uppsala, Erik \u00c5kerlund, en la rueda de prensa.<\/p>\n<p>El ministro de Justicia, Gunnar Str\u00f6mmer, consider\u00f3 estos nuevos incidentes como \u00abextremadamente graves\u00bb. El canal de televisi\u00f3n &#8216;TV4&#8217; inform\u00f3 de que, tanto el joven como las tres v\u00edctimas -de entre 15 y 20 a\u00f1os- eran conocidos de la Polic\u00eda y ten\u00edan v\u00ednculos con grupos criminales. Las tres v\u00edctimas fueron encontradas dentro de una peluquer\u00eda, considerada el lugar del delito. \u00abEs un acto de violencia extremo, fue casi una ejecuci\u00f3n\u00bb, dijo a la agencia TT el primer ministro sueco, Ulf Kristersson.<\/p>\n<p>LGC (EFE, AFP)<\/p>\n<\/div>\n\n","protected":false},"excerpt":{"rendered":"<p>El sospechoso de ser el autor del tiroteo que caus\u00f3 ayer tres muertos en Suecia, en la ciudad de Uppsala, 70 kil\u00f3metros al norte de Estocolmo, es un joven de 16 a\u00f1os que se hab\u00eda fugado de un centro para menores, inform\u00f3 este mi\u00e9rcoles (30.04.2025) la Polic\u00eda sueca. Horas antes, la Fiscal\u00eda hab\u00eda adelantado en &hellip;<\/p>\n","protected":false},"author":1,"featured_media":25301,"comment_status":"open","ping_status":"open","sticky":false,"template":"","format":"standard","meta":{"fifu_image_url":"https:\/\/static.dw.com\/image\/72403132_6.jpg","fifu_image_alt":"","footnotes":""},"categories":[13],"tags":[],"class_list":["post-25300","post","type-post","status-publish","format-standard","has-post-thumbnail","","category-mundo"],"_links":{"self":[{"href":"https:\/\/noticiasveraces.com\/index.php?rest_route=\/wp\/v2\/posts\/25300","targetHints":{"allow":["GET"]}}],"collection":[{"href":"https:\/\/noticiasveraces.com\/index.php?rest_route=\/wp\/v2\/posts"}],"about":[{"href":"https:\/\/noticiasveraces.com\/index.php?rest_route=\/wp\/v2\/types\/post"}],"author":[{"embeddable":true,"href":"https:\/\/noticiasveraces.com\/index.php?rest_route=\/wp\/v2\/users\/1"}],"replies":[{"embeddable":true,"href":"https:\/\/noticiasveraces.com\/index.php?rest_route=%2Fwp%2Fv2%2Fcomments&post=25300"}],"version-history":[{"count":0,"href":"https:\/\/noticiasveraces.com\/index.php?rest_route=\/wp\/v2\/posts\/25300\/revisions"}],"wp:featuredmedia":[{"embeddable":true,"href":"https:\/\/noticiasveraces.com\/index.php?rest_route=\/wp\/v2\/media\/25301"}],"wp:attachment":[{"href":"https:\/\/noticiasveraces.com\/index.php?rest_route=%2Fwp%2Fv2%2Fmedia&parent=25300"}],"wp:term":[{"taxonomy":"category","embeddable":true,"href":"https:\/\/noticiasveraces.com\/index.php?rest_route=%2Fwp%2Fv2%2Fcategories&post=25300"},{"taxonomy":"post_tag","embeddable":true,"href":"https:\/\/noticiasveraces.com\/index.php?rest_route=%2Fwp%2Fv2%2Ftags&post=25300"}],"curies":[{"name":"wp","href":"https:\/\/api.w.org\/{rel}","templated":true}]}}