{"id":25292,"date":"2025-05-01T02:17:22","date_gmt":"2025-05-01T06:17:22","guid":{"rendered":"https:\/\/noticiasveraces.com\/?p=25292"},"modified":"2025-05-01T02:17:22","modified_gmt":"2025-05-01T06:17:22","slug":"quien-identifica-mejor-la-violencia-machista-un-pionero-estudio-se-fija-en-los-testigos-potenciales-sociedad","status":"publish","type":"post","link":"https:\/\/noticiasveraces.com\/?p=25292","title":{"rendered":"\u00bfQui\u00e9n identifica mejor la violencia machista? Un pionero estudio se fija en los testigos potenciales | Sociedad"},"content":{"rendered":"<p> \n<br \/><img decoding=\"async\" src=\"https:\/\/imagenes.elpais.com\/resizer\/v2\/4BXZ3NS43ZGXZNQSCOOSAY5XJI.jpg?auth=3bf3ba40fa1a838fa5ed387986af6035dd4bd0fcb5e1aac19875890b510508d8\" \/><\/p>\n<div data-dtm-region=\"articulo_cuerpo\">\n<p class=\"\">\u00bfPor qu\u00e9 hay quien es capaz de identificar mejor que otros una situaci\u00f3n de violencia de g\u00e9nero? \u00bfCon qu\u00e9 tiene que ver que una persona est\u00e9 m\u00e1s o menos dispuesta a intervenir en eso de lo que est\u00e1 siendo testigo? \u00bfDe qu\u00e9 depende que alguien decida ir a denunciar ante la Polic\u00eda o los Servicios Sociales algo que sabe que est\u00e1 pasando? \u00bfSe entienden igual todas las violencias, la f\u00edsica, la psicol\u00f3gica, la sexual, la econ\u00f3mica? \u00bfHay mayor o menor posibilidad de estar expuesto a una de estas situaciones? <\/p>\n<p class=\"\">Existen miles de estudios sobre las v\u00edctimas desde hace d\u00e9cadas, pero no tantos sobre quienes ven o conocen esa violencia que supone uno de los mayores problemas de salud p\u00fablica del mundo y una cuesti\u00f3n estructural que afecta, seg\u00fan la OMS, a una de cada tres mujeres en el planeta. Ahora, el estudio <i>Identificaci\u00f3n y conocimiento de situaciones de violencia contra las mujeres. An\u00e1lisis del perfil de testigos potenciales,<\/i> impulsado por el Observatorio Social de la Fundaci\u00f3n La Caixa, pone el foco sobre ellos para examinar qui\u00e9n tiene m\u00e1s posibilidades de presenciar una de esas situaciones y c\u00f3mo la perciben dependiendo de la tipolog\u00eda de la violencia, las circunstancias y caracter\u00edsticas individuales. <\/p>\n<p class=\"\">Y s\u00ed, las hay. Por ejemplo, la posibilidad de conocer a alguna mujer que sufra o haya sufrido violencia f\u00edsica var\u00eda \u201csignificativamente\u201d, dice el estudio, seg\u00fan las caracter\u00edsticas sociodemogr\u00e1ficas; sobre todo dependiendo del g\u00e9nero, la nacionalidad y el nivel de ingresos. Mientras que un 36% de las mujeres encuestadas declar\u00f3 conocer a alguna v\u00edctima, lo hizo el 24% de los hombres; entre las personas extranjeras, lo afirm\u00f3 el 43% frente al 29% de personas espa\u00f1olas; si se miran los ingresos, lo hicieron el 39% de quienes ingresan menos de 500 euros al mes y baja al 22% de las personas con ingresos superiores a 2.000. <\/p>\n<p class=\"\">Si se ampl\u00edan esas variables, son \u201clas personas m\u00e1s j\u00f3venes, entre los 18 y los 27 a\u00f1os, las solteras, quienes colaboran con asociaciones feministas, asisten regularmente a la iglesia o tienen una orientaci\u00f3n pol\u00edtica de izquierdas\u201d quienes declaran en mayor proporci\u00f3n reconocer situaciones de violencia f\u00edsica en su entorno.<\/p>\n<p class=\"\">Para obtener estos datos, tres investigadoras de la Universidad P\u00fablica de Navarra \u2015Ariadna Garc\u00eda-Prado, Rebeca Echavarri y Sara Mart\u00ednez de Morent\u00edn\u2015 y una m\u00e1s de la Universidad de Oviedo, Fernanda Guti\u00e9rrez-Navratil, entrevistaron a 969 personas de entre 18 y 48 a\u00f1os de la Comunidad Foral de Navarra. Una muestra muy concreta \u201cque es extrapolable a la poblaci\u00f3n nacional\u201d, apunta Garc\u00eda-Prado, la investigadora principal. <\/p>\n<p class=\"\">Por un lado, porque se eligi\u00f3 a los participantes para que as\u00ed fuera, y por otro, porque tambi\u00e9n, a posteriori, los datos se asemejan, corroboran y se complementan con otras estad\u00edsticas como las macroencuestas de violencia contra la mujer de 2015 y 2019 o ese porcentaje de la Organizaci\u00f3n Mundial de la Salud. \u201cEl 30% de las personas encuestadas relataron, porque les dej\u00e1bamos un espacio para ello, conocer o haber presenciado una situaci\u00f3n de violencia\u201d, detalla Garc\u00eda-Prado, que explica tambi\u00e9n que este an\u00e1lisis forma parte de un estudio mayor que est\u00e1 ya en segunda revisi\u00f3n en una revista cient\u00edfica europea. <\/p>\n<h3 class=\"\">La econ\u00f3mica: la m\u00e1s complicada de identificar<\/h3>\n<p class=\"\">En general, la mayor\u00eda son capaces de identificar todos los tipos de violencia, sin embargo, hay algunas m\u00e1s complicadas, y eso, dice la investigadora, \u201ces crucial para el an\u00e1lisis, porque el primer paso ante la violencia es ser capaz de reconocerla\u201d. En todas, eso s\u00ed, las mujeres son las que mejor la identifican. <\/p>\n<p class=\"\">Por tipos, la econ\u00f3mica es con la que mayores dificultades hay, aunque la identifican un 77%, \u201clas personas extranjeras y con un bajo nivel educativo\u201d tienen m\u00e1s problemas para hacerlo, como ocurre tambi\u00e9n con la de control, en la que el porcentaje de identificaci\u00f3n sube al 87%. En la sexual, al 96%, al 97% en la psicol\u00f3gica, y al 98% en la f\u00edsica. Es en esta \u00faltima donde menos diferencia hay entre los perfiles que son capaces de percibirla. En la psicol\u00f3gica, explica Garc\u00eda-Prado, sucede algo \u201cpreocupante\u201d: no se percibe como \u201ctan grave\u201d. <\/p>\n<p class=\"\">Apunta esta cuesti\u00f3n porque cuando se pasa de la percepci\u00f3n a la intervenci\u00f3n, se ve que es una de las menos denunciadas, a pesar de que no solo es una violencia altamente identificada, sino que es la m\u00e1s extendida. Seg\u00fan la encuesta europea de violencia de g\u00e9nero de 2022, del total de mujeres residentes en Espa\u00f1a que tienen entre 16 y 74 a\u00f1os, y que han tenido pareja, el 27,8% (m\u00e1s de 4,6 millones) ha sufrido violencia psicol\u00f3gica en el \u00e1mbito de la pareja en alg\u00fan momento de su vida. <\/p>\n<p class=\"\">\u201cEs importante promover la denuncia temprana de la violencia psicol\u00f3gica para evitar que se convierta en f\u00edsica. Pese a que el reconocimiento de la violencia psicol\u00f3gica es alto, las denuncias son bajas, 14% sobre el total (las de agresiones f\u00edsicas y psicol\u00f3gicas suman el 53%), detalla el estudio. <\/p>\n<p class=\"\">\u201cAunque identifican la violencia psicol\u00f3gica, se espera a que esa violencia escale para dar el paso\u201d, ahonda Garc\u00eda-Prado. El informe, en sus conclusiones, apunta la necesidad de \u201cexplorar qu\u00e9 otros factores pueden promover m\u00e1s denuncias por parte de las personas conocedoras de situaciones de violencia\u201d.<\/p>\n<h3 class=\"\">El entorno de la v\u00edctima como puntal contra la violencia<\/h3>\n<p class=\"\">En septiembre de 2023, una decena de hombres asesinaron a sus parejas o exparejas y lo convirti\u00f3 en uno de los peores de la serie hist\u00f3rica \u2014desde 2003, solo otros 10 meses han registrado las mismas v\u00edctimas\u2014. Tras el an\u00e1lisis de esos cr\u00edmenes, la entonces secretaria de Estado contra la Violencia de G\u00e9nero, \u00c1ngela Rodr\u00edguez, lanz\u00f3 un mensaje claro: \u201cEs imprescindible abandonar el negacionismo de la violencia machista. Y romper el silencio, el silencio es complicidad con los agresores\u201d. <\/p>\n<p class=\"\">Ese d\u00eda, desde el Ministerio de Igualdad, se apelaba al \u201centorno, que conoc\u00eda la situaci\u00f3n; a los vecinos, que sab\u00edan lo que estaba pasando\u201d, dijo Rodr\u00edguez, para que la violencia que sufr\u00edan cada d\u00eda las mujeres no escalara hasta el \u00faltimo estadio: el asesinato. Pero tambi\u00e9n para acabar con ese maltrato f\u00edsico, psicol\u00f3gico, sexual, de control y econ\u00f3mico que sufren millones de mujeres. <\/p>\n<p class=\"\">En el estudio, las investigadoras marcan en esa l\u00ednea el objetivo: \u201cEntre los factores que contribuyen a la persistencia de la violencia se encuentra la baja tasa de denuncias. Seg\u00fan las encuestas espa\u00f1olas, el 65% de las v\u00edctimas no reportan su situaci\u00f3n. La denuncia por parte de testigos es a\u00fan menor, ya que la violencia es denunciada principalmente por las v\u00edctimas\u201d. Y Garc\u00eda-Prado ahonda en que \u201cla denuncia es vital al ser lo que da acceso a la v\u00edctima a protecci\u00f3n, acompa\u00f1amiento y servicios que sin ella no podr\u00eda tener\u201d. <\/p>\n<p class=\"\">Seg\u00fan la macroencuesta de violencia contra las mujeres de 2015, el 55% de las v\u00edctimas de violencia revelan su situaci\u00f3n a una amiga o amigo, por lo tanto, \u201cel entorno social de la v\u00edctima desempe\u00f1a un papel crucial, no solo porque puede denunciar, sino tambi\u00e9n porque puede animar y ayudar a la v\u00edctima a hacerlo. Adem\u00e1s, el aumento de las denuncias de testigos puede transformarse en un elemento disuasorio, ya que los agresores potenciales pueden desanimarse si saben que es probable que alguna persona de su entorno los denuncie\u201d, dice el estudio. <\/p>\n<p class=\"\">Para esto, concluye Garc\u00eda-Prado, hay que trabajar para que la sociedad comprenda que el problema de la violencia es un problema de la sociedad y que afecta a toda la sociedad: \u201cPorque muchas veces, incluso identific\u00e1ndola, muchas personas cercanas a la v\u00edctima o al agresor no act\u00faan por las consecuencias que puedan tener esas denuncias, tanto para las mujeres que est\u00e1n sufriendo la violencia como para ellas mismas, y esto puede hacer que se decida no denunciar, no notificarlo ante ninguna instituci\u00f3n o servicio\u201d. Es decir, que se perpet\u00fae el silencio. <\/p>\n<p class=\"\"><i>El tel\u00e9fono 016 atiende a las v\u00edctimas de violencia machista, a sus familias y a su entorno las 24 horas del d\u00eda, todos los d\u00edas del a\u00f1o, en 53 idiomas diferentes. El n\u00famero no queda registrado en la factura telef\u00f3nica, pero hay que borrar la llamada del dispositivo. Tambi\u00e9n se puede contactar a trav\u00e9s del correo electr\u00f3nico <\/i><i>016-online@igualdad.gob.es<\/i><i>  y por WhatsApp en el n\u00famero 600 000 016. Los menores pueden dirigirse al tel\u00e9fono de la Fundaci\u00f3n ANAR 900 20 20 10. Si es una situaci\u00f3n de emergencia, se puede llamar al 112 o a los tel\u00e9fonos de la Polic\u00eda Nacional (091) y de la Guardia Civil (062). Y en caso de no poder llamar, se puede recurrir a la aplicaci\u00f3n ALERTCOPS, desde la que se env\u00eda una se\u00f1al de alerta a la Polic\u00eda con geolocalizaci\u00f3n.<\/i><\/p>\n<\/div>\n\n","protected":false},"excerpt":{"rendered":"<p>\u00bfPor qu\u00e9 hay quien es capaz de identificar mejor que otros una situaci\u00f3n de violencia de g\u00e9nero? \u00bfCon qu\u00e9 tiene que ver que una persona est\u00e9 m\u00e1s o menos dispuesta a intervenir en eso de lo que est\u00e1 siendo testigo? \u00bfDe qu\u00e9 depende que alguien decida ir a denunciar ante la Polic\u00eda o los Servicios &hellip;<\/p>\n","protected":false},"author":1,"featured_media":25294,"comment_status":"open","ping_status":"open","sticky":false,"template":"","format":"standard","meta":{"fifu_image_url":"https:\/\/imagenes.elpais.com\/resizer\/v2\/4BXZ3NS43ZGXZNQSCOOSAY5XJI.jpg?auth=3bf3ba40fa1a838fa5ed387986af6035dd4bd0fcb5e1aac19875890b510508d8&width=1200","fifu_image_alt":"","footnotes":""},"categories":[11],"tags":[],"class_list":["post-25292","post","type-post","status-publish","format-standard","has-post-thumbnail","","category-viaje"],"_links":{"self":[{"href":"https:\/\/noticiasveraces.com\/index.php?rest_route=\/wp\/v2\/posts\/25292","targetHints":{"allow":["GET"]}}],"collection":[{"href":"https:\/\/noticiasveraces.com\/index.php?rest_route=\/wp\/v2\/posts"}],"about":[{"href":"https:\/\/noticiasveraces.com\/index.php?rest_route=\/wp\/v2\/types\/post"}],"author":[{"embeddable":true,"href":"https:\/\/noticiasveraces.com\/index.php?rest_route=\/wp\/v2\/users\/1"}],"replies":[{"embeddable":true,"href":"https:\/\/noticiasveraces.com\/index.php?rest_route=%2Fwp%2Fv2%2Fcomments&post=25292"}],"version-history":[{"count":0,"href":"https:\/\/noticiasveraces.com\/index.php?rest_route=\/wp\/v2\/posts\/25292\/revisions"}],"wp:featuredmedia":[{"embeddable":true,"href":"https:\/\/noticiasveraces.com\/index.php?rest_route=\/wp\/v2\/media\/25294"}],"wp:attachment":[{"href":"https:\/\/noticiasveraces.com\/index.php?rest_route=%2Fwp%2Fv2%2Fmedia&parent=25292"}],"wp:term":[{"taxonomy":"category","embeddable":true,"href":"https:\/\/noticiasveraces.com\/index.php?rest_route=%2Fwp%2Fv2%2Fcategories&post=25292"},{"taxonomy":"post_tag","embeddable":true,"href":"https:\/\/noticiasveraces.com\/index.php?rest_route=%2Fwp%2Fv2%2Ftags&post=25292"}],"curies":[{"name":"wp","href":"https:\/\/api.w.org\/{rel}","templated":true}]}}