{"id":25286,"date":"2025-05-01T00:58:33","date_gmt":"2025-05-01T04:58:33","guid":{"rendered":"https:\/\/noticiasveraces.com\/?p=25286"},"modified":"2025-05-01T00:58:33","modified_gmt":"2025-05-01T04:58:33","slug":"india-cierra-espacio-aereo-a-pakistan-en-medio-de-tensiones-dw-01-05-2025","status":"publish","type":"post","link":"https:\/\/noticiasveraces.com\/?p=25286","title":{"rendered":"India cierra espacio a\u00e9reo a Pakist\u00e1n en medio de tensiones \u2013 DW \u2013 01\/05\/2025"},"content":{"rendered":"<p> \n<\/p>\n<div>\n<p>India anunci\u00f3 este jueves (01.05.2025) el cierre de su espacio a\u00e9reo a todos los aviones de propiedad y operaci\u00f3n paquistan\u00ed, seis d\u00edas despu\u00e9s de que Pakist\u00e1n decidiera cerrar su espacio a\u00e9reo a todos los vuelos de propiedad y operaci\u00f3n de aerol\u00edneas indias, en medio de una escalada entre las naciones vecinas y rivales.<\/p>\n<p>Nueva Delhi emiti\u00f3 un Aviso a las Misiones A\u00e9reas (NOTAM) indicando que el \u00abespacio a\u00e9reo indio no est\u00e1 disponible para aeronaves registradas en Pakist\u00e1n y aeronaves operadas o arrendadas por aerol\u00edneas pakistan\u00edes. Esto incluye vuelos militares\u00bb.<\/p>\n<p>La medida durar\u00e1 hasta la medianoche (local) del 23 de mayo pr\u00f3ximo, y se produce en medio de una escalada de tensiones a ra\u00edz del atentado terrorista en Pahalgam, Jammu y Cachemira, en el que 26 turistas fueron asesinados a tiros por un grupo armado que Nueva Delhi vincula con Islamabad.<\/p>\n<h2>Medidas rec\u00edprocas<\/h2>\n<p>Con la tensa relaci\u00f3n bilateral deterior\u00e1ndose a\u00fan m\u00e1s, y en medio de la preocupaci\u00f3n de Pakist\u00e1n por una posible acci\u00f3n militar de India, los vuelos desde Pakist\u00e1n ya hab\u00edan empezado a evitar el espacio a\u00e9reo indio.<\/p>\n<p>El cierre del espacio a\u00e9reo afectar\u00e1 los vuelos originarios de Pakist\u00e1n con destino al sudeste asi\u00e1tico y Ocean\u00eda, que ahora deber\u00e1n tomar rutas m\u00e1s largas y circulares, lo que aumentar\u00e1 el tiempo de viaje y los costes de combustible para las aerol\u00edneas pakistan\u00edes.<\/p>\n<p>Esta acci\u00f3n rec\u00edproca en la aviaci\u00f3n es la \u00faltima de una serie de medidas punitivas adoptadas por las partes.<\/p>\n<p>La India ya habr\u00eda puesto en \u00absuspenso\u00bb el Tratado de Aguas del Indo, declarado persona non grata al personal diplom\u00e1tico militar pakistan\u00ed en su Alta Comisi\u00f3n, cerrado todos sus puestos fronterizos con Pakist\u00e1n y cancelado todos los visados concedidos a ciudadanos pakistan\u00edes.<\/p>\n<p>Del mismo modo, Pakist\u00e1n ha suspendido todo el comercio con la India, cerrado su espacio a\u00e9reo a las aerol\u00edneas indias y citado su derecho a suspender \u00abtodos los pactos bilaterales, incluido el Acuerdo de Simla\u00bb.<\/p>\n<p>Islamabad ha denunciado una \u00abinminente ofensiva militar\u00bb de la India, que ha prometido tomar medidas contra los responsables del atentado terrorista en Pahalgam, Cachemira.<\/p>\n<p>La India ha prometido a llegar \u00abhasta los confines de la Tierra\u00bb para encontrar a los responsables y a quienes los apoyan y castigarlos \u00abm\u00e1s all\u00e1 de su imaginaci\u00f3n\u00bb.<\/p>\n<p>GS (EFE, DPA)<\/p>\n<\/div>\n\n","protected":false},"excerpt":{"rendered":"<p>India anunci\u00f3 este jueves (01.05.2025) el cierre de su espacio a\u00e9reo a todos los aviones de propiedad y operaci\u00f3n paquistan\u00ed, seis d\u00edas despu\u00e9s de que Pakist\u00e1n decidiera cerrar su espacio a\u00e9reo a todos los vuelos de propiedad y operaci\u00f3n de aerol\u00edneas indias, en medio de una escalada entre las naciones vecinas y rivales. Nueva Delhi &hellip;<\/p>\n","protected":false},"author":1,"featured_media":25287,"comment_status":"open","ping_status":"open","sticky":false,"template":"","format":"standard","meta":{"fifu_image_url":"https:\/\/static.dw.com\/image\/68192099_6.jpg","fifu_image_alt":"","footnotes":""},"categories":[13],"tags":[],"class_list":["post-25286","post","type-post","status-publish","format-standard","has-post-thumbnail","","category-mundo"],"_links":{"self":[{"href":"https:\/\/noticiasveraces.com\/index.php?rest_route=\/wp\/v2\/posts\/25286","targetHints":{"allow":["GET"]}}],"collection":[{"href":"https:\/\/noticiasveraces.com\/index.php?rest_route=\/wp\/v2\/posts"}],"about":[{"href":"https:\/\/noticiasveraces.com\/index.php?rest_route=\/wp\/v2\/types\/post"}],"author":[{"embeddable":true,"href":"https:\/\/noticiasveraces.com\/index.php?rest_route=\/wp\/v2\/users\/1"}],"replies":[{"embeddable":true,"href":"https:\/\/noticiasveraces.com\/index.php?rest_route=%2Fwp%2Fv2%2Fcomments&post=25286"}],"version-history":[{"count":0,"href":"https:\/\/noticiasveraces.com\/index.php?rest_route=\/wp\/v2\/posts\/25286\/revisions"}],"wp:featuredmedia":[{"embeddable":true,"href":"https:\/\/noticiasveraces.com\/index.php?rest_route=\/wp\/v2\/media\/25287"}],"wp:attachment":[{"href":"https:\/\/noticiasveraces.com\/index.php?rest_route=%2Fwp%2Fv2%2Fmedia&parent=25286"}],"wp:term":[{"taxonomy":"category","embeddable":true,"href":"https:\/\/noticiasveraces.com\/index.php?rest_route=%2Fwp%2Fv2%2Fcategories&post=25286"},{"taxonomy":"post_tag","embeddable":true,"href":"https:\/\/noticiasveraces.com\/index.php?rest_route=%2Fwp%2Fv2%2Ftags&post=25286"}],"curies":[{"name":"wp","href":"https:\/\/api.w.org\/{rel}","templated":true}]}}