{"id":25284,"date":"2025-04-30T23:57:18","date_gmt":"2025-05-01T03:57:18","guid":{"rendered":"https:\/\/noticiasveraces.com\/?p=25284"},"modified":"2025-04-30T23:57:18","modified_gmt":"2025-05-01T03:57:18","slug":"wadephul-conservador-sera-ministro-de-rr-ee-dw-30-04-2025","status":"publish","type":"post","link":"https:\/\/noticiasveraces.com\/?p=25284","title":{"rendered":"Wadephul conservador ser\u00e1 ministro de RR. Ee. &#8211; DW &#8211; 30\/04\/2025"},"content":{"rendered":"<p> \n<\/p>\n<div>\n<p>Con Johann Wadephul, Alemania tendr\u00e1\u00a0tendr\u00e1\u00a0un ministro de Relaciones Exteriores democratacristiano por primera vez en casi 60 a\u00f1os.\u00a0Este alem\u00e1n del norte, de 62 a\u00f1os, que se ha destacado como experto en pol\u00edtica exterior en el Bundestag, es considerado un confidente del probable futuro canciller Friedrich Merz.<\/p>\n<p>De este modo, la jefatura del gobierno\u00a0y el Ministerio de Relaciones Exteriores estar\u00e1n en manos de un solo partido por primera vez en d\u00e9cadas. Wadephul sucede a Annalena Baerbock, del partido Los Verdes. El nuevo Gobierno federal, formado por los partidos hermanos conservadores CDU\/CSUy los socialdem\u00f3cratas del SPD, prestar\u00e1 juramento el 6 de mayo.<\/p>\n<p>Johann Wadephul, que naci\u00f3 en Husum, en la costa del mar del Norte, forma parte del Bundestag desde 2009. Como vicepresidente de la fracci\u00f3n del bloque conservador CDU\/CSU, es responsable de las \u00e1reas de pol\u00edtica exterior e interior. \u00abMe centro especialmente en las relaciones transatl\u00e1nticas y la OTAN, en las relaciones con China y Rusia, as\u00ed como en los Balcanes y Oriente Medio\u00bb, escribe Wadephul en su sitio web.<\/p>\n<p>El designado ministro alem\u00e1n de Exteriores tiene buenas conexiones y conoce bien el mundo diplom\u00e1tico. En las \u00faltimas semanas ya ha viajado a Par\u00eds, Londres y Varsovia para reunirse all\u00ed con los ministros de Asuntos Exteriores.<\/p>\n<figure class=\"placeholder-image master_landscape big\"><img data-format=\"MASTER_LANDSCAPE\" data-id=\"72380408\" data-url=\"https:\/\/static.dw.com\/image\/72380408_${formatId}.jpg\" data-aspect-ratio=\"16\/9\" alt=\"Johann David Wadophh, ministro de designaci\u00f3n del RR. Ee. \" style=\"padding-bottom: 56.25%; height: 0; max-height: 0;\"\/><figcaption class=\"img-caption\">Johann David Wadephul, designado ministro alem\u00e1n de Relaciones Exteriores, se enfrenta a m\u00faltiples desaf\u00edos.<small class=\"copyright\">Imagen: picture alliance\/dpa<\/small><\/figcaption><\/figure>\n<h2>Wadephul es reservista del Ej\u00e9rcito alem\u00e1n<\/h2>\n<p>Junto con su experticia en pol\u00edtica exterior, Wadephul trae consigo experiencia en la pol\u00edtica de seguridad. Luego de terminar su bachillerato, sirvi\u00f3 en el ej\u00e9rcito\u00a0desde 1982 hasta 1986 como soldado, y es teniente coronel de la reserva. \u00abTengo una estrecha relaci\u00f3n con la Bundeswehr\u00bb, subraya.<\/p>\n<p>Pidi\u00f3 repetidamente mejor equipamiento para las Fuerzas Armadas y la reinstauraci\u00f3n del servicio militar obligatorio. Tambi\u00e9n se habl\u00f3 de \u00e9l para el cargo de ministro de Defensa, pero el socialdem\u00f3crata Boris Pistorius, el pol\u00edtico m\u00e1s popular entre\u00a0los alemanes, seguir\u00e1 ocup\u00e1ndolo.<\/p>\n<p>Sin embargo, la experiencia de Wadephul en pol\u00edtica de seguridad podr\u00eda beneficiarlo a la hora de lograr una mayor integraci\u00f3n de la pol\u00edtica exterior, de seguridad y de desarrollo alemana. \u00c9ste es un objetivo declarado del futuro gobierno federal.<\/p>\n<p>Luego de servir en el Ej\u00e9rcito alem\u00e1n, Wadephul estudi\u00f3 Derecho en la Universidad de Kiel, hizo un doctorado y se estableci\u00f3 como abogado independiente.<\/p>\n<p>Ingres\u00f3 a la CDU en 1982 y comenz\u00f3 all\u00ed su carrera pol\u00edtica en la organizaci\u00f3n regional de su partido. A partir de 2000 form\u00f3 parte del Parlamento regional\u00a0del estado de Schleswig-Holstein, hasta que pas\u00f3 al Bundestag en 2009. Vive cerca de Kiel, capital de ese estado, con su esposa y sus tres hijos. Le gusta viajar, en especial a Florencia y a Roma, y se interesa por la historia.<\/p>\n<p><span data-slot-id=\"Article_InContent-1\" class=\"rich-text-ad\"\/><\/p>\n<h2>Alemania sigue apoyando a Ucrania<\/h2>\n<p>Al nuevo jefe de la diplomacia le esperan tareas desafiantes en el escenario internacional: por un lado, est\u00e1 la brutal guerra de Rusia contra Ucrania, pa\u00eds que sigue contando con la ayuda de Alemania.<\/p>\n<p>Wadephul lo reiter\u00f3 en una entrevista con Deutsche Welle poco despu\u00e9s de su nominaci\u00f3n: \u00abCreo que debe quedar claro para todos los involucrados, especialmente para Vladimir Putin, que apoyamos a Ucrania. Apoyaremos a Ucrania y le ofreceremos la oportunidad de estar en igualdad de condiciones con Rusia\u201d.<\/p>\n<p>Al mismo tiempo, Alemania har\u00e1 mayores esfuerzos para involucrar a Estados Unidos en una posible soluci\u00f3n de paz para Ucrania \u00aby para dejar claro a la administraci\u00f3n Trump que es de su propio inter\u00e9s tener una Ucrania fuerte en la comunidad europea\u00bb.<\/p>\n<figure class=\"placeholder-image master_landscape big\"><img data-format=\"MASTER_LANDSCAPE\" data-id=\"72380382\" data-url=\"https:\/\/static.dw.com\/image\/72380382_${formatId}.jpg\" data-aspect-ratio=\"16\/9\" alt=\"Johann Wadephul, el designado ministro alem\u00e1n de Exteriores, junto a Friedrich Merz, el futuro canciller alem\u00e1n.\" style=\"padding-bottom: 56.25%; height: 0; max-height: 0;\"\/><figcaption class=\"img-caption\">Johann Wadephul (dcha.), el designado ministro alem\u00e1n de Exteriores, junto a Friedrich Merz, el futuro canciller alem\u00e1n.<small class=\"copyright\">Imagen: Florian Gaertner\/Photothek.de\/Picture Alliance <\/small><\/figcaption><\/figure>\n<h2>Estados Unidos, un socio dif\u00edcil<\/h2>\n<p>Tambi\u00e9n las tensas relaciones transatl\u00e1nticas ser\u00e1n una preocupaci\u00f3n para el futuro ministro de Asuntos Exteriores. Desde que el presidente estadounidense, Donald Trump, asumi\u00f3 el cargo, los miembros europeos de la OTAN ya no pueden confiar en Estados Unidos para garantizar la seguridad de Europa.<\/p>\n<p>\u00abPor supuesto, Europa debe hacer una mayor contribuci\u00f3n a la defensa que antes. Alemania tambi\u00e9n asumir\u00e1 un papel destacado en este aspecto\u00bb, declar\u00f3 Wadephul a Deutsche Welle. \u00abPero tambi\u00e9n queremos escuchar de Washington que valoran nuestros esfuerzos y siguen comprometidos con nuestros objetivos comunes\u00bb.<\/p>\n<h2>Fortalecer el rol de Alemania en el mundo<\/h2>\n<p>Esto est\u00e1 en consonancia con la ambici\u00f3n del futuro canciller alem\u00e1n, Friedrich Merz, de liderar con nuevas iniciativas en el \u00e1rea internacional. Merz pretende transformar a Alemania de una \u00abpotencia semidormida\u201d a una \u00abpotencia de liderazgo intermedio\u201d. Para \u00e9l, esto tambi\u00e9n incluye una estrecha coordinaci\u00f3n con socios como Francia y Polonia.<\/p>\n<p>Un\u00a0leal correligionario\u00a0al frente del Ministerio de Relaciones Exteriores deber\u00eda ser de gran ayuda para Merz. Sobre todo, porque el l\u00edder de la CDU ya ha subrayado que no quiere que se debatan p\u00fablicamente diferencias de opini\u00f3n en su gobierno sobre la pol\u00edtica exterior. En el gobierno anterior de coalici\u00f3n no fueron raras las disputas entre el canciller Olaf Scholz (socialdem\u00f3crata)\u00a0y la ministra de Relaciones Exteriores Annalena Baerbock (Los Verdes).<\/p>\n<p>El ministro de Relaciones Exteriores designado ya ha dejado claro que no continuar\u00e1 con la pol\u00edtica exterior feminista de Baerbock. Cada ministro de Asuntos Exteriores debe establecer sus propias prioridades. Tras asumir el cargo, Johann Wadephul tendr\u00e1 que demostrar cu\u00e1les ser\u00e1n sus propias prioridades bajo el mando de un canciller ambicioso en pol\u00edtica exterior, Friedrich Merz.<\/p>\n<p>(CP\/ER)<\/p>\n<\/div>\n\n","protected":false},"excerpt":{"rendered":"<p>Con Johann Wadephul, Alemania tendr\u00e1\u00a0tendr\u00e1\u00a0un ministro de Relaciones Exteriores democratacristiano por primera vez en casi 60 a\u00f1os.\u00a0Este alem\u00e1n del norte, de 62 a\u00f1os, que se ha destacado como experto en pol\u00edtica exterior en el Bundestag, es considerado un confidente del probable futuro canciller Friedrich Merz. De este modo, la jefatura del gobierno\u00a0y el Ministerio de &hellip;<\/p>\n","protected":false},"author":1,"featured_media":25285,"comment_status":"open","ping_status":"open","sticky":false,"template":"","format":"standard","meta":{"fifu_image_url":"https:\/\/static.dw.com\/image\/72373423_6.jpg","fifu_image_alt":"","footnotes":""},"categories":[13],"tags":[],"class_list":["post-25284","post","type-post","status-publish","format-standard","has-post-thumbnail","","category-mundo"],"_links":{"self":[{"href":"https:\/\/noticiasveraces.com\/index.php?rest_route=\/wp\/v2\/posts\/25284","targetHints":{"allow":["GET"]}}],"collection":[{"href":"https:\/\/noticiasveraces.com\/index.php?rest_route=\/wp\/v2\/posts"}],"about":[{"href":"https:\/\/noticiasveraces.com\/index.php?rest_route=\/wp\/v2\/types\/post"}],"author":[{"embeddable":true,"href":"https:\/\/noticiasveraces.com\/index.php?rest_route=\/wp\/v2\/users\/1"}],"replies":[{"embeddable":true,"href":"https:\/\/noticiasveraces.com\/index.php?rest_route=%2Fwp%2Fv2%2Fcomments&post=25284"}],"version-history":[{"count":0,"href":"https:\/\/noticiasveraces.com\/index.php?rest_route=\/wp\/v2\/posts\/25284\/revisions"}],"wp:featuredmedia":[{"embeddable":true,"href":"https:\/\/noticiasveraces.com\/index.php?rest_route=\/wp\/v2\/media\/25285"}],"wp:attachment":[{"href":"https:\/\/noticiasveraces.com\/index.php?rest_route=%2Fwp%2Fv2%2Fmedia&parent=25284"}],"wp:term":[{"taxonomy":"category","embeddable":true,"href":"https:\/\/noticiasveraces.com\/index.php?rest_route=%2Fwp%2Fv2%2Fcategories&post=25284"},{"taxonomy":"post_tag","embeddable":true,"href":"https:\/\/noticiasveraces.com\/index.php?rest_route=%2Fwp%2Fv2%2Ftags&post=25284"}],"curies":[{"name":"wp","href":"https:\/\/api.w.org\/{rel}","templated":true}]}}