{"id":25265,"date":"2025-04-30T22:27:10","date_gmt":"2025-05-01T02:27:10","guid":{"rendered":"https:\/\/noticiasveraces.com\/?p=25265"},"modified":"2025-04-30T22:27:10","modified_gmt":"2025-05-01T02:27:10","slug":"jose-pekerman-rechazo-a-gigante-de-argentina-y-revelo-su-futuro","status":"publish","type":"post","link":"https:\/\/noticiasveraces.com\/?p=25265","title":{"rendered":"Jos\u00e9 P\u00e9kerman rechaz\u00f3 a gigante de Argentina y revel\u00f3 su futuro"},"content":{"rendered":"<p> \n<br \/><img decoding=\"async\" src=\"https:\/\/www.futbolred.com\/files\/article_graphic\/uploads\/2022\/03\/25\/623e6dfe6fe7d.jpeg\" \/><\/p>\n<header>\n<h3>\n<p>                Curiosidades de f\u00fatbol<br \/>\n            <\/h3>\n<h1>\n<p>            Jos\u00e9 P\u00e9kerman rechaz\u00f3 a gigante de Argentina y revel\u00f3 su futuro<br \/>\n        <\/h1>\n<address>\n            <a>Andres Julian Abril Gomez<br \/>\n        <\/address>\n<p>            30 de abril 2025 , 08:30 p.\u00a0m.<\/p>\n<\/header>\n<p>El t\u00e9cnico argentino se refiri\u00f3 a las ofertas que tiene para volver a dirigir.<\/p>\n<p><b>Jos\u00e9 N\u00e9stor P\u00e9kerman <\/b>se encuentra sin equipo desde su salida de la Selecci\u00f3n de Venezuela ya hace m\u00e1s de un a\u00f1o por incumplimientos de la Federaci\u00f3n Venezolana de F\u00fatbol.<\/p>\n<p>El t\u00e9cnico ha sonado en varios lados. En su momento fue vinculado para ser director deportivo en <b>Carreras <\/b>y recientemente fue colocado como opci\u00f3n para reemplazar a Fernando Gago en <b>Juniors de Boca.  <\/b><\/p>\n<p>No obstante, P\u00e9kerman en di\u00e1logo con DSports Radio neg\u00f3 que sea opci\u00f3n en Boca y adem\u00e1s confirm\u00f3 que busca volver a una selecci\u00f3n nacional.<\/p>\n<p>\u201cCon Rom\u00e1n tenemos muy buena relaci\u00f3n, pero \u00e9l y su grupo deben saber lo que necesitan. Recib\u00ed muchos llamados del f\u00fatbol argentino, pero no es f\u00e1cil, yo estoy esperando alg\u00fan llamado de selecciones, pero no tengo problema en conversar\u201d, dijo el t\u00e9cnico de 75 a\u00f1os.  <\/p>\n<p>Por su parte, elogi\u00f3 lo que ha hecho la Selecci\u00f3n Argentina en el \u00faltimo tiempo: \u201cLa Selecci\u00f3n Argentina est\u00e1 en un nivel alt\u00edsimo. La Copa del Mundo fue m\u00e1s que merecida, era algo que se estaba buscando hace mucho tiempo. Tiene una identidad que se fue construyendo desde hace mucho tiempo. Siempre aparecen nuevos jugadores, eso mantiene vivo al f\u00fatbol argentino\u201d.  <\/p>\n<p>Finalmente, se mostr\u00f3 abierto a volver a la Selecci\u00f3n albiceleste sin importar el rol en el que lo ponga la AFA: \u201cLa Selecci\u00f3n puede mantener este nivel actual. Estoy dispuesto a trabajar con Argentina, de cualquier cosa. Me gustar\u00eda estar cerca de este grupo\u201d.<\/p>\n\n","protected":false},"excerpt":{"rendered":"<p>Curiosidades de f\u00fatbol Jos\u00e9 P\u00e9kerman rechaz\u00f3 a gigante de Argentina y revel\u00f3 su futuro Andres Julian Abril Gomez 30 de abril 2025 , 08:30 p.\u00a0m. El t\u00e9cnico argentino se refiri\u00f3 a las ofertas que tiene para volver a dirigir. Jos\u00e9 N\u00e9stor P\u00e9kerman se encuentra sin equipo desde su salida de la Selecci\u00f3n de Venezuela ya &hellip;<\/p>\n","protected":false},"author":1,"featured_media":25267,"comment_status":"open","ping_status":"open","sticky":false,"template":"","format":"standard","meta":{"fifu_image_url":"https:\/\/www.futbolred.com\/files\/og_thumbnail\/uploads\/2022\/03\/25\/623e6dfe6fe7d.jpeg","fifu_image_alt":"","footnotes":""},"categories":[6],"tags":[],"class_list":["post-25265","post","type-post","status-publish","format-standard","has-post-thumbnail","","category-deportes"],"_links":{"self":[{"href":"https:\/\/noticiasveraces.com\/index.php?rest_route=\/wp\/v2\/posts\/25265","targetHints":{"allow":["GET"]}}],"collection":[{"href":"https:\/\/noticiasveraces.com\/index.php?rest_route=\/wp\/v2\/posts"}],"about":[{"href":"https:\/\/noticiasveraces.com\/index.php?rest_route=\/wp\/v2\/types\/post"}],"author":[{"embeddable":true,"href":"https:\/\/noticiasveraces.com\/index.php?rest_route=\/wp\/v2\/users\/1"}],"replies":[{"embeddable":true,"href":"https:\/\/noticiasveraces.com\/index.php?rest_route=%2Fwp%2Fv2%2Fcomments&post=25265"}],"version-history":[{"count":0,"href":"https:\/\/noticiasveraces.com\/index.php?rest_route=\/wp\/v2\/posts\/25265\/revisions"}],"wp:featuredmedia":[{"embeddable":true,"href":"https:\/\/noticiasveraces.com\/index.php?rest_route=\/wp\/v2\/media\/25267"}],"wp:attachment":[{"href":"https:\/\/noticiasveraces.com\/index.php?rest_route=%2Fwp%2Fv2%2Fmedia&parent=25265"}],"wp:term":[{"taxonomy":"category","embeddable":true,"href":"https:\/\/noticiasveraces.com\/index.php?rest_route=%2Fwp%2Fv2%2Fcategories&post=25265"},{"taxonomy":"post_tag","embeddable":true,"href":"https:\/\/noticiasveraces.com\/index.php?rest_route=%2Fwp%2Fv2%2Ftags&post=25265"}],"curies":[{"name":"wp","href":"https:\/\/api.w.org\/{rel}","templated":true}]}}