{"id":25246,"date":"2025-04-30T17:49:49","date_gmt":"2025-04-30T21:49:49","guid":{"rendered":"https:\/\/noticiasveraces.com\/?p=25246"},"modified":"2025-04-30T17:49:49","modified_gmt":"2025-04-30T21:49:49","slug":"fue-el-apagon-espanol-causado-por-exceso-de-energia-solar-dw-30-04-2025","status":"publish","type":"post","link":"https:\/\/noticiasveraces.com\/?p=25246","title":{"rendered":"\u00bfFue el apag\u00f3n espa\u00f1ol causado por exceso de energ\u00eda solar? \u2013 DW \u2013 30\/04\/2025"},"content":{"rendered":"<p> \n<\/p>\n<div>\n<p>Tan pronto como se apagaron las luces\u00a0en Espa\u00f1a\u00a0y Portugal, las especulaciones comenzaron a multiplicarse: un ciberataque, perturbaciones atmosf\u00e9ricas e incluso extraterrestres<svg xmlns=\"http:\/\/www.w3.org\/2000\/svg\" width=\"20\" height=\"20\" viewbox=\"0 0 20 20\"><path d=\"M11.5 3.5 11.5 4.233C14.342 4.233 15.167 4.245 15.167 4.258L8.984 10.467 10.033 11.516C14.826 6.725 16.228 5.333 16.242 5.333L16.267 9 17.733 9 17.733 2.767 11.5 2.767 11.5 3.5M2.267 11 2.267 17.233 16.733 17.233 16.733 12 15.267 12 15.25 15.75 9.5 15.75 3.75 15.75 3.75 6.25 9.5 6.233 9.5 4.767 2.267 4.767 2.267 11 \"\/><\/svg>fueron citadas como posibles explicaciones. Mientras el Gobierno espa\u00f1ol investiga la posibilidad de un ciberataque a la red el\u00e9ctrica espa\u00f1ola, el responsable del operador del sistema de transmisi\u00f3n espa\u00f1ol REE, Eduardo Prieto, lo descart\u00f3. DW Verifica.<\/p>\n<h2>Fluctuaci\u00f3n extrema de frecuencia<\/h2>\n<p>Seg\u00fan Prieto, dos incidentes separados en el suroeste de Espa\u00f1a, en un lapso de 1,5 segundos, aparentemente desequilibraron tanto la frecuencia de la red que, en un lapso muy corto, fallaron plantas el\u00e9ctricas con una capacidad de 15 gigavatios (GW): casi la mitad de la capacidad el\u00e9ctrica activa en ese momento.<\/p>\n<p>Desviaciones muy grandes y repentinas pueden provocar una cascada de errores. Una fluctuaci\u00f3n extrema de frecuencia desencadena mecanismos en otras centrales el\u00e9ctricas (y en grandes consumidores), que luego retiran autom\u00e1ticamente a dichas centrales de la red.<\/p>\n<p>Prieto calific\u00f3 de \u00abmuy posible\u00bb que este efecto domin\u00f3 haya sido provocado por plantas de energ\u00eda solar. \u00bfTienen raz\u00f3n entonces los cr\u00edticos de las energ\u00edas renovables cuando afirman que un exceso de oferta de energ\u00eda solar provoc\u00f3 el apag\u00f3n?<\/p>\n<figure class=\"placeholder-image master_landscape big\"><img data-format=\"MASTER_LANDSCAPE\" data-id=\"72400883\" data-url=\"https:\/\/static.dw.com\/image\/72400883_${formatId}.png\" data-aspect-ratio=\"16\/9\" alt=\"Posteo de supuesto f\u00edsico con una cuenta alemana en X. Una leyenda en alem\u00e1n dice: &quot;Sin fundamento&quot;.\" style=\"padding-bottom: 56.25%; height: 0; max-height: 0;\"\/><figcaption class=\"img-caption\">Posteo de supuesto f\u00edsico con una cuenta alemana en X. Una leyenda en alem\u00e1n dice: \u00abSin fundamento\u00bb.<small class=\"copyright\">Imagen: X<\/small><\/figcaption><\/figure>\n<p><strong>Afirmaci\u00f3n:<\/strong> \u00abLas renovables, en este caso la energ\u00eda solar,\u00a0acaban de provocar el primer gran #apag\u00f3n en Espa\u00f1a, en concreto, por un exceso de oferta solar\u201d, describe un supuesto f\u00edsico<svg xmlns=\"http:\/\/www.w3.org\/2000\/svg\" width=\"20\" height=\"20\" viewbox=\"0 0 20 20\"><path d=\"M11.5 3.5 11.5 4.233C14.342 4.233 15.167 4.245 15.167 4.258L8.984 10.467 10.033 11.516C14.826 6.725 16.228 5.333 16.242 5.333L16.267 9 17.733 9 17.733 2.767 11.5 2.767 11.5 3.5M2.267 11 2.267 17.233 16.733 17.233 16.733 12 15.267 12 15.25 15.75 9.5 15.75 3.75 15.75 3.75 6.25 9.5 6.233 9.5 4.767 2.267 4.767 2.267 11 \"\/><\/svg>  con cuenta alemana en X, alcanzando casi 100.000 visualizaciones (al 30 de abril de 2025, 16:40 h).<\/p>\n<p>Cita, entre otros, al profesor de qu\u00edmica alem\u00e1n Fritz Vahrenholt, gerente\u00a0y cr\u00edtico de la transici\u00f3n energ\u00e9tica. Este hab\u00eda explicado en un posteo en X<svg xmlns=\"http:\/\/www.w3.org\/2000\/svg\" width=\"20\" height=\"20\" viewbox=\"0 0 20 20\"><path d=\"M11.5 3.5 11.5 4.233C14.342 4.233 15.167 4.245 15.167 4.258L8.984 10.467 10.033 11.516C14.826 6.725 16.228 5.333 16.242 5.333L16.267 9 17.733 9 17.733 2.767 11.5 2.767 11.5 3.5M2.267 11 2.267 17.233 16.733 17.233 16.733 12 15.267 12 15.25 15.75 9.5 15.75 3.75 15.75 3.75 6.25 9.5 6.233 9.5 4.767 2.267 4.767 2.267 11 \"\/><\/svg>  con m\u00e1s de 400.000 visualizaciones que, antes del fallo de la red en Espa\u00f1a, la producci\u00f3n de energ\u00edas renovables, especialmente la solar, hab\u00eda aumentado m\u00e1s que la demanda.<\/p>\n<p><strong>DW verifica: <\/strong>Sin fundamento.<\/p>\n<p>La causa del corte de electricidad a\u00fan no se ha determinado de manera concluyente. Es cierto que, en el momento del corte de electricidad, la energ\u00eda solar proporcionaba 19,3 GW, o aproximadamente el 60 por ciento de la energ\u00eda disponible en la red espa\u00f1ola. Adem\u00e1s, las plantas de energ\u00eda solar parecen dominar la producci\u00f3n de electricidad en el suroeste de Espa\u00f1a.<\/p>\n<figure class=\"placeholder-image master_landscape big\"><img data-format=\"MASTER_LANDSCAPE\" data-id=\"69341858\" data-url=\"https:\/\/static.dw.com\/image\/69341858_${formatId}.jpg\" data-aspect-ratio=\"16\/9\" alt=\"Central termosolar en Madrigalejo, Extremadura, Espa\u00f1a.\" style=\"padding-bottom: 56.25%; height: 0; max-height: 0;\"\/><figcaption class=\"img-caption\">Central termosolar en Madrigalejo, Extremadura, Espa\u00f1a.<small class=\"copyright\">Imagen: M. Woike\/Blickwinkel\/Picture Alliance<\/small><\/figcaption><\/figure>\n<h2>\u00bfSe apagaron todos los sistemas fotovoltaicos repentinamente?<\/h2>\n<p>Para Fritz Vahrenholt, cr\u00edtico de la transici\u00f3n energ\u00e9tica, est\u00e1 claro que el excedente de energ\u00eda fotovoltaica en la red espa\u00f1ola fue la \u00abcausa principal\u00bb, seg\u00fan dijo a DW en respuesta a una consulta por correo electr\u00f3nico. Esto oblig\u00f3 a Espa\u00f1a a exportar electricidad a Francia.<\/p>\n<p>La \u00abcausa secundaria\u00bb fue que se elimin\u00f3 la l\u00ednea de exportaci\u00f3n. Como resultado, \u00abtodos\u00bb los sistemas fotovoltaicos fueron retirados \u00abrepentinamente\u00bb de la red.<\/p>\n<p>En realidad, no deber\u00eda suceder que los sistemas fotovoltaicos se apaguen repentinamente.Desde 2016 se aplican en la Uni\u00f3n Europea normas uniformes para los productores de electricidad.<svg xmlns=\"http:\/\/www.w3.org\/2000\/svg\" width=\"20\" height=\"20\" viewbox=\"0 0 20 20\"><path d=\"M11.5 3.5 11.5 4.233C14.342 4.233 15.167 4.245 15.167 4.258L8.984 10.467 10.033 11.516C14.826 6.725 16.228 5.333 16.242 5.333L16.267 9 17.733 9 17.733 2.767 11.5 2.767 11.5 3.5M2.267 11 2.267 17.233 16.733 17.233 16.733 12 15.267 12 15.25 15.75 9.5 15.75 3.75 15.75 3.75 6.25 9.5 6.233 9.5 4.767 2.267 4.767 2.267 11 \"\/><\/svg>  En estas se establece que los sistemas fotovoltaicos deben reducir gradualmente su alimentaci\u00f3n si la frecuencia de la red supera el l\u00edmite de 50,2 hercios (Hz) debido a un excedente de energ\u00eda.<\/p>\n<p>\u00abEn Espa\u00f1a, las directrices de conexi\u00f3n a la red se introdujeron a finales de la d\u00e9cada de 2000 para garantizar que los sistemas fotovoltaicos no se desconectaran de la red en caso de un fallo repentino\u00bb, explica S\u00f6nke Rogalla, investigador sobre integraci\u00f3n en la red de sistemas de generaci\u00f3n de energ\u00edas renovables en el Instituto Fraunhofer ISE. Estas propiedades se verificar\u00edan como parte de los procedimientos de certificaci\u00f3n antes de la puesta en servicio.<\/p>\n<p>Los datos disponibles tambi\u00e9n contradicen la tesis de Vahrenholt: si todas las plantas solares se hubieran apagado al mismo tiempo, habr\u00eda habido un d\u00e9ficit de, como m\u00ednimo, 20,4 GW de electricidad, no de 15 GW. En el momento del apag\u00f3n, la capacidad fotovoltaica era de al menos 17 GW. Como medida de precauci\u00f3n tambi\u00e9n se desconectaron de la red las centrales nucleares que almacenaban 3,4 GW.<\/p>\n<p><span data-slot-id=\"Article_InContent-1\" class=\"rich-text-ad\"\/><\/p>\n<h2>\u00bfEs el alto consumo de energ\u00eda fotovoltaica un problema para las redes el\u00e9ctricas?<\/h2>\n<p>Est\u00e1 documentado que las conexiones de la red el\u00e9ctrica de Espa\u00f1a con Francia y Portugal se cortaron durante el apag\u00f3n. Sin embargo, a\u00fan no se ha aclarado de forma concluyente si este fue el detonante de los problemas en Espa\u00f1a o m\u00e1s bien una de las fichas de domin\u00f3.<\/p>\n<p>Una cosa es segura: Espa\u00f1a export\u00f3 3 GW netos poco antes de la desconexi\u00f3n de la red. Esta es la cantidad de electricidad adicional que hubo de repente en Espa\u00f1a debido a la interrupci\u00f3n del suministro el\u00e9ctrico. Un incidente de estas caracter\u00edsticas supone sin duda una gran presi\u00f3n para cualquier red el\u00e9ctrica.<\/p>\n<p>Vahrenholt cree que la baja proporci\u00f3n de centrales el\u00e9ctricas de carb\u00f3n y nucleares en Espa\u00f1a fue un problema adicional. Las turbinas de estas centrales el\u00e9ctricas tienen un efecto de suavizado de frecuencia.<\/p>\n<p>Este efecto estabilizador se llama reserva instant\u00e1nea y probablemente faltaba en Espa\u00f1a, escribe Enrique Garralaga, director general de una filial del fabricante alem\u00e1n de componentes fotovoltaicos SMA, en una \u00a0publicaci\u00f3n en LinkedIn<svg xmlns=\"http:\/\/www.w3.org\/2000\/svg\" width=\"20\" height=\"20\" viewbox=\"0 0 20 20\"><path d=\"M11.5 3.5 11.5 4.233C14.342 4.233 15.167 4.245 15.167 4.258L8.984 10.467 10.033 11.516C14.826 6.725 16.228 5.333 16.242 5.333L16.267 9 17.733 9 17.733 2.767 11.5 2.767 11.5 3.5M2.267 11 2.267 17.233 16.733 17.233 16.733 12 15.267 12 15.25 15.75 9.5 15.75 3.75 15.75 3.75 6.25 9.5 6.233 9.5 4.767 2.267 4.767 2.267 11 \"\/><\/svg>.<\/p>\n<h2>\u00abLas soluciones t\u00e9cnicas est\u00e1n disponibles\u00bb<\/h2>\n<p>Esto tambi\u00e9n podr\u00eda haber contribuido al apag\u00f3n, confirma el investigador\u00a0Rogalla. Sin embargo, \u00e9l tiene una visi\u00f3n completamente diferente del incidente en Espa\u00f1a: \u00abEl apag\u00f3n en Espa\u00f1a no es un fallo de la energ\u00eda fotovoltaica, sino probablemente un fallo del sistema. En este sentido, lo veo como un recordatorio urgente de que la reestructuraci\u00f3n del sistema energ\u00e9tico plantea grandes retos\u201d.<\/p>\n<p>Con los sistemas instalados hoy en d\u00eda, no es posible operar una red el\u00e9ctrica utilizando \u00fanicamente energ\u00eda solar y e\u00f3lica. Rogalla rechaza la idea de que una alta proporci\u00f3n de energ\u00edas renovables sea un problema irresoluble: \u00abEstamos aprendiendo constantemente. Las soluciones t\u00e9cnicas ya est\u00e1n disponibles; ahora tenemos que ponernos manos a la obra para implementarlas\u00bb, afirma.<\/p>\n<p>El Gobierno alem\u00e1n saliente ya ha descrito en una hoja de ruta<svg xmlns=\"http:\/\/www.w3.org\/2000\/svg\" width=\"20\" height=\"20\" viewbox=\"0 0 20 20\"><path d=\"M11.5 3.5 11.5 4.233C14.342 4.233 15.167 4.245 15.167 4.258L8.984 10.467 10.033 11.516C14.826 6.725 16.228 5.333 16.242 5.333L16.267 9 17.733 9 17.733 2.767 11.5 2.767 11.5 3.5M2.267 11 2.267 17.233 16.733 17.233 16.733 12 15.267 12 15.25 15.75 9.5 15.75 3.75 15.75 3.75 6.25 9.5 6.233 9.5 4.767 2.267 4.767 2.267 11 \"\/><\/svg>  un posible camino para ello. La autoridad reguladora ACER<svg xmlns=\"http:\/\/www.w3.org\/2000\/svg\" width=\"20\" height=\"20\" viewbox=\"0 0 20 20\"><path d=\"M11.5 3.5 11.5 4.233C14.342 4.233 15.167 4.245 15.167 4.258L8.984 10.467 10.033 11.516C14.826 6.725 16.228 5.333 16.242 5.333L16.267 9 17.733 9 17.733 2.767 11.5 2.767 11.5 3.5M2.267 11 2.267 17.233 16.733 17.233 16.733 12 15.267 12 15.25 15.75 9.5 15.75 3.75 15.75 3.75 6.25 9.5 6.233 9.5 4.767 2.267 4.767 2.267 11 \"\/><\/svg> ya ha presentado una propuesta para la implementaci\u00f3n de nuevas soluciones a nivel de la UE.<\/p>\n<p><strong>Conclusi\u00f3n:<\/strong> La teor\u00eda de que un \u00abexceso de oferta de energ\u00eda solar\u201d fue la causa del apag\u00f3n no se puede probar. Si as\u00ed fuere, significar\u00eda que una alta proporci\u00f3n de electricidad solar o renovable ser\u00eda un problema fundamental.<\/p>\n<p>(CP\/ER)<\/p>\n<\/div>\n\n","protected":false},"excerpt":{"rendered":"<p>Tan pronto como se apagaron las luces\u00a0en Espa\u00f1a\u00a0y Portugal, las especulaciones comenzaron a multiplicarse: un ciberataque, perturbaciones atmosf\u00e9ricas e incluso extraterrestresfueron citadas como posibles explicaciones. Mientras el Gobierno espa\u00f1ol investiga la posibilidad de un ciberataque a la red el\u00e9ctrica espa\u00f1ola, el responsable del operador del sistema de transmisi\u00f3n espa\u00f1ol REE, Eduardo Prieto, lo descart\u00f3. DW &hellip;<\/p>\n","protected":false},"author":1,"featured_media":25247,"comment_status":"open","ping_status":"open","sticky":false,"template":"","format":"standard","meta":{"fifu_image_url":"https:\/\/static.dw.com\/image\/72384215_6.jpg","fifu_image_alt":"","footnotes":""},"categories":[13],"tags":[],"class_list":["post-25246","post","type-post","status-publish","format-standard","has-post-thumbnail","","category-mundo"],"_links":{"self":[{"href":"https:\/\/noticiasveraces.com\/index.php?rest_route=\/wp\/v2\/posts\/25246","targetHints":{"allow":["GET"]}}],"collection":[{"href":"https:\/\/noticiasveraces.com\/index.php?rest_route=\/wp\/v2\/posts"}],"about":[{"href":"https:\/\/noticiasveraces.com\/index.php?rest_route=\/wp\/v2\/types\/post"}],"author":[{"embeddable":true,"href":"https:\/\/noticiasveraces.com\/index.php?rest_route=\/wp\/v2\/users\/1"}],"replies":[{"embeddable":true,"href":"https:\/\/noticiasveraces.com\/index.php?rest_route=%2Fwp%2Fv2%2Fcomments&post=25246"}],"version-history":[{"count":0,"href":"https:\/\/noticiasveraces.com\/index.php?rest_route=\/wp\/v2\/posts\/25246\/revisions"}],"wp:featuredmedia":[{"embeddable":true,"href":"https:\/\/noticiasveraces.com\/index.php?rest_route=\/wp\/v2\/media\/25247"}],"wp:attachment":[{"href":"https:\/\/noticiasveraces.com\/index.php?rest_route=%2Fwp%2Fv2%2Fmedia&parent=25246"}],"wp:term":[{"taxonomy":"category","embeddable":true,"href":"https:\/\/noticiasveraces.com\/index.php?rest_route=%2Fwp%2Fv2%2Fcategories&post=25246"},{"taxonomy":"post_tag","embeddable":true,"href":"https:\/\/noticiasveraces.com\/index.php?rest_route=%2Fwp%2Fv2%2Ftags&post=25246"}],"curies":[{"name":"wp","href":"https:\/\/api.w.org\/{rel}","templated":true}]}}