{"id":25223,"date":"2025-04-30T15:17:06","date_gmt":"2025-04-30T19:17:06","guid":{"rendered":"https:\/\/noticiasveraces.com\/?p=25223"},"modified":"2025-04-30T15:17:06","modified_gmt":"2025-04-30T19:17:06","slug":"el-primer-precio-de-las-acciones-solares-cae-despues-de-los-comentarios-del-ejecutivo-sobre-las-tarifas","status":"publish","type":"post","link":"https:\/\/noticiasveraces.com\/?p=25223","title":{"rendered":"El primer precio de las acciones solares cae despu\u00e9s de los comentarios del ejecutivo sobre las tarifas"},"content":{"rendered":"<p> \n<\/p>\n<div><!----> <!----> <\/p>\n<div class=\"featured featured-video video-ct\">\n<div class=\"contain\">\n<div class=\"info\">\n<div class=\"caption\">\n<p>El CEO de la Federaci\u00f3n Nacional de Minoristas, Matt Shay, comenta sobre las tensiones de tarifas y c\u00f3mo podr\u00edan poner en peligro a las peque\u00f1as empresas.<\/p>\n<\/div>\n<\/div>\n<\/div>\n<\/div>\n<p>Las acciones de First Solar cayeron el mi\u00e9rcoles despu\u00e9s de que los inversores reaccionaron a los \u00abdesaf\u00edos significativos\u00bb de que el CEO Mark Widmar dijo que las tarifas del presidente Donald Trump presentaron al fabricante de m\u00f3dulos solares.<\/p>\n<p>Las acciones de la compa\u00f1\u00eda cayeron m\u00e1s del 7,5% el mi\u00e9rcoles, el d\u00eda despu\u00e9s de que First Solar publicara sus resultados financieros del primer trimestre y mantuviera su llamada de ganancias para discutirlos.<\/p>\n<div class=\"inline image-ct\">\n<div class=\"m\"><picture><source media=\"(max-width: 767px)\" srcset=\"https:\/\/a57.foxnews.com\/static.foxbusiness.com\/foxbusiness.com\/content\/uploads\/2025\/04\/343\/192\/first-solar-logo.jpg?ve=1&amp;tl=1, https:\/\/a57.foxnews.com\/static.foxbusiness.com\/foxbusiness.com\/content\/uploads\/2025\/04\/686\/384\/first-solar-logo.jpg?ve=1&amp;tl=1 2x\"><source media=\"(min-width: 768px) and (max-width: 1023px)\" srcset=\"https:\/\/a57.foxnews.com\/static.foxbusiness.com\/foxbusiness.com\/content\/uploads\/2025\/04\/672\/378\/first-solar-logo.jpg?ve=1&amp;tl=1, https:\/\/a57.foxnews.com\/static.foxbusiness.com\/foxbusiness.com\/content\/uploads\/2025\/04\/1344\/756\/first-solar-logo.jpg?ve=1&amp;tl=1 2x\"><source media=\"(min-width: 1024px) and (max-width: 1279px)\" srcset=\"https:\/\/a57.foxnews.com\/static.foxbusiness.com\/foxbusiness.com\/content\/uploads\/2025\/04\/931\/523\/first-solar-logo.jpg?ve=1&amp;tl=1, https:\/\/a57.foxnews.com\/static.foxbusiness.com\/foxbusiness.com\/content\/uploads\/2025\/04\/1862\/1046\/first-solar-logo.jpg?ve=1&amp;tl=1 2x\"><source media=\"(min-width: 1280px)\" srcset=\"https:\/\/a57.foxnews.com\/static.foxbusiness.com\/foxbusiness.com\/content\/uploads\/2025\/04\/720\/405\/first-solar-logo.jpg?ve=1&amp;tl=1, https:\/\/a57.foxnews.com\/static.foxbusiness.com\/foxbusiness.com\/content\/uploads\/2025\/04\/1440\/810\/first-solar-logo.jpg?ve=1&amp;tl=1 2x\"><img decoding=\"async\" src=\"https:\/\/a57.foxnews.com\/static.foxbusiness.com\/foxbusiness.com\/content\/uploads\/2025\/04\/931\/523\/first-solar-logo.jpg?ve=1&amp;tl=1\" alt=\"CHONGQING, China - 23 de febrero: En esta ilustraci\u00f3n de fotos, el primer logotipo solar se muestra en la pantalla de un tel\u00e9fono inteligente, con el \u00faltimo rendimiento del mercado de valores de la compa\u00f1\u00eda y las listas de velas visibles en el fondo, destacando las tendencias financieras en tiempo real de First Solar, las fluctuaciones de precios de las acciones, la volatilidad del mercado y los desarrollos de inversiones en la energ\u00eda renovable, la tecnolog\u00eda solar y los sectores de energ\u00eda sostenible, en febrero, 23, 2025 en la volatilidad del mercado, China, China. (Foto de Cheng Xin\/Getty Images)\"\/><\/source><\/source><\/source><\/source><\/picture><\/div>\n<div class=\"caption\">\n<p><span>En esta ilustraci\u00f3n fotogr\u00e1fica, el primer logotipo solar se muestra en la pantalla de un tel\u00e9fono inteligente, el 23 de febrero de 2025.<\/span><span>  (Cheng Xin \/ Getty Images)<\/span><\/p>\n<\/div>\n<\/div>\n<p>Widmar dijo a los analistas e inversores sobre la llamada que los aranceles de la administraci\u00f3n Trump \u00abintrodujeron desaf\u00edos significativos en 2025 que no se conoc\u00edan al comienzo del a\u00f1o\u00bb.<\/p>\n<p>A principios de abril, Trump estableci\u00f3 un impuesto basal del 10% para los bienes importados de pa\u00edses extranjeros y aranceles \u00abrec\u00edprocos m\u00e1s altos individualizados\u00bb en ciertas naciones. M\u00e1s tarde, el presidente anunci\u00f3 una pausa de 90 d\u00edas sobre las tarifas rec\u00edprocas y opt\u00f3 por aplicar un impuesto del 10% durante ese per\u00edodo en pa\u00edses que no hab\u00edan tomado represalias contra los Estados Unidos.<\/p>\n<div class=\"inline image-ct\">\n<div class=\"m\"><picture><source media=\"(max-width: 767px)\" srcset=\"https:\/\/a57.foxnews.com\/static.foxbusiness.com\/foxbusiness.com\/content\/uploads\/2025\/04\/343\/192\/trump-tariffs.png?ve=1&amp;tl=1, https:\/\/a57.foxnews.com\/static.foxbusiness.com\/foxbusiness.com\/content\/uploads\/2025\/04\/686\/384\/trump-tariffs.png?ve=1&amp;tl=1 2x\"><source media=\"(min-width: 768px) and (max-width: 1023px)\" srcset=\"https:\/\/a57.foxnews.com\/static.foxbusiness.com\/foxbusiness.com\/content\/uploads\/2025\/04\/672\/378\/trump-tariffs.png?ve=1&amp;tl=1, https:\/\/a57.foxnews.com\/static.foxbusiness.com\/foxbusiness.com\/content\/uploads\/2025\/04\/1344\/756\/trump-tariffs.png?ve=1&amp;tl=1 2x\"><source media=\"(min-width: 1024px) and (max-width: 1279px)\" srcset=\"https:\/\/a57.foxnews.com\/static.foxbusiness.com\/foxbusiness.com\/content\/uploads\/2025\/04\/931\/523\/trump-tariffs.png?ve=1&amp;tl=1, https:\/\/a57.foxnews.com\/static.foxbusiness.com\/foxbusiness.com\/content\/uploads\/2025\/04\/1862\/1046\/trump-tariffs.png?ve=1&amp;tl=1 2x\"><source media=\"(min-width: 1280px)\" srcset=\"https:\/\/a57.foxnews.com\/static.foxbusiness.com\/foxbusiness.com\/content\/uploads\/2025\/04\/720\/405\/trump-tariffs.png?ve=1&amp;tl=1, https:\/\/a57.foxnews.com\/static.foxbusiness.com\/foxbusiness.com\/content\/uploads\/2025\/04\/1440\/810\/trump-tariffs.png?ve=1&amp;tl=1 2x\"><img decoding=\"async\" src=\"https:\/\/a57.foxnews.com\/static.foxbusiness.com\/foxbusiness.com\/content\/uploads\/2025\/04\/931\/523\/trump-tariffs.png?ve=1&amp;tl=1\" alt=\"Trump presentando tarifas\"\/><\/source><\/source><\/source><\/source><\/picture><\/div>\n<div class=\"caption\">\n<p><span>El presidente Donald Trump sostiene una tabla de \u00abtarifas rec\u00edprocas\u00bb mientras habla durante un evento en el Rose Garden en la Casa Blanca el 2 de abril de 2025.<\/span><span>  (Chip Somodevilla \/ Getty Images)<\/span><\/p>\n<\/div>\n<\/div>\n<p><strong>Trump dice que est\u00e1 criando tarifas de China a\u00fan m\u00e1s, deteniendo aranceles rec\u00edprocos para los dem\u00e1s<\/strong><\/p>\n<p>Widmar dijo que las tasas de gravamen originales contra India, Malasia y Vietnam presentaron un \u00abviento de frente econ\u00f3mico significativo para nuestras instalaciones de fabricaci\u00f3n en estos pa\u00edses que se venden en el mercado estadounidense\u00bb.<\/p>\n<p>\u00abSi bien la posterior pausa de 90 d\u00edas a la efectividad de estas tarifas y la aplicaci\u00f3n de una tarifa universal al 10% mitiga parcialmente el impacto, la tasa m\u00e1s baja a\u00fan dar\u00eda como resultado un impacto de margen bruto adverso significativo en las ventas en los Estados Unidos, en ausencia de que el deber se haya pasado por completo al comprador del m\u00f3dulo\u00bb, continu\u00f3.<\/p>\n<p>Sus instalaciones en Malasia y Vietnam fabrican en gran medida productos para los Estados Unidos, seg\u00fan Widmar. La f\u00e1brica en la India, dijo, lo hace para el mercado interno y Am\u00e9rica del pa\u00eds. <\/p>\n<p>Widmar dijo que la \u00abincertidumbre\u00bb adicional sobre lo que suceder\u00e1 con los aranceles una vez que hayan transcurrido los 90 d\u00edas tambi\u00e9n \u00abcre\u00f3 un desaf\u00edo para cuantificar la tasa de tarifa precisa que se aplicar\u00eda a nuestros env\u00edos de m\u00f3dulos en la segunda mitad del a\u00f1o\u00bb. <\/p>\n<p>First Solar est\u00e1 buscando alejarse de las exportaciones a los EE. UU. Desde su sitio de fabricaci\u00f3n de la India, con planes de inclinarse m\u00e1s en el mercado interno de ese pa\u00eds, seg\u00fan el CEO. <\/p>\n<p><strong>Casi el 41% de la energ\u00eda global provino de la energ\u00eda limpia el a\u00f1o pasado<\/strong><\/p>\n<p>Mientras tanto, dijo que la compa\u00f1\u00eda contin\u00faa \u00abevaluando las mejores opciones para optimizar la producci\u00f3n\u00bb en sus instalaciones de Malasia y Vietnam \u00aben un entorno de demanda estadounidense potencialmente reducido para productos no dom\u00e9sticos, pero estamos conscientes de que necesitamos reducir o inactivar la producci\u00f3n en uno o ambos de estos lugares, especialmente si se implementan las tarifas rec\u00edprocas anunciadas\u00bb. <\/p>\n<p>Sin embargo, First Solar cree que la \u00abperspectiva a largo plazo para la demanda solar, particularmente en nuestro mercado principal de los Estados Unidos, sigue siendo fuerte\u00bb y la compa\u00f1\u00eda est\u00e1 \u00abbien posicionada\u00bb para capitalizarla, seg\u00fan Widmar. <\/p>\n<p>Cit\u00f3 el hecho de que la compa\u00f1\u00eda es el \u00ab\u00fanico nosotros con sede [photovoltaic] Fabricante de escala \u00abpara esa creencia. Tambi\u00e9n se\u00f1al\u00f3 que First Solar tendr\u00e1 una\u00bb presencia de fabricaci\u00f3n solar estadounidense totalmente verticalmente \u00aben tres estados y una\u00bb gran cadena de suministro nacional \u00abpara fin de a\u00f1o.<\/p>\n<p><strong>Las instalaciones de energ\u00eda solar contin\u00faan creciendo en los Estados Unidos<\/strong><\/p>\n<p>En su lanzamiento de ganancias del primer trimestre, las primeras ventas netas pronosticadas con solar para 2025 ser\u00e1n de $ 4.5 mil millones a $ 5.5 mil millones, inferiores a los $ 5.3 mil millones a $ 5.8 mil millones en su gu\u00eda anterior. Tambi\u00e9n se espera que sus ganancias anuales por acci\u00f3n diluida sean de $ 12.50 a $ 17.50, en comparaci\u00f3n con un rango anterior de $ 17.00 a $ 20.00. <\/p>\n<div class=\"inline image-ct\">\n<div class=\"m\"><picture><source media=\"(max-width: 767px)\" srcset=\"https:\/\/a57.foxnews.com\/static.foxbusiness.com\/foxbusiness.com\/content\/uploads\/2025\/04\/343\/192\/first-solar-on-phone.jpg?ve=1&amp;tl=1, https:\/\/a57.foxnews.com\/static.foxbusiness.com\/foxbusiness.com\/content\/uploads\/2025\/04\/686\/384\/first-solar-on-phone.jpg?ve=1&amp;tl=1 2x\"><source media=\"(min-width: 768px) and (max-width: 1023px)\" srcset=\"https:\/\/a57.foxnews.com\/static.foxbusiness.com\/foxbusiness.com\/content\/uploads\/2025\/04\/672\/378\/first-solar-on-phone.jpg?ve=1&amp;tl=1, https:\/\/a57.foxnews.com\/static.foxbusiness.com\/foxbusiness.com\/content\/uploads\/2025\/04\/1344\/756\/first-solar-on-phone.jpg?ve=1&amp;tl=1 2x\"><source media=\"(min-width: 1024px) and (max-width: 1279px)\" srcset=\"https:\/\/a57.foxnews.com\/static.foxbusiness.com\/foxbusiness.com\/content\/uploads\/2025\/04\/931\/523\/first-solar-on-phone.jpg?ve=1&amp;tl=1, https:\/\/a57.foxnews.com\/static.foxbusiness.com\/foxbusiness.com\/content\/uploads\/2025\/04\/1862\/1046\/first-solar-on-phone.jpg?ve=1&amp;tl=1 2x\"><source media=\"(min-width: 1280px)\" srcset=\"https:\/\/a57.foxnews.com\/static.foxbusiness.com\/foxbusiness.com\/content\/uploads\/2025\/04\/720\/405\/first-solar-on-phone.jpg?ve=1&amp;tl=1, https:\/\/a57.foxnews.com\/static.foxbusiness.com\/foxbusiness.com\/content\/uploads\/2025\/04\/1440\/810\/first-solar-on-phone.jpg?ve=1&amp;tl=1 2x\"><img decoding=\"async\" src=\"https:\/\/a57.foxnews.com\/static.foxbusiness.com\/foxbusiness.com\/content\/uploads\/2025\/04\/931\/523\/first-solar-on-phone.jpg?ve=1&amp;tl=1\" alt=\"El primer logotipo solar aparece en una pantalla de tel\u00e9fono inteligente en esta foto de ilustraci\u00f3n en Reno, Estados Unidos, el 28 de diciembre de 2024. (Foto de Jaque Silva\/Nurphoto a trav\u00e9s de Getty Images)\"\/><\/source><\/source><\/source><\/source><\/picture><\/div>\n<div class=\"caption\">\n<p><span>El primer logotipo solar aparece en una pantalla de tel\u00e9fono inteligente en esta foto de ilustraci\u00f3n en Reno, Nevada, el 28 de diciembre de 2024.<\/span><span>  (JAQUE SILVA \/ NURPHOTO VIA \/ GETTY IMAGEN)<\/span><\/p>\n<\/div>\n<\/div>\n<p>Esa orientaci\u00f3n estaba \u00absujeta a una variedad de supuestos y estimaciones, incluso con respecto a los aranceles y otros remedios comerciales, y ciertos factores relacionados con la Ley de Reducci\u00f3n de Inflaci\u00f3n de 2022\u00bb, como los cr\u00e9ditos fiscales, dijo la compa\u00f1\u00eda. <\/p>\n<p>First Solar gener\u00f3 casi $ 844.6 millones en ventas netas durante los primeros tres meses de 2025. Su ingreso neto fue de $ 209.5 millones. <\/p>\n<table class=\"stock-fundamentals\">\n<thead>\n<tr>\n<th class=\"ticker\">Coraz\u00f3n<\/th>\n<th class=\"security\">Seguridad<\/th>\n<th class=\"last\">\u00daltimo<\/th>\n<th class=\"change\">Cambiar<\/th>\n<th class=\"percent\">Cambiar %<\/th>\n<\/tr>\n<\/thead>\n<tbody>\n<tr>\n<td class=\"ticker\">FLSR<\/td>\n<td class=\"security\">No hay datos disponibles<\/td>\n<td class=\"last\">&#8211;<\/td>\n<td class=\"change\">&#8211;<\/td>\n<td class=\"percent\">\n<p>        &#8211;\n      <\/td>\n<\/tr>\n<tr\/><\/tbody>\n<\/table>\n<\/div>\n\n","protected":false},"excerpt":{"rendered":"<p>El CEO de la Federaci\u00f3n Nacional de Minoristas, Matt Shay, comenta sobre las tensiones de tarifas y c\u00f3mo podr\u00edan poner en peligro a las peque\u00f1as empresas. Las acciones de First Solar cayeron el mi\u00e9rcoles despu\u00e9s de que los inversores reaccionaron a los \u00abdesaf\u00edos significativos\u00bb de que el CEO Mark Widmar dijo que las tarifas del &hellip;<\/p>\n","protected":false},"author":1,"featured_media":25225,"comment_status":"open","ping_status":"open","sticky":false,"template":"","format":"standard","meta":{"fifu_image_url":"https:\/\/a57.foxnews.com\/static.foxbusiness.com\/foxbusiness.com\/content\/uploads\/2025\/04\/0\/0\/first-solar-logo.jpg?ve=1&tl=1","fifu_image_alt":"","footnotes":""},"categories":[3],"tags":[],"class_list":["post-25223","post","type-post","status-publish","format-standard","has-post-thumbnail","","category-negocio"],"_links":{"self":[{"href":"https:\/\/noticiasveraces.com\/index.php?rest_route=\/wp\/v2\/posts\/25223","targetHints":{"allow":["GET"]}}],"collection":[{"href":"https:\/\/noticiasveraces.com\/index.php?rest_route=\/wp\/v2\/posts"}],"about":[{"href":"https:\/\/noticiasveraces.com\/index.php?rest_route=\/wp\/v2\/types\/post"}],"author":[{"embeddable":true,"href":"https:\/\/noticiasveraces.com\/index.php?rest_route=\/wp\/v2\/users\/1"}],"replies":[{"embeddable":true,"href":"https:\/\/noticiasveraces.com\/index.php?rest_route=%2Fwp%2Fv2%2Fcomments&post=25223"}],"version-history":[{"count":0,"href":"https:\/\/noticiasveraces.com\/index.php?rest_route=\/wp\/v2\/posts\/25223\/revisions"}],"wp:featuredmedia":[{"embeddable":true,"href":"https:\/\/noticiasveraces.com\/index.php?rest_route=\/wp\/v2\/media\/25225"}],"wp:attachment":[{"href":"https:\/\/noticiasveraces.com\/index.php?rest_route=%2Fwp%2Fv2%2Fmedia&parent=25223"}],"wp:term":[{"taxonomy":"category","embeddable":true,"href":"https:\/\/noticiasveraces.com\/index.php?rest_route=%2Fwp%2Fv2%2Fcategories&post=25223"},{"taxonomy":"post_tag","embeddable":true,"href":"https:\/\/noticiasveraces.com\/index.php?rest_route=%2Fwp%2Fv2%2Ftags&post=25223"}],"curies":[{"name":"wp","href":"https:\/\/api.w.org\/{rel}","templated":true}]}}