{"id":25221,"date":"2025-04-30T14:54:06","date_gmt":"2025-04-30T18:54:06","guid":{"rendered":"https:\/\/noticiasveraces.com\/?p=25221"},"modified":"2025-04-30T14:54:06","modified_gmt":"2025-04-30T18:54:06","slug":"los-fanaticos-de-la-musica-le-dicen-lo-mismo-a-la-alineacion-de-pelota-de-verano-fm-capital-fm-noticias-de-celebridades-showbiz-tv","status":"publish","type":"post","link":"https:\/\/noticiasveraces.com\/?p=25221","title":{"rendered":"Los fan\u00e1ticos de la m\u00fasica le dicen lo mismo a la alineaci\u00f3n de pelota de verano FM Capital FM | Noticias de celebridades | Showbiz &#038; TV"},"content":{"rendered":"<p> \n<\/p>\n<div>\n<p>Capital FM ha presentado la alineaci\u00f3n repleta de estrellas para el bal\u00f3n de verano de este a\u00f1o, con nombres como Benson Boone, Busted vs McFly y Rita Ora. Pero los dos principales carteles del evento han dejado a algunos fan\u00e1ticos decepcionados.<\/p>\n<p>La extravagancia musical de un d\u00eda ser\u00e1 presentada por Jordan North, Chris Stark y Si\u00e2n Welby, con la realeza musical Mariah Carey y Will Smith encabezando el proyecto de ley.<\/p>\n<p>El espect\u00e1culo espectacular iluminar\u00e1 el estadio Wembley de Londres el domingo 15 de junio, con una lista de talentos que incluyen KSI, Lola Young, Zara Larson, Rene\u00e9 Rapp y Jessie J.<\/p>\n<p>A pesar de la variedad de talentos, los usuarios de las redes sociales se han quedado divididos sobre la elecci\u00f3n de los cabezas de cartel. Lauren, un usuario de Tiktok, captur\u00f3 su decepci\u00f3n en un video que muestra su reacci\u00f3n en vivo a las noticias.<\/p>\n<p>El video de Lauren, subtitulado: \u00abCuando Capital dijo que filmara su reacci\u00f3n al titular de STB\u00bb, muestra su rebosante de emoci\u00f3n, solo para que su expresi\u00f3n caiga como se anuncia Will Smith. Su consternaci\u00f3n es palpable mientras escucha al resto del anuncio de la alineaci\u00f3n.<\/p>\n<\/div>\n<div>\n<p>En la leyenda de su video, la joven de 22 a\u00f1os se lament\u00f3: \u00abEsperaba m\u00e1s &#8230; \u00bfD\u00f3nde est\u00e1 Gracie y Sabrina y Ed Sheeran\u00bb, haci\u00e9ndose eco de los sentimientos de muchos fan\u00e1ticos con la esperanza de diferentes actos de titulares?<\/p>\n<p>Lauren no fue la \u00fanica que los cabezales le quedaron decepcionados. Cuando Capital dio la noticia, las redes sociales estaban llenas de reacciones, algunos lo etiquetaron &#8216;la peor&#8217; alineaci\u00f3n de la historia.<\/p>\n<p>\u00abCreo que esta es la peor alineaci\u00f3n de pelota de verano de capital que he visto que ser\u00eda el a\u00f1o en que estaba pensando en ir de nuevo\u00bb, lament\u00f3 un usuario en X.<\/p>\n<p>\u00abLos carteles de pelota de verano de Capital son Mariah Carey y Will Smith ?????\u00bb Tuite\u00f3 otro, acompa\u00f1ado por un gif de un hombre confundido.<\/p>\n<p>Sin embargo, un tercer fan\u00e1tico salt\u00f3 a la defensa del evento, comentando: \u00abEn realidad, es salvaje ver a los ni\u00f1os literales de mal gusto en las respuestas a Capital FM quej\u00e1ndose de la alineaci\u00f3n de la pelota de verano, porque no est\u00e1 lleno de artistas de baile de un solo \u00e9xito.<\/p>\n<\/div>\n<div>\n<p>\u00abMariah Carey, Will Smith, Jade, Busted, McFly, Jessie J &#8230; \u00a1literalmente innumerables \u00e9xitos entre ellos!!\u00bb A\u00f1adieron.<\/p>\n<p>Pasando, alguien m\u00e1s public\u00f3: \u00abSi veo a un ni\u00f1o m\u00e1s de 12 a\u00f1os decir &#8216;\u00bfPor qu\u00e9 Mariah Carey solo es conocida por una canci\u00f3n de Navidad'\u00bb, seguida de un emoji de facepalm?<\/p>\n<p>\u00abLa alineaci\u00f3n de Summertime Ball es 10\/10 este a\u00f1o\u00bb, se entusiasm\u00f3 con un usuario, mientras que otro comparti\u00f3: \u00abLos boletos de pelota de verano asegurados, posiblemente la mejor alineaci\u00f3n que he visto para un minuto caliente #CapitalFM.<\/p>\n<p>\u00abLa alineaci\u00f3n de la pelota de verano en realidad es buena por una vez\u00bb, acord\u00f3 otro.<\/p>\n<p>Por el contrario, un usuario contrarrest\u00f3: \u00abControl: es una marca que est\u00e1 destinada a atraer al p\u00fablico m\u00e1s joven y a Mariah y Will Smith no atraen a ese grupo demogr\u00e1fico\u00bb.<\/p>\n<p>El Express ha contactado a Capital para un comentario.<\/p>\n<\/div>\n\n","protected":false},"excerpt":{"rendered":"<p>Capital FM ha presentado la alineaci\u00f3n repleta de estrellas para el bal\u00f3n de verano de este a\u00f1o, con nombres como Benson Boone, Busted vs McFly y Rita Ora. Pero los dos principales carteles del evento han dejado a algunos fan\u00e1ticos decepcionados. La extravagancia musical de un d\u00eda ser\u00e1 presentada por Jordan North, Chris Stark y &hellip;<\/p>\n","protected":false},"author":1,"featured_media":25222,"comment_status":"open","ping_status":"open","sticky":false,"template":"","format":"standard","meta":{"fifu_image_url":"https:\/\/cdn.images.express.co.uk\/img\/dynamic\/79\/1200x630\/6130582.jpg","fifu_image_alt":"","footnotes":""},"categories":[766],"tags":[],"class_list":["post-25221","post","type-post","status-publish","format-standard","has-post-thumbnail","","category-musica"],"_links":{"self":[{"href":"https:\/\/noticiasveraces.com\/index.php?rest_route=\/wp\/v2\/posts\/25221","targetHints":{"allow":["GET"]}}],"collection":[{"href":"https:\/\/noticiasveraces.com\/index.php?rest_route=\/wp\/v2\/posts"}],"about":[{"href":"https:\/\/noticiasveraces.com\/index.php?rest_route=\/wp\/v2\/types\/post"}],"author":[{"embeddable":true,"href":"https:\/\/noticiasveraces.com\/index.php?rest_route=\/wp\/v2\/users\/1"}],"replies":[{"embeddable":true,"href":"https:\/\/noticiasveraces.com\/index.php?rest_route=%2Fwp%2Fv2%2Fcomments&post=25221"}],"version-history":[{"count":0,"href":"https:\/\/noticiasveraces.com\/index.php?rest_route=\/wp\/v2\/posts\/25221\/revisions"}],"wp:featuredmedia":[{"embeddable":true,"href":"https:\/\/noticiasveraces.com\/index.php?rest_route=\/wp\/v2\/media\/25222"}],"wp:attachment":[{"href":"https:\/\/noticiasveraces.com\/index.php?rest_route=%2Fwp%2Fv2%2Fmedia&parent=25221"}],"wp:term":[{"taxonomy":"category","embeddable":true,"href":"https:\/\/noticiasveraces.com\/index.php?rest_route=%2Fwp%2Fv2%2Fcategories&post=25221"},{"taxonomy":"post_tag","embeddable":true,"href":"https:\/\/noticiasveraces.com\/index.php?rest_route=%2Fwp%2Fv2%2Ftags&post=25221"}],"curies":[{"name":"wp","href":"https:\/\/api.w.org\/{rel}","templated":true}]}}