{"id":25216,"date":"2025-04-30T14:46:18","date_gmt":"2025-04-30T18:46:18","guid":{"rendered":"https:\/\/noticiasveraces.com\/?p=25216"},"modified":"2025-04-30T14:46:18","modified_gmt":"2025-04-30T18:46:18","slug":"onu-watch-insta-a-rubio-a-sancionar-pro-hamas-special-reportero-albanese","status":"publish","type":"post","link":"https:\/\/noticiasveraces.com\/?p=25216","title":{"rendered":"ONU Watch insta a Rubio a sancionar &#8216;pro-hamas&#8217; special reportero Albanese"},"content":{"rendered":"<p> \n<\/p>\n<div>\n<p class=\"speakable\"><strong>EXCLUSIVO &#8211; <\/strong>Una organizaci\u00f3n de vigilancia de las Naciones Unidas est\u00e1 pidiendo al Secretario de Estado Marco Rubio que tome medidas contra un designado del organismo internacional cuyo segundo mandato comenzar\u00e1 el 1 de mayo.<\/p>\n<p class=\"speakable\">En una carta a Rubio, el director ejecutivo de la ONU Watch, Hillel Neuer, argumenta que el gobierno de los Estados Unidos deber\u00eda sancionar y negar la entrada y las visas a Francesca Albanese, el relator especial de la ONU en los territorios palestinos ocupados. Adem\u00e1s, pidi\u00f3 que Albanese fuera despojado de inmunidad diplom\u00e1tica.<\/p>\n<p>Neuer describe a Albanese en su carta como \u00abpro-Hamas\u00bb y dice que su reelecci\u00f3n se hizo \u00abilegalmente\u00bb.<\/p>\n<div class=\"image-ct inline\">\n<div class=\"m\"><picture><source media=\"(max-width: 767px)\" srcset=\"https:\/\/a57.foxnews.com\/static.foxnews.com\/foxnews.com\/content\/uploads\/2025\/03\/343\/192\/francesca-albanese.jpg?ve=1&amp;tl=1, https:\/\/a57.foxnews.com\/static.foxnews.com\/foxnews.com\/content\/uploads\/2025\/03\/686\/384\/francesca-albanese.jpg?ve=1&amp;tl=1 2x\" height=\"192\" width=\"343\"><source media=\"(min-width: 768px) and (max-width: 1023px)\" srcset=\"https:\/\/a57.foxnews.com\/static.foxnews.com\/foxnews.com\/content\/uploads\/2025\/03\/672\/378\/francesca-albanese.jpg?ve=1&amp;tl=1, https:\/\/a57.foxnews.com\/static.foxnews.com\/foxnews.com\/content\/uploads\/2025\/03\/1344\/756\/francesca-albanese.jpg?ve=1&amp;tl=1 2x\" height=\"378\" width=\"672\"><source media=\"(min-width: 1024px) and (max-width: 1279px)\" srcset=\"https:\/\/a57.foxnews.com\/static.foxnews.com\/foxnews.com\/content\/uploads\/2025\/03\/931\/523\/francesca-albanese.jpg?ve=1&amp;tl=1, https:\/\/a57.foxnews.com\/static.foxnews.com\/foxnews.com\/content\/uploads\/2025\/03\/1862\/1046\/francesca-albanese.jpg?ve=1&amp;tl=1 2x\" height=\"523\" width=\"931\"><source media=\"(min-width: 1280px)\" srcset=\"https:\/\/a57.foxnews.com\/static.foxnews.com\/foxnews.com\/content\/uploads\/2025\/03\/720\/405\/francesca-albanese.jpg?ve=1&amp;tl=1, https:\/\/a57.foxnews.com\/static.foxnews.com\/foxnews.com\/content\/uploads\/2025\/03\/1440\/810\/francesca-albanese.jpg?ve=1&amp;tl=1 2x\" height=\"405\" width=\"720\"><img loading=\"lazy\" decoding=\"async\" src=\"https:\/\/a57.foxnews.com\/static.foxnews.com\/foxnews.com\/content\/uploads\/2025\/03\/1200\/675\/francesca-albanese.jpg?ve=1&amp;tl=1\" alt=\"Relator especial de la ONU para los territorios palestinos ocupados Francesca Albanese\" width=\"1200\" height=\"675\"\/><\/source><\/source><\/source><\/source><\/picture><\/div>\n<div class=\"info\">\n<div class=\"caption\">\n<p><span>El relator especial de la ONU para los territorios palestinos ocupados, Francesca Albanese, ofrece una conferencia de prensa en la ciudad de las Naciones Unidas en Copenhague, Dinamarca, el 5 de febrero de 2025.<\/span> <span>(Ritzau Scanpix\/Ida Marie Odgaard a trav\u00e9s de Reuters)<\/span><\/p>\n<\/div>\n<\/div>\n<\/div>\n<p><strong>ONU oficial reelegido a pesar de las acusaciones de antisemitismo<\/strong><\/p>\n<p>\u00abSu supuesta reelecci\u00f3n este mes se llev\u00f3 a cabo ilegalmente en violaci\u00f3n de las reglas expresas de la ONU que requieren una investigaci\u00f3n de su mala conducta, lo que hace que su t\u00e9rmino renovaci\u00f3n sea nulo y nulo\u00bb, escribi\u00f3 Neuer.<\/p>\n<p>Cuando habl\u00f3 con Fox News Digital, Neuer se\u00f1al\u00f3 la reciente decisi\u00f3n del Departamento de Justicia de permitir demandas contra la UNRWA (Agencia de Alivio y Obras de las Naciones Unidas para Palestina) como evidencia de que Rubio tiene la capacidad de actuar contra Albanese.<\/p>\n<p>Neuer argument\u00f3 que Estados Unidos deber\u00eda actuar usando un principio similar al utilizado en los casos contra los agitadores antiisrael\u00edes, como Mahmoud Khalil. Tambi\u00e9n escribi\u00f3 que \u00abel abuso de Albanese de una plataforma global para difundir el odio y legitimar el terrorismo exige una respuesta inequ\u00edvoca\u00bb.<\/p>\n<p>\u00abLegalmente, est\u00e1 muy claro para m\u00ed: sol\u00eda ser un abogado en Manhattan para una de las principales firmas de abogados en los Estados Unidos, est\u00e1 claro estar en cualquier tribunal adecuado de este tipo de fraude en negligencia procesal, lo que no ser\u00eda designado por la ONU\u00bb, dijo Neuer News Digital.<\/p>\n<div class=\"image-ct inline\">\n<div class=\"m\"><picture><source media=\"(max-width: 767px)\" srcset=\"https:\/\/a57.foxnews.com\/static.foxnews.com\/foxnews.com\/content\/uploads\/2024\/06\/343\/192\/GettyImages-2152045973.jpg?ve=1&amp;tl=1, https:\/\/a57.foxnews.com\/static.foxnews.com\/foxnews.com\/content\/uploads\/2024\/06\/686\/384\/GettyImages-2152045973.jpg?ve=1&amp;tl=1 2x\" height=\"192\" width=\"343\"><source media=\"(min-width: 768px) and (max-width: 1023px)\" srcset=\"https:\/\/a57.foxnews.com\/static.foxnews.com\/foxnews.com\/content\/uploads\/2024\/06\/672\/378\/GettyImages-2152045973.jpg?ve=1&amp;tl=1, https:\/\/a57.foxnews.com\/static.foxnews.com\/foxnews.com\/content\/uploads\/2024\/06\/1344\/756\/GettyImages-2152045973.jpg?ve=1&amp;tl=1 2x\" height=\"378\" width=\"672\"><source media=\"(min-width: 1024px) and (max-width: 1279px)\" srcset=\"https:\/\/a57.foxnews.com\/static.foxnews.com\/foxnews.com\/content\/uploads\/2024\/06\/931\/523\/GettyImages-2152045973.jpg?ve=1&amp;tl=1, https:\/\/a57.foxnews.com\/static.foxnews.com\/foxnews.com\/content\/uploads\/2024\/06\/1862\/1046\/GettyImages-2152045973.jpg?ve=1&amp;tl=1 2x\" height=\"523\" width=\"931\"><source media=\"(min-width: 1280px)\" srcset=\"https:\/\/a57.foxnews.com\/static.foxnews.com\/foxnews.com\/content\/uploads\/2024\/06\/720\/405\/GettyImages-2152045973.jpg?ve=1&amp;tl=1, https:\/\/a57.foxnews.com\/static.foxnews.com\/foxnews.com\/content\/uploads\/2024\/06\/1440\/810\/GettyImages-2152045973.jpg?ve=1&amp;tl=1 2x\" height=\"405\" width=\"720\"><img loading=\"lazy\" decoding=\"async\" src=\"https:\/\/a57.foxnews.com\/static.foxnews.com\/foxnews.com\/content\/uploads\/2024\/06\/1200\/675\/GettyImages-2152045973.jpg?ve=1&amp;tl=1\" alt=\"Controvertido oficial de la ONU\" width=\"1200\" height=\"675\"\/><\/source><\/source><\/source><\/source><\/picture><\/div>\n<div class=\"info\">\n<div class=\"caption\">\n<p><span>Rapportero especial de la ONU en los territorios palestinos, Francesca Albanese, asiste al Foro Social Magreb-Mashreq en T\u00fanez, T\u00fanez el 11 de mayo de 2024.<\/span> <span>(Mohamed Mdalla\/Anadolu a trav\u00e9s de Getty Images)<\/span><\/p>\n<\/div>\n<\/div>\n<\/div>\n<p><strong>Abogados de Columbia Anti-Israel Mahmoud Khalil BLAST RUBIO CARTA DE EST\u00c1MENES: \u00abDos p\u00e1ginas, eso es todo\u00bb<\/strong><\/p>\n<p>Cuando se le pregunt\u00f3 sobre la carta de Un Watch, Pascal Sim, portavoz del Consejo de Derechos Humanos de la ONU, dijo a Fox News Digital que \u00abFrancesca Albanese, Relator Especial sobre la situaci\u00f3n de los derechos humanos en los territorios palestinos ocupados desde 1967 (un mandato de pa\u00eds), fue nombrado por el Consejo de Derechos Humanos el 1 de abril de 2022, que fue la \u00faltima sesi\u00f3n de la 49. El principio de \u00abno m\u00e1s de seis a\u00f1os\u00bb, puede servir como un rapporto especial hasta el 30 de abril de 2028 \u00ab.<\/p>\n<p>SIM tambi\u00e9n afirm\u00f3 que \u00aben ning\u00fan momento el Consejo de Derechos Humanos, de cualquier manera formal o informal, ha sido llamado a &#8216;reelegir&#8217; o &#8216;renovar&#8217; cualquier procedimiento especial, el tenedor del mandato. Siempre que el Consejo de Derechos Humanos nomine cualquier procedimiento especial del presente de mandato, lo hace con el conocimiento de que el Holder del mandato puede cumplir hasta seis a\u00f1os en esta funci\u00f3n\u00bb.<\/p>\n<div class=\"image-ct inline\">\n<div class=\"m\"><picture><source media=\"(max-width: 767px)\" srcset=\"https:\/\/a57.foxnews.com\/static.foxnews.com\/foxnews.com\/content\/uploads\/2025\/04\/343\/192\/francesca-albanese-1.jpg?ve=1&amp;tl=1, https:\/\/a57.foxnews.com\/static.foxnews.com\/foxnews.com\/content\/uploads\/2025\/04\/686\/384\/francesca-albanese-1.jpg?ve=1&amp;tl=1 2x\" height=\"192\" width=\"343\"><source media=\"(min-width: 768px) and (max-width: 1023px)\" srcset=\"https:\/\/a57.foxnews.com\/static.foxnews.com\/foxnews.com\/content\/uploads\/2025\/04\/672\/378\/francesca-albanese-1.jpg?ve=1&amp;tl=1, https:\/\/a57.foxnews.com\/static.foxnews.com\/foxnews.com\/content\/uploads\/2025\/04\/1344\/756\/francesca-albanese-1.jpg?ve=1&amp;tl=1 2x\" height=\"378\" width=\"672\"><source media=\"(min-width: 1024px) and (max-width: 1279px)\" srcset=\"https:\/\/a57.foxnews.com\/static.foxnews.com\/foxnews.com\/content\/uploads\/2025\/04\/931\/523\/francesca-albanese-1.jpg?ve=1&amp;tl=1, https:\/\/a57.foxnews.com\/static.foxnews.com\/foxnews.com\/content\/uploads\/2025\/04\/1862\/1046\/francesca-albanese-1.jpg?ve=1&amp;tl=1 2x\" height=\"523\" width=\"931\"><source media=\"(min-width: 1280px)\" srcset=\"https:\/\/a57.foxnews.com\/static.foxnews.com\/foxnews.com\/content\/uploads\/2025\/04\/720\/405\/francesca-albanese-1.jpg?ve=1&amp;tl=1, https:\/\/a57.foxnews.com\/static.foxnews.com\/foxnews.com\/content\/uploads\/2025\/04\/1440\/810\/francesca-albanese-1.jpg?ve=1&amp;tl=1 2x\" height=\"405\" width=\"720\"><img loading=\"lazy\" decoding=\"async\" src=\"https:\/\/a57.foxnews.com\/static.foxnews.com\/foxnews.com\/content\/uploads\/2025\/04\/1200\/675\/francesca-albanese-1.jpg?ve=1&amp;tl=1\" alt=\"Francesca Albanese\" width=\"1200\" height=\"675\"\/><\/source><\/source><\/source><\/source><\/picture><\/div>\n<div class=\"info\">\n<div class=\"caption\">\n<p><span>El relator especial sobre la situaci\u00f3n de los derechos humanos en el territorio palestino ocupado, Francesca Albanese, habla durante una conferencia de prensa en la sede europea de la ONU en Ginebra, Suiza, el 11 de diciembre de 2024.<\/span> <span>(Reuters\/Pierre Albouy)<\/span><\/p>\n<\/div>\n<\/div>\n<\/div>\n<p>A principios de este mes, cuando la ONU consideraba la reelecci\u00f3n de Albanese, el Representante del Comit\u00e9 de Asuntos Exteriores de la C\u00e1mara (HFAC), el representante Brian Mast, republicano de FLA, inst\u00f3 a la ONU a no permitir que pase. <\/p>\n<p>Mast argument\u00f3 en una carta al presidente del Consejo de Derechos Humanos de la ONU (UNHRC), J\u00fcrg Lauber, que Albanese \u00absin disculpas\u00bb us\u00f3 su papel en el cuerpo internacional para \u00abintentar legitimar los tropos antisemitas, mientras sirvi\u00f3 como apologista de Hamas\u00bb.<\/p>\n<p><strong><u>Haga clic aqu\u00ed para obtener la aplicaci\u00f3n Fox News<\/u><\/strong><\/p>\n<p>En el pasado, varios pa\u00edses, incluidos los Estados Unidos, han condenado a Albanese por sus comentarios. De hecho, la Liga Anti-Defamaci\u00f3n (ADL) ha compilado una lista de declaraciones antisemitas y antiisrael\u00ed hechas por Albanese a lo largo de los a\u00f1os. <\/p>\n<p>En octubre de 2024, mientras se desempe\u00f1aba como designado de la ONU, comparti\u00f3 una publicaci\u00f3n en X, llam\u00e1ndola \u00abobligada para las edades\u00bb. En el puesto, el periodista Chris Hedges afirm\u00f3 que el \u00abLobby de Israel compr\u00f3 y pag\u00f3 para el Congreso y los dos partidos gobernantes,\u00bb haciendo que las donaciones de campa\u00f1as de los sionistas \u00absean una barrera formidable para la paz\u00bb.<\/p>\n<p>Albanese tambi\u00e9n compar\u00f3 la guerra de Israel en Gaza con el Holocausto y, en agosto de 2024, calific\u00f3 la Franja de Gaza como un \u00abcampo de concentraci\u00f3n del siglo XXI\u00bb.<\/p>\n<p>Fox News Digital se comunic\u00f3 con Francesca Albanese y al Departamento de Estado para hacer comentarios sobre este informe, pero no recibi\u00f3 una respuesta a tiempo para su publicaci\u00f3n.<\/p>\n<p> <!----> <\/p>\n<div class=\"article-meta\">\n<div class=\"author-bio\">\n<p>Rachel Wolf es una escritora de noticias de Fox News Digital y Fox Business.<\/p>\n<\/div>\n<\/div>\n<\/div>\n\n","protected":false},"excerpt":{"rendered":"<p>EXCLUSIVO &#8211; Una organizaci\u00f3n de vigilancia de las Naciones Unidas est\u00e1 pidiendo al Secretario de Estado Marco Rubio que tome medidas contra un designado del organismo internacional cuyo segundo mandato comenzar\u00e1 el 1 de mayo. En una carta a Rubio, el director ejecutivo de la ONU Watch, Hillel Neuer, argumenta que el gobierno de los &hellip;<\/p>\n","protected":false},"author":1,"featured_media":25218,"comment_status":"open","ping_status":"open","sticky":false,"template":"","format":"standard","meta":{"fifu_image_url":"https:\/\/static.foxnews.com\/foxnews.com\/content\/uploads\/2024\/06\/GettyImages-2152045973.jpg","fifu_image_alt":"","footnotes":""},"categories":[13],"tags":[],"class_list":["post-25216","post","type-post","status-publish","format-standard","has-post-thumbnail","","category-mundo"],"_links":{"self":[{"href":"https:\/\/noticiasveraces.com\/index.php?rest_route=\/wp\/v2\/posts\/25216","targetHints":{"allow":["GET"]}}],"collection":[{"href":"https:\/\/noticiasveraces.com\/index.php?rest_route=\/wp\/v2\/posts"}],"about":[{"href":"https:\/\/noticiasveraces.com\/index.php?rest_route=\/wp\/v2\/types\/post"}],"author":[{"embeddable":true,"href":"https:\/\/noticiasveraces.com\/index.php?rest_route=\/wp\/v2\/users\/1"}],"replies":[{"embeddable":true,"href":"https:\/\/noticiasveraces.com\/index.php?rest_route=%2Fwp%2Fv2%2Fcomments&post=25216"}],"version-history":[{"count":0,"href":"https:\/\/noticiasveraces.com\/index.php?rest_route=\/wp\/v2\/posts\/25216\/revisions"}],"wp:featuredmedia":[{"embeddable":true,"href":"https:\/\/noticiasveraces.com\/index.php?rest_route=\/wp\/v2\/media\/25218"}],"wp:attachment":[{"href":"https:\/\/noticiasveraces.com\/index.php?rest_route=%2Fwp%2Fv2%2Fmedia&parent=25216"}],"wp:term":[{"taxonomy":"category","embeddable":true,"href":"https:\/\/noticiasveraces.com\/index.php?rest_route=%2Fwp%2Fv2%2Fcategories&post=25216"},{"taxonomy":"post_tag","embeddable":true,"href":"https:\/\/noticiasveraces.com\/index.php?rest_route=%2Fwp%2Fv2%2Ftags&post=25216"}],"curies":[{"name":"wp","href":"https:\/\/api.w.org\/{rel}","templated":true}]}}